{"id":20983,"date":"2023-09-01T16:36:29","date_gmt":"2023-09-01T16:36:29","guid":{"rendered":"https:\/\/www.salvatorianas.org.br\/blog\/?p=20983"},"modified":"2023-09-01T16:36:30","modified_gmt":"2023-09-01T16:36:30","slug":"rede-um-grito-pela-vida-2","status":"publish","type":"post","link":"https:\/\/www.salvatorianas.org.br\/blog\/rede-um-grito-pela-vida-2\/","title":{"rendered":"Rede um grito pela vida"},"content":{"rendered":"\n<p>Nos dias 29 e 30 de agosto de 2023, Ir. Wanderleia Dalla Costa, membro da Rede Um Grito pela Vida do n\u00facleo de Santa Catarina, esteve presente no Semin\u00e1rio Regional de Forma\u00e7\u00e3o de Multiplicadores para o enfrentamento do tr\u00e1fico de pessoas que aconteceu em Lages\/SC com a apresenta\u00e7\u00e3o da cartilha \u201cNas Trilhas do Enfrentamento ao Tr\u00e1fico de Pessoas, pontuando dados gerais e do Estado, bem como orienta\u00e7\u00f5es pastorais para o enfrentamento desta tem\u00e1tica. O\u00a0semin\u00e1rio organizado pelas pastorais Sociais da CNBB Sul 4 contou com a assessoria de Br\u00edgida R. dos Santos, Comiss\u00e3o Pastoral da Terra, e de Francisco Alan Lima, Comiss\u00e3o Enfrentamento Tr\u00e1fico Humano, da CNBB.<\/p>\n\n\n\n<figure class=\"wp-block-gallery has-nested-images columns-default is-cropped wp-block-gallery-1 is-layout-flex\">\n<figure class=\"wp-block-image size-large\"><img decoding=\"async\" loading=\"lazy\" width=\"1024\" height=\"683\" data-id=\"20988\"  src=\"https:\/\/www.salvatorianas.org.br\/blog\/wp-content\/uploads\/2023\/09\/Jaison-Alves-da-Silva-75-1024x683.jpg\" alt=\"\" class=\"wp-image-20988\" srcset=\"https:\/\/www.salvatorianas.org.br\/blog\/wp-content\/uploads\/2023\/09\/Jaison-Alves-da-Silva-75-1024x683.jpg 1024w, https:\/\/www.salvatorianas.org.br\/blog\/wp-content\/uploads\/2023\/09\/Jaison-Alves-da-Silva-75-300x200.jpg 300w, https:\/\/www.salvatorianas.org.br\/blog\/wp-content\/uploads\/2023\/09\/Jaison-Alves-da-Silva-75-768x512.jpg 768w, https:\/\/www.salvatorianas.org.br\/blog\/wp-content\/uploads\/2023\/09\/Jaison-Alves-da-Silva-75-1536x1024.jpg 1536w, https:\/\/www.salvatorianas.org.br\/blog\/wp-content\/uploads\/2023\/09\/Jaison-Alves-da-Silva-75-2048x1365.jpg 2048w\" sizes=\"(max-width: 1024px) 100vw, 1024px\" \/><\/figure>\n\n\n\n<figure class=\"wp-block-image size-large\"><img decoding=\"async\" loading=\"lazy\" width=\"1024\" height=\"461\" data-id=\"20984\"  src=\"https:\/\/www.salvatorianas.org.br\/blog\/wp-content\/uploads\/2023\/09\/Rede-2-1024x461.jpeg\" alt=\"\" class=\"wp-image-20984\" srcset=\"https:\/\/www.salvatorianas.org.br\/blog\/wp-content\/uploads\/2023\/09\/Rede-2-1024x461.jpeg 1024w, https:\/\/www.salvatorianas.org.br\/blog\/wp-content\/uploads\/2023\/09\/Rede-2-300x135.jpeg 300w, https:\/\/www.salvatorianas.org.br\/blog\/wp-content\/uploads\/2023\/09\/Rede-2-768x346.jpeg 768w, https:\/\/www.salvatorianas.org.br\/blog\/wp-content\/uploads\/2023\/09\/Rede-2-1536x692.jpeg 1536w, https:\/\/www.salvatorianas.org.br\/blog\/wp-content\/uploads\/2023\/09\/Rede-2.jpeg 1600w\" sizes=\"(max-width: 1024px) 100vw, 1024px\" \/><\/figure>\n\n\n\n<figure class=\"wp-block-image size-large\"><img decoding=\"async\" loading=\"lazy\" width=\"1024\" height=\"577\" data-id=\"20986\"  src=\"https:\/\/www.salvatorianas.org.br\/blog\/wp-content\/uploads\/2023\/09\/372840119_627810449493573_352694256864939586_n-1024x577.jpg\" alt=\"\" class=\"wp-image-20986\" srcset=\"https:\/\/www.salvatorianas.org.br\/blog\/wp-content\/uploads\/2023\/09\/372840119_627810449493573_352694256864939586_n-1024x577.jpg 1024w, https:\/\/www.salvatorianas.org.br\/blog\/wp-content\/uploads\/2023\/09\/372840119_627810449493573_352694256864939586_n-300x169.jpg 300w, https:\/\/www.salvatorianas.org.br\/blog\/wp-content\/uploads\/2023\/09\/372840119_627810449493573_352694256864939586_n-768x432.jpg 768w, https:\/\/www.salvatorianas.org.br\/blog\/wp-content\/uploads\/2023\/09\/372840119_627810449493573_352694256864939586_n-1536x865.jpg 1536w, https:\/\/www.salvatorianas.org.br\/blog\/wp-content\/uploads\/2023\/09\/372840119_627810449493573_352694256864939586_n.jpg 2048w\" sizes=\"(max-width: 1024px) 100vw, 1024px\" \/><\/figure>\n\n\n\n<figure class=\"wp-block-image size-large\"><img decoding=\"async\" loading=\"lazy\" width=\"1024\" height=\"683\" data-id=\"20987\"  src=\"https:\/\/www.salvatorianas.org.br\/blog\/wp-content\/uploads\/2023\/09\/372838773_627810776160207_8140682447779534084_n-1024x683.jpg\" alt=\"\" class=\"wp-image-20987\" srcset=\"https:\/\/www.salvatorianas.org.br\/blog\/wp-content\/uploads\/2023\/09\/372838773_627810776160207_8140682447779534084_n-1024x683.jpg 1024w, https:\/\/www.salvatorianas.org.br\/blog\/wp-content\/uploads\/2023\/09\/372838773_627810776160207_8140682447779534084_n-300x200.jpg 300w, https:\/\/www.salvatorianas.org.br\/blog\/wp-content\/uploads\/2023\/09\/372838773_627810776160207_8140682447779534084_n-768x512.jpg 768w, https:\/\/www.salvatorianas.org.br\/blog\/wp-content\/uploads\/2023\/09\/372838773_627810776160207_8140682447779534084_n-1536x1024.jpg 1536w, https:\/\/www.salvatorianas.org.br\/blog\/wp-content\/uploads\/2023\/09\/372838773_627810776160207_8140682447779534084_n.jpg 2048w\" sizes=\"(max-width: 1024px) 100vw, 1024px\" \/><\/figure>\n\n\n\n<figure class=\"wp-block-image size-large\"><img decoding=\"async\" loading=\"lazy\" width=\"1024\" height=\"576\" data-id=\"20985\"  src=\"https:\/\/www.salvatorianas.org.br\/blog\/wp-content\/uploads\/2023\/09\/367445185_669051161918430_2260659905304570397_n-1024x576.jpg\" alt=\"\" class=\"wp-image-20985\" srcset=\"https:\/\/www.salvatorianas.org.br\/blog\/wp-content\/uploads\/2023\/09\/367445185_669051161918430_2260659905304570397_n-1024x576.jpg 1024w, https:\/\/www.salvatorianas.org.br\/blog\/wp-content\/uploads\/2023\/09\/367445185_669051161918430_2260659905304570397_n-300x169.jpg 300w, https:\/\/www.salvatorianas.org.br\/blog\/wp-content\/uploads\/2023\/09\/367445185_669051161918430_2260659905304570397_n-768x432.jpg 768w, https:\/\/www.salvatorianas.org.br\/blog\/wp-content\/uploads\/2023\/09\/367445185_669051161918430_2260659905304570397_n-1536x864.jpg 1536w, https:\/\/www.salvatorianas.org.br\/blog\/wp-content\/uploads\/2023\/09\/367445185_669051161918430_2260659905304570397_n.jpg 1600w\" sizes=\"(max-width: 1024px) 100vw, 1024px\" \/><\/figure>\n<\/figure>\n\n\n\n<p>Fotos: Jaison Alves da Silva e outros<\/p>\n","protected":false},"excerpt":{"rendered":"<p>Nos dias 29 e 30 de agosto de 2023, Ir. Wanderleia Dalla Costa, membro da Rede Um Grito pela Vida do n\u00facleo de Santa Catarina, esteve presente no Semin\u00e1rio Regional de Forma\u00e7\u00e3o de&#8230;<\/p>\n","protected":false},"author":2,"featured_media":20986,"comment_status":"open","ping_status":"open","sticky":false,"template":"","format":"standard","meta":[],"categories":[1],"tags":[],"_links":{"self":[{"href":"https:\/\/www.salvatorianas.org.br\/blog\/wp-json\/wp\/v2\/posts\/20983"}],"collection":[{"href":"https:\/\/www.salvatorianas.org.br\/blog\/wp-json\/wp\/v2\/posts"}],"about":[{"href":"https:\/\/www.salvatorianas.org.br\/blog\/wp-json\/wp\/v2\/types\/post"}],"author":[{"embeddable":true,"href":"https:\/\/www.salvatorianas.org.br\/blog\/wp-json\/wp\/v2\/users\/2"}],"replies":[{"embeddable":true,"href":"https:\/\/www.salvatorianas.org.br\/blog\/wp-json\/wp\/v2\/comments?post=20983"}],"version-history":[{"count":1,"href":"https:\/\/www.salvatorianas.org.br\/blog\/wp-json\/wp\/v2\/posts\/20983\/revisions"}],"predecessor-version":[{"id":20989,"href":"https:\/\/www.salvatorianas.org.br\/blog\/wp-json\/wp\/v2\/posts\/20983\/revisions\/20989"}],"wp:featuredmedia":[{"embeddable":true,"href":"https:\/\/www.salvatorianas.org.br\/blog\/wp-json\/wp\/v2\/media\/20986"}],"wp:attachment":[{"href":"https:\/\/www.salvatorianas.org.br\/blog\/wp-json\/wp\/v2\/media?parent=20983"}],"wp:term":[{"taxonomy":"category","embeddable":true,"href":"https:\/\/www.salvatorianas.org.br\/blog\/wp-json\/wp\/v2\/categories?post=20983"},{"taxonomy":"post_tag","embeddable":true,"href":"https:\/\/www.salvatorianas.org.br\/blog\/wp-json\/wp\/v2\/tags?post=20983"}],"curies":[{"name":"wp","href":"https:\/\/api.w.org\/{rel}","templated":true}]}}