{"id":20977,"date":"2023-09-04T01:50:00","date_gmt":"2023-09-04T01:50:00","guid":{"rendered":"https:\/\/www.salvatorianas.org.br\/blog\/?p=20977"},"modified":"2023-08-28T17:51:20","modified_gmt":"2023-08-28T17:51:20","slug":"22a-semana-do-tempo-comum-ano-impar-i","status":"publish","type":"post","link":"https:\/\/www.salvatorianas.org.br\/blog\/22a-semana-do-tempo-comum-ano-impar-i\/","title":{"rendered":"22\u00aa Semana do Tempo Comum, Ano \u00cdmpar (I)"},"content":{"rendered":"\n<p>Tende compaix\u00e3o de mim, Senhor, clamo por v\u00f3s o dia inteiro; Senhor, sois bom e clemente, cheio de miseric\u00f3rdia para aqueles que vos invocam (Sl 85,3.5).<\/p>\n\n\n\n<p><em>Para o crist\u00e3o, a morte n\u00e3o \u00e9 separa\u00e7\u00e3o de Deus. N\u00f3s ressuscitaremos. Essa esperan\u00e7a nasce da ressurrei\u00e7\u00e3o de Cristo: conclu\u00edda nossa vida terrena, \u201cestaremos sempre com o Senhor\u201d. A liturgia nos convida a viver, desde agora, unidos a Cristo e a seu projeto de liberta\u00e7\u00e3o.<\/em><\/p>\n\n\n\n<p>Primeira Leitura:&nbsp;<strong>1 Tessalonicenses 4,13-18<\/strong><\/p>\n\n\n\n<p>Leitura da primeira carta de S\u00e3o Paulo aos Tessalonicenses \u2013&nbsp;<sup>13<\/sup>Irm\u00e3os, n\u00e3o queremos deixar-vos na incerteza a respeito dos mortos, para que n\u00e3o fiqueis tristes como os outros, que n\u00e3o t\u00eam esperan\u00e7a.&nbsp;<sup>14<\/sup>Se Jesus morreu e ressuscitou \u2013 e esta \u00e9 nossa f\u00e9 -, de modo semelhante Deus trar\u00e1 de volta, com Cristo, os que atrav\u00e9s dele entraram no sono da morte.&nbsp;<sup>15<\/sup>Isto vos declaramos, segundo a palavra do Senhor: n\u00f3s que formos deixados com vida para a vinda do Senhor n\u00e3o levaremos vantagem em rela\u00e7\u00e3o aos que morreram.&nbsp;<sup>16<\/sup>Pois o Senhor mesmo, quando for dada a ordem, \u00e0 voz do arcanjo e ao som da trombeta, descer\u00e1 do c\u00e9u, e os que morreram em Cristo ressuscitar\u00e3o primeiro.&nbsp;<sup>17<\/sup>Em seguida, n\u00f3s que formos deixados com vida seremos arrebatados com eles nas nuvens, para o encontro com o Senhor nos ares. E assim estaremos sempre com o Senhor.&nbsp;<sup>18<\/sup>Exortai-vos, pois, uns aos outros com estas palavras. \u2013 Palavra do Senhor.<\/p>\n\n\n\n<p>Salmo Responsorial:&nbsp;<strong>95(96)<\/strong><\/p>\n\n\n\n<p><em><strong>O Senhor vem julgar nossa terra.<\/strong><\/em><\/p>\n\n\n\n<p>1. Cantai ao Senhor Deus um canto novo,&nbsp;\u2020&nbsp;manifestai a sua gl\u00f3ria entre as na\u00e7\u00f5es&nbsp;\/&nbsp;e, entre os povos do universo, seus prod\u00edgios!&nbsp;\u2013 R.<\/p>\n\n\n\n<p>2. Pois Deus \u00e9 grande e muito digno de louvor,&nbsp;\/&nbsp;\u00e9 mais terr\u00edvel e maior que os outros deuses;&nbsp;\/&nbsp;porque um nada s\u00e3o os deuses dos pag\u00e3os.&nbsp;\/&nbsp;Foi o Senhor e nosso Deus quem fez os c\u00e9us.&nbsp;\u2013 R.<\/p>\n\n\n\n<p>3. O c\u00e9u se rejubile e exulte a terra,&nbsp;\/&nbsp;aplauda o mar com o que vive em suas \u00e1guas;&nbsp;\/&nbsp;os campos com seus frutos rejubilem&nbsp;\/&nbsp;e exultem as florestas e as matas.&nbsp;\u2013 R.<\/p>\n\n\n\n<p>4. Na presen\u00e7a do Senhor, pois ele vem,&nbsp;\/&nbsp;porque vem para julgar a terra inteira.&nbsp;\/&nbsp;Governar\u00e1 o mundo todo com justi\u00e7a&nbsp;\/&nbsp;e os povos julgar\u00e1 com lealdade.&nbsp;\u2013 R.<\/p>\n\n\n\n<p>Evangelho:&nbsp;<strong>Lucas 4,16-30<\/strong><\/p>\n\n\n\n<p><strong><em>Aleluia, aleluia, aleluia.<\/em><\/strong><\/p>\n\n\n\n<p><strong>O Esp\u00edrito do Senhor repousa sobre mim&nbsp;\/&nbsp;e enviou-me a anunciar aos pobres o Evangelho (Lc 4,18).&nbsp;\u2013 R.<\/strong><\/p>\n\n\n\n<p>Proclama\u00e7\u00e3o do Evangelho de Jesus Cristo segundo Lucas \u2013 Naquele tempo,&nbsp;<sup>16<\/sup>veio Jesus \u00e0 cidade de Nazar\u00e9, onde se tinha criado. Conforme seu costume, entrou na sinagoga no s\u00e1bado e levantou-se para fazer a leitura.&nbsp;<sup>17<\/sup>Deram-lhe o livro do profeta Isa\u00edas. Abrindo o livro, Jesus achou a passagem em que est\u00e1 escrito:&nbsp;<sup>18<\/sup>\u201cO Esp\u00edrito do Senhor est\u00e1 sobre mim, porque ele me consagrou com a un\u00e7\u00e3o para anunciar a Boa-nova aos pobres; enviou-me para proclamar a liberta\u00e7\u00e3o aos cativos e aos cegos a recupera\u00e7\u00e3o da vista; para libertar os oprimidos&nbsp;<sup>19<\/sup>e para proclamar um ano da gra\u00e7a do Senhor\u201d.&nbsp;<sup>20<\/sup>Depois fechou o livro, entregou-o ao ajudante e sentou-se. Todos os que estavam na sinagoga tinham os olhos fixos nele.&nbsp;<sup>21<\/sup>Ent\u00e3o come\u00e7ou a dizer-lhes: \u201cHoje se cumpriu esta passagem da Escritura que acabastes de ouvir\u201d.&nbsp;<sup>22<\/sup>Todos davam testemunho a seu respeito, admirados com as palavras cheias de encanto que sa\u00edam da sua boca. E diziam: \u201cN\u00e3o \u00e9 este o filho de Jos\u00e9?\u201d&nbsp;<sup>23<\/sup>Jesus, por\u00e9m, disse: \u201cSem d\u00favida, v\u00f3s me repetireis o prov\u00e9rbio: M\u00e9dico, cura-te a ti mesmo. Faze tamb\u00e9m aqui, em tua terra, tudo o que ouvimos dizer que fizeste em Cafarnaum\u201d.&nbsp;<sup>24<\/sup>E acrescentou: \u201cEm verdade eu vos digo que nenhum profeta \u00e9 bem recebido em sua p\u00e1tria.&nbsp;<sup>25<\/sup>De fato, eu vos digo, no tempo do profeta Elias, quando n\u00e3o choveu durante tr\u00eas anos e seis meses e houve grande fome em toda a regi\u00e3o, havia muitas vi\u00favas em Israel.&nbsp;<sup>26<\/sup>No entanto, a nenhuma delas foi enviado Elias, sen\u00e3o a uma vi\u00fava que vivia em Sarepta, na Sid\u00f4nia.&nbsp;<sup>27<\/sup>E no tempo do profeta Eliseu havia muitos leprosos em Israel. Contudo, nenhum deles foi curado, mas sim Naam\u00e3, o s\u00edrio\u201d.&nbsp;<sup>28<\/sup>Quando ouviram essas palavras de Jesus, todos na sinagoga ficaram furiosos.&nbsp;<sup>29<\/sup>Levantaram-se e o expulsaram da cidade. Levaram-no at\u00e9 o alto do monte sobre o qual a cidade estava constru\u00edda com a inten\u00e7\u00e3o de lan\u00e7\u00e1-lo no precip\u00edcio.&nbsp;<sup>30<\/sup>Jesus, por\u00e9m, passando pelo meio deles, continuou o seu caminho. \u2013 Palavra da salva\u00e7\u00e3o.<\/p>\n\n\n\n<p>Reflex\u00e3o:<\/p>\n\n\n\n<p><em>Jesus apresenta-se na sinagoga de Nazar\u00e9, onde fora criado. Diante da assembleia, l\u00ea um trecho de Isa\u00edas referente ao Messias, e, fechando o livro, arremata: \u201cHoje se cumpriu essa passagem da Escritura que voc\u00eas acabam de ouvir\u201d. Este \u00e9 o projeto de vida, esta \u00e9 a miss\u00e3o de Jesus, ou seja, dedicar-se inteiramente aos mais pobres e sofredores. Pelo poder do Esp\u00edrito Santo, Jesus vem libertar da opress\u00e3o o povo e criar condi\u00e7\u00f5es para que tenha vida abundante. Os nazarenos reagem primeiramente com admira\u00e7\u00e3o, mas passam em seguida \u00e0 desconfian\u00e7a. Finalmente, presos a categorias humanas (\u201cfilho de Jos\u00e9\u201d) e incapazes de dar o salto da f\u00e9, ficam furiosos, expulsam-no da cidade e tentam jog\u00e1-lo no precip\u00edcio. Jesus, por\u00e9m, \u201cpassando pelo meio deles, seguia seu caminho\u201d. Sua miss\u00e3o estava apenas come\u00e7ando.<\/em><\/p>\n","protected":false},"excerpt":{"rendered":"<p>Tende compaix\u00e3o de mim, Senhor, clamo por v\u00f3s o dia inteiro; Senhor, sois bom e clemente, cheio de miseric\u00f3rdia para aqueles que vos invocam (Sl 85,3.5). Para o crist\u00e3o, a morte n\u00e3o \u00e9&#8230;<\/p>\n","protected":false},"author":2,"featured_media":20978,"comment_status":"open","ping_status":"open","sticky":false,"template":"","format":"standard","meta":[],"categories":[7],"tags":[],"_links":{"self":[{"href":"https:\/\/www.salvatorianas.org.br\/blog\/wp-json\/wp\/v2\/posts\/20977"}],"collection":[{"href":"https:\/\/www.salvatorianas.org.br\/blog\/wp-json\/wp\/v2\/posts"}],"about":[{"href":"https:\/\/www.salvatorianas.org.br\/blog\/wp-json\/wp\/v2\/types\/post"}],"author":[{"embeddable":true,"href":"https:\/\/www.salvatorianas.org.br\/blog\/wp-json\/wp\/v2\/users\/2"}],"replies":[{"embeddable":true,"href":"https:\/\/www.salvatorianas.org.br\/blog\/wp-json\/wp\/v2\/comments?post=20977"}],"version-history":[{"count":1,"href":"https:\/\/www.salvatorianas.org.br\/blog\/wp-json\/wp\/v2\/posts\/20977\/revisions"}],"predecessor-version":[{"id":20979,"href":"https:\/\/www.salvatorianas.org.br\/blog\/wp-json\/wp\/v2\/posts\/20977\/revisions\/20979"}],"wp:featuredmedia":[{"embeddable":true,"href":"https:\/\/www.salvatorianas.org.br\/blog\/wp-json\/wp\/v2\/media\/20978"}],"wp:attachment":[{"href":"https:\/\/www.salvatorianas.org.br\/blog\/wp-json\/wp\/v2\/media?parent=20977"}],"wp:term":[{"taxonomy":"category","embeddable":true,"href":"https:\/\/www.salvatorianas.org.br\/blog\/wp-json\/wp\/v2\/categories?post=20977"},{"taxonomy":"post_tag","embeddable":true,"href":"https:\/\/www.salvatorianas.org.br\/blog\/wp-json\/wp\/v2\/tags?post=20977"}],"curies":[{"name":"wp","href":"https:\/\/api.w.org\/{rel}","templated":true}]}}