{"id":20973,"date":"2023-09-03T01:48:00","date_gmt":"2023-09-03T01:48:00","guid":{"rendered":"https:\/\/www.salvatorianas.org.br\/blog\/?p=20973"},"modified":"2023-08-28T17:49:21","modified_gmt":"2023-08-28T17:49:21","slug":"22o-domingo-do-tempo-comum-ano-a","status":"publish","type":"post","link":"https:\/\/www.salvatorianas.org.br\/blog\/22o-domingo-do-tempo-comum-ano-a\/","title":{"rendered":"22\u00ba Domingo do Tempo Comum, Ano A"},"content":{"rendered":"\n<p>Tende compaix\u00e3o de mim, Senhor, clamo por v\u00f3s o dia inteiro; Senhor, sois bom e clemente, cheio de miseric\u00f3rdia para aqueles que vos invocam (Sl 85,3.5).<\/p>\n\n\n\n<p><em>No encontro com Jesus, somos atra\u00eddos para a miss\u00e3o de testemunh\u00e1-lo, renunciando a tudo o que nos impede de segui-lo com fidelidade. Ele transforma nosso pensar e agir e nos ensina que ganhamos a vida quando a pomos a servi\u00e7o do seu Evangelho. A Palavra de Deus,<\/em>&nbsp;<em>\u00e0 qual dedicamos um carinho especial neste m\u00eas, ilumine nosso caminho sinodal de disc\u00edpulos e disc\u00edpulas de Cristo.<\/em><\/p>\n\n\n\n<p>Primeira Leitura:&nbsp;<strong>Jeremias 20,7-9<\/strong><\/p>\n\n\n\n<p>Leitura do livro do profeta Jeremias \u2013&nbsp;<sup>7<\/sup>Seduziste-me, Senhor, e deixei-me seduzir; foste mais forte, tiveste mais poder. Tornei-me alvo de irris\u00e3o o dia inteiro, todos zombam de mim.&nbsp;<sup>8<\/sup>Todas as vezes que falo, levanto a voz, clamando contra a maldade e invocando calamidades; a palavra do Senhor tornou-se para mim fonte de vergonha e de chacota o dia inteiro.&nbsp;<sup>9<\/sup>Disse comigo: \u201cN\u00e3o quero mais lembrar-me disso nem falar mais em nome dele\u201d. Senti, ent\u00e3o, dentro de mim um fogo ardente a penetrar-me o corpo todo: desfaleci, sem for\u00e7as para suportar. \u2013 Palavra do Senhor.<\/p>\n\n\n\n<p>Salmo Responsorial:&nbsp;<strong>62(63)<\/strong><\/p>\n\n\n\n<p><em><strong>A minha alma tem sede de v\u00f3s&nbsp;\/&nbsp;como a terra sedenta, \u00f3 meu Deus!<\/strong><\/em><\/p>\n\n\n\n<p>1. Sois v\u00f3s, \u00f3 Senhor, o meu Deus!&nbsp;\/&nbsp;Desde a aurora, ansioso vos busco!&nbsp;\/&nbsp;A minha alma tem sede de v\u00f3s,&nbsp;\u2020&nbsp;minha carne tamb\u00e9m vos deseja,&nbsp;\/&nbsp;como terra sedenta e sem \u00e1gua!&nbsp;\u2013 R.<\/p>\n\n\n\n<p>2. Venho, assim, contemplar-vos no templo,&nbsp;\/&nbsp;para ver vossa gl\u00f3ria e poder.&nbsp;\/&nbsp;Vosso amor vale mais do que a vida:&nbsp;\/&nbsp;e por isso meus l\u00e1bios vos louvam.&nbsp;\u2013 R.<\/p>\n\n\n\n<p>3. Quero, pois, vos louvar pela vida&nbsp;\/&nbsp;e elevar para v\u00f3s minhas m\u00e3os!&nbsp;\/&nbsp;A minha alma ser\u00e1 saciada,&nbsp;\/&nbsp;como em grande banquete de festa;&nbsp;\/&nbsp;cantar\u00e1 a alegria em meus l\u00e1bios&nbsp;\/&nbsp;ao cantar para v\u00f3s meu louvor!&nbsp;\u2013 R.<\/p>\n\n\n\n<p>4. Para mim fostes sempre um socorro;&nbsp;\/&nbsp;de vossas asas \u00e0 sombra eu exulto!&nbsp;\/&nbsp;Minha alma se agarra em v\u00f3s;&nbsp;\/&nbsp;com poder vossa m\u00e3o me sustenta.&nbsp;\u2013 R.<\/p>\n\n\n\n<p>Segunda Leitura:&nbsp;<strong>Romanos 12,1-2<\/strong><\/p>\n\n\n\n<p>Leitura da carta de S\u00e3o Paulo aos Romanos \u2013&nbsp;<sup>1<\/sup>Pela miseric\u00f3rdia de Deus, eu vos exorto, irm\u00e3os, a vos oferecerdes em sacrif\u00edcio vivo, santo e agrad\u00e1vel a Deus: este \u00e9 o vosso culto espiritual.&nbsp;<sup>2<\/sup>N\u00e3o vos conformeis com o mundo, mas transformai-vos, renovando vossa maneira de pensar e de julgar, para que possais distinguir o que \u00e9 da vontade de Deus, isto \u00e9, o que \u00e9 bom, o que lhe agrada, o que \u00e9 perfeito. \u2013 Palavra do Senhor.<\/p>\n\n\n\n<p>Evangelho:&nbsp;<strong>Mateus 16,21-27<\/strong><\/p>\n\n\n\n<p><strong><em>Aleluia, aleluia, aleluia.<\/em><\/strong><\/p>\n\n\n\n<p><strong>Que o Pai do Senhor Jesus Cristo&nbsp;\/&nbsp;nos d\u00ea do saber o esp\u00edrito;&nbsp;\/&nbsp;conhe\u00e7amos, assim, a esperan\u00e7a&nbsp;\/&nbsp;\u00e0 qual nos chamou, como heran\u00e7a! (Ef 1,17s)&nbsp;\u2013 R.<\/strong><\/p>\n\n\n\n<p>Proclama\u00e7\u00e3o do Evangelho de Jesus Cristo segundo Mateus \u2013 Naquele tempo,&nbsp;<sup>21<\/sup>Jesus come\u00e7ou a mostrar a seus disc\u00edpulos que devia ir a Jerusal\u00e9m e sofrer muito da parte dos anci\u00e3os, dos sumos sacerdotes e dos mestres da Lei e que devia ser morto e ressuscitar no terceiro dia.&nbsp;<sup>22<\/sup>Ent\u00e3o Pedro tomou Jesus \u00e0 parte e come\u00e7ou a repreend\u00ea-lo, dizendo: \u201cDeus n\u00e3o permita tal coisa, Senhor! Que isso nunca te aconte\u00e7a!\u201d&nbsp;<sup>23<\/sup>Jesus, por\u00e9m, voltou-se para Pedro e disse: \u201cVai para longe, satan\u00e1s! Tu \u00e9s para mim uma pedra de trope\u00e7o, porque n\u00e3o pensas as coisas de Deus, mas sim as coisas dos homens!\u201d&nbsp;<sup>24<\/sup>Ent\u00e3o Jesus disse aos disc\u00edpulos: \u201cSe algu\u00e9m quer me seguir, renuncie a si mesmo, tome a sua cruz e me siga.&nbsp;<sup>25<\/sup>Pois quem quiser salvar a sua vida vai perd\u00ea-la; e quem perder a sua vida por causa de mim vai encontr\u00e1-la.&nbsp;<sup>26<\/sup>De fato, que adianta ao homem ganhar o mundo inteiro, mas perder a sua vida? O que poder\u00e1 algu\u00e9m dar em troca de sua vida?&nbsp;<sup>27<\/sup>Porque o Filho do Homem vir\u00e1 na gl\u00f3ria do seu Pai, com os seus anjos, e ent\u00e3o retribuir\u00e1 a cada um de acordo com a sua conduta\u201d. \u2013 Palavra da salva\u00e7\u00e3o.<\/p>\n\n\n\n<p>Reflex\u00e3o:<\/p>\n\n\n\n<p><em>A atitude de Pedro, tentando afastar Jesus do caminho da cruz, mostra que sua concep\u00e7\u00e3o a respeito do Messias precisa de alguns ajustes. \u00c9 que Pedro e os demais disc\u00edpulos acreditavam num Messias glorioso, triunfante, capaz de eliminar pela for\u00e7a os ocupantes romanos. Ao passo que Jesus \u00e9 o Servo sofredor. Sua luta pela justi\u00e7a implicar\u00e1 o sacrif\u00edcio da pr\u00f3pria vida. Na verdade, a vida de Jesus ser\u00e1 tirada pelos dirigentes do povo: anci\u00e3os, chefes dos sacerdotes e doutores da Lei. Sua morte na cruz trar\u00e1 a vit\u00f3ria da justi\u00e7a e do projeto de Deus. Todo disc\u00edpulo que for leal a Jesus e aplicar sua vida por Deus em favor do seu povo, ter\u00e1 sua vida resgatada e premiada por Deus: \u201cQuem perder a pr\u00f3pria vida por causa de mim, a encontrar\u00e1\u201d. Quanto a Jesus, Deus o ressuscitar\u00e1 no terceiro dia.<\/em><\/p>\n","protected":false},"excerpt":{"rendered":"<p>Tende compaix\u00e3o de mim, Senhor, clamo por v\u00f3s o dia inteiro; Senhor, sois bom e clemente, cheio de miseric\u00f3rdia para aqueles que vos invocam (Sl 85,3.5). No encontro com Jesus, somos atra\u00eddos para&#8230;<\/p>\n","protected":false},"author":2,"featured_media":20974,"comment_status":"open","ping_status":"open","sticky":false,"template":"","format":"standard","meta":[],"categories":[7],"tags":[],"_links":{"self":[{"href":"https:\/\/www.salvatorianas.org.br\/blog\/wp-json\/wp\/v2\/posts\/20973"}],"collection":[{"href":"https:\/\/www.salvatorianas.org.br\/blog\/wp-json\/wp\/v2\/posts"}],"about":[{"href":"https:\/\/www.salvatorianas.org.br\/blog\/wp-json\/wp\/v2\/types\/post"}],"author":[{"embeddable":true,"href":"https:\/\/www.salvatorianas.org.br\/blog\/wp-json\/wp\/v2\/users\/2"}],"replies":[{"embeddable":true,"href":"https:\/\/www.salvatorianas.org.br\/blog\/wp-json\/wp\/v2\/comments?post=20973"}],"version-history":[{"count":1,"href":"https:\/\/www.salvatorianas.org.br\/blog\/wp-json\/wp\/v2\/posts\/20973\/revisions"}],"predecessor-version":[{"id":20975,"href":"https:\/\/www.salvatorianas.org.br\/blog\/wp-json\/wp\/v2\/posts\/20973\/revisions\/20975"}],"wp:featuredmedia":[{"embeddable":true,"href":"https:\/\/www.salvatorianas.org.br\/blog\/wp-json\/wp\/v2\/media\/20974"}],"wp:attachment":[{"href":"https:\/\/www.salvatorianas.org.br\/blog\/wp-json\/wp\/v2\/media?parent=20973"}],"wp:term":[{"taxonomy":"category","embeddable":true,"href":"https:\/\/www.salvatorianas.org.br\/blog\/wp-json\/wp\/v2\/categories?post=20973"},{"taxonomy":"post_tag","embeddable":true,"href":"https:\/\/www.salvatorianas.org.br\/blog\/wp-json\/wp\/v2\/tags?post=20973"}],"curies":[{"name":"wp","href":"https:\/\/api.w.org\/{rel}","templated":true}]}}