{"id":20970,"date":"2023-09-02T01:45:00","date_gmt":"2023-09-02T01:45:00","guid":{"rendered":"https:\/\/www.salvatorianas.org.br\/blog\/?p=20970"},"modified":"2023-08-28T17:48:22","modified_gmt":"2023-08-28T17:48:22","slug":"21a-semana-do-tempo-comum-ano-impar-i-4","status":"publish","type":"post","link":"https:\/\/www.salvatorianas.org.br\/blog\/21a-semana-do-tempo-comum-ano-impar-i-4\/","title":{"rendered":"21\u00aa Semana do Tempo Comum, Ano \u00cdmpar (I)"},"content":{"rendered":"\n<p>Inclinai, Senhor, o vosso ouvido e escutai-me; salvai, meu Deus, o servo que confia em v\u00f3s. Tende compaix\u00e3o de mim, clamo por v\u00f3s o dia inteiro (Sl 85,1ss).<\/p>\n\n\n\n<p><em>O amor ao pr\u00f3ximo n\u00e3o pode parar no n\u00edvel das boas inten\u00e7\u00f5es, mas precisa descer a a\u00e7\u00f5es concretas. A medida do amor fraterno encontra-se em Cristo, que nos amou de modo extremo. Por isso a liturgia nos exorta a \u201cprogredir sempre mais\u201d.<\/em><\/p>\n\n\n\n<p>Primeira Leitura:&nbsp;<strong>1 Tessalonicenses 4,9-11<\/strong><\/p>\n\n\n\n<p>Leitura da primeira carta de S\u00e3o Paulo aos Tessalonicenses \u2013 Irm\u00e3os,&nbsp;<sup>9<\/sup>n\u00e3o \u00e9 preciso escrever-vos a respeito do amor fraterno, pois j\u00e1 aprendestes de Deus mesmo a amar-vos uns aos outros.&nbsp;<sup>10<\/sup>\u00c9 o que j\u00e1 estais fazendo com todos os irm\u00e3os, em toda a Maced\u00f4nia. S\u00f3 podemos exortar-vos, irm\u00e3os, a progredirdes sempre mais.&nbsp;<sup>11<\/sup>Procurai viver com tranquilidade, dedicando-vos aos vossos afazeres e trabalhando com as pr\u00f3prias m\u00e3os, como recomendamos. \u2013 Palavra do Senhor.<\/p>\n\n\n\n<p>Salmo Responsorial:&nbsp;<strong>97(98)<\/strong><\/p>\n\n\n\n<p><em><strong>O Senhor julgar\u00e1 as na\u00e7\u00f5es com justi\u00e7a.<\/strong><\/em><\/p>\n\n\n\n<p>1. Cantai ao Senhor Deus um canto novo,&nbsp;\/&nbsp;porque ele fez prod\u00edgios!&nbsp;\/&nbsp;Sua m\u00e3o e o seu bra\u00e7o forte e santo&nbsp;\/&nbsp;alcan\u00e7aram-lhe a vit\u00f3ria.&nbsp;\u2013 R.<\/p>\n\n\n\n<p>2. Aplauda o mar com todo ser que nele vive,&nbsp;\/&nbsp;o mundo inteiro e toda gente!&nbsp;\/&nbsp;As montanhas e os rios batam palmas&nbsp;\/&nbsp;e exultem de alegria.&nbsp;\u2013 R.<\/p>\n\n\n\n<p>3. Na presen\u00e7a do Senhor, pois ele vem,&nbsp;\/&nbsp;vem julgar a terra inteira.&nbsp;\/&nbsp;Julgar\u00e1 o universo com justi\u00e7a&nbsp;\/&nbsp;e as na\u00e7\u00f5es com equidade.&nbsp;\u2013 R<\/p>\n\n\n\n<p>Evangelho:&nbsp;<strong>Mateus 25,14-30<\/strong><\/p>\n\n\n\n<p><strong><em>Aleluia, aleluia, aleluia.<\/em><\/strong><\/p>\n\n\n\n<p><strong>Eu vos dou novo preceito:&nbsp;\/&nbsp;que uns aos outros vos ameis,&nbsp;\/&nbsp;como eu vos tenho amado (Jo 13,34).&nbsp;\u2013 R.<\/strong><\/p>\n\n\n\n<p>Proclama\u00e7\u00e3o do Evangelho de Jesus Cristo segundo Mateus \u2013 Naquele tempo, disse Jesus aos seus disc\u00edpulos esta par\u00e1bola:&nbsp;<sup>14<\/sup>\u201cUm homem ia viajar para o estrangeiro. Chamou seus empregados e lhes entregou seus bens.&nbsp;<sup>15<\/sup>A um deu cinco talentos, a outro deu dois e ao terceiro, um; a cada qual de acordo com a sua capacidade. Em seguida, viajou.&nbsp;<sup>16<\/sup>O empregado que havia recebido cinco talentos saiu logo, trabalhou com eles e lucrou outros cinco.&nbsp;<sup>17<\/sup>Do mesmo modo, o que havia recebido dois lucrou outros dois.&nbsp;<sup>18<\/sup>Mas aquele que havia recebido um s\u00f3 saiu, cavou um buraco na terra e escondeu o dinheiro do seu patr\u00e3o.&nbsp;<sup>19<\/sup>Depois de muito tempo, o patr\u00e3o voltou e foi acertar contas com os empregados.&nbsp;<sup>20<\/sup>O empregado que havia recebido cinco talentos entregou-lhe mais cinco, dizendo: \u2018Senhor, tu me entregaste cinco talentos. Aqui est\u00e3o mais cinco que lucrei\u2019.&nbsp;<sup>21<\/sup>O patr\u00e3o lhe disse: \u2018Muito bem, servo bom e fiel! Como foste fiel na administra\u00e7\u00e3o de t\u00e3o pouco, eu te confiarei muito mais. Vem participar da minha alegria!\u2019&nbsp;<sup>22<\/sup>Chegou tamb\u00e9m o que havia recebido dois talentos e disse: \u2018Senhor, tu me entregaste dois talentos. Aqui est\u00e3o mais dois que lucrei\u2019.&nbsp;<sup>23<\/sup>O patr\u00e3o lhe disse: \u2018Muito bem, servo bom e fiel! Como foste fiel na administra\u00e7\u00e3o de t\u00e3o pouco, eu te confiarei muito mais. Vem participar da minha alegria!\u2019&nbsp;<sup>24<\/sup>Por fim, chegou aquele que havia recebido um talento e disse: \u2018Senhor, sei que \u00e9s um homem severo, pois colhes onde n\u00e3o plantaste e ceifas onde n\u00e3o semeaste.&nbsp;<sup>25<\/sup>Por isso fiquei com medo e escondi o teu talento no ch\u00e3o. Aqui tens o que te pertence\u2019.&nbsp;<sup>26<\/sup>O patr\u00e3o lhe respondeu: \u2018Servo mau e pregui\u00e7oso! Tu sabias que eu colho onde n\u00e3o plantei e que ceifo onde n\u00e3o semeei?&nbsp;<sup>27<\/sup>Ent\u00e3o devias ter depositado meu dinheiro no banco, para que, ao voltar, eu recebesse com juros o que me pertence\u2019.&nbsp;<sup>28<\/sup>Em seguida, o patr\u00e3o ordenou: \u2018Tirai dele o talento e dai-o \u00e0quele que tem dez!&nbsp;<sup>29<\/sup>Porque a todo aquele que tem ser\u00e1 dado mais, e ter\u00e1 em abund\u00e2ncia, mas, daquele que n\u00e3o tem, at\u00e9 o que tem lhe ser\u00e1 tirado.&nbsp;<sup>30<\/sup>Quanto a este servo in\u00fatil, jogai-o l\u00e1 fora, na escurid\u00e3o. Ali haver\u00e1 choro e ranger de dentes!&#8217;\u201d \u2013 Palavra da salva\u00e7\u00e3o.<\/p>\n\n\n\n<p>Reflex\u00e3o:<\/p>\n\n\n\n<p><em>O propriet\u00e1rio representa Deus. Os dois primeiros servos, na presta\u00e7\u00e3o de contas, apresentam os lucros, isto \u00e9, as boas obras. O terceiro servo representa a pessoa, ou a comunidade, que vive fechada em si mesma, faz as coisas em benef\u00edcio pr\u00f3prio, de modo ego\u00edsta. Deixou passar em branco o tempo, n\u00e3o fez nenhum esfor\u00e7o para praticar a justi\u00e7a e obras de caridade. O que teria para apresentar a Deus? S\u00f3 desculpas sem cabimento. S\u00e3o Jo\u00e3o da Cruz diz que \u201cno entardecer da vida seremos julgados sobre o amor\u201d. Este \u201cservo mau\u201d, omisso e mesquinho na administra\u00e7\u00e3o de suas qualidades, n\u00e3o ouvir\u00e1 o feliz convite: \u201cEntre para participar da alegria de seu senhor\u201d. De que modo aproveito cada momento da minha vida? A comunidade est\u00e1 fazendo o Reino de Deus crescer?<\/em><\/p>\n","protected":false},"excerpt":{"rendered":"<p>Inclinai, Senhor, o vosso ouvido e escutai-me; salvai, meu Deus, o servo que confia em v\u00f3s. Tende compaix\u00e3o de mim, clamo por v\u00f3s o dia inteiro (Sl 85,1ss). O amor ao pr\u00f3ximo n\u00e3o&#8230;<\/p>\n","protected":false},"author":2,"featured_media":20971,"comment_status":"open","ping_status":"open","sticky":false,"template":"","format":"standard","meta":[],"categories":[7],"tags":[],"_links":{"self":[{"href":"https:\/\/www.salvatorianas.org.br\/blog\/wp-json\/wp\/v2\/posts\/20970"}],"collection":[{"href":"https:\/\/www.salvatorianas.org.br\/blog\/wp-json\/wp\/v2\/posts"}],"about":[{"href":"https:\/\/www.salvatorianas.org.br\/blog\/wp-json\/wp\/v2\/types\/post"}],"author":[{"embeddable":true,"href":"https:\/\/www.salvatorianas.org.br\/blog\/wp-json\/wp\/v2\/users\/2"}],"replies":[{"embeddable":true,"href":"https:\/\/www.salvatorianas.org.br\/blog\/wp-json\/wp\/v2\/comments?post=20970"}],"version-history":[{"count":1,"href":"https:\/\/www.salvatorianas.org.br\/blog\/wp-json\/wp\/v2\/posts\/20970\/revisions"}],"predecessor-version":[{"id":20972,"href":"https:\/\/www.salvatorianas.org.br\/blog\/wp-json\/wp\/v2\/posts\/20970\/revisions\/20972"}],"wp:featuredmedia":[{"embeddable":true,"href":"https:\/\/www.salvatorianas.org.br\/blog\/wp-json\/wp\/v2\/media\/20971"}],"wp:attachment":[{"href":"https:\/\/www.salvatorianas.org.br\/blog\/wp-json\/wp\/v2\/media?parent=20970"}],"wp:term":[{"taxonomy":"category","embeddable":true,"href":"https:\/\/www.salvatorianas.org.br\/blog\/wp-json\/wp\/v2\/categories?post=20970"},{"taxonomy":"post_tag","embeddable":true,"href":"https:\/\/www.salvatorianas.org.br\/blog\/wp-json\/wp\/v2\/tags?post=20970"}],"curies":[{"name":"wp","href":"https:\/\/api.w.org\/{rel}","templated":true}]}}