{"id":20963,"date":"2023-08-31T01:55:00","date_gmt":"2023-08-31T01:55:00","guid":{"rendered":"https:\/\/www.salvatorianas.org.br\/blog\/?p=20963"},"modified":"2023-08-28T16:56:23","modified_gmt":"2023-08-28T16:56:23","slug":"21a-semana-do-tempo-comum-ano-impar-i-2","status":"publish","type":"post","link":"https:\/\/www.salvatorianas.org.br\/blog\/21a-semana-do-tempo-comum-ano-impar-i-2\/","title":{"rendered":"21\u00aa Semana do Tempo Comum, Ano \u00cdmpar (I)"},"content":{"rendered":"\n<p>Inclinai, Senhor, o vosso ouvido e escutai-me; salvai, meu Deus, o servo que confia em v\u00f3s. Tende compaix\u00e3o de mim, clamo por v\u00f3s o dia inteiro (Sl 85,1ss).<\/p>\n\n\n\n<p><em>N\u00e3o obstante \u201ctoda ang\u00fastia e tribula\u00e7\u00e3o\u201d, os mission\u00e1rios sentem-se confortados com a solidez da f\u00e9 dos crist\u00e3os, com sua fidelidade e prud\u00eancia. Deixemo-nos inspirar por estas animadoras palavras: \u201cO Senhor vos conceda que o amor entre v\u00f3s e para com todos aumente e transborde sempre mais\u201d.<\/em><\/p>\n\n\n\n<p>Primeira Leitura:&nbsp;<strong>1 Tessalonicenses 3,7-13<\/strong><\/p>\n\n\n\n<p>Leitura da primeira carta de S\u00e3o Paulo aos Tessalonicenses \u2013 Irm\u00e3os,&nbsp;<sup>7<\/sup>ficamos confortados, em meio a toda ang\u00fastia e tribula\u00e7\u00e3o, pela not\u00edcia acerca de vossa f\u00e9.&nbsp;<sup>8<\/sup>Agora, sentimo-nos reviver, porque v\u00f3s estais firmes no Senhor.&nbsp;<sup>9<\/sup>Como podemos agradecer a Deus por toda a alegria que nos invade, diante do nosso Deus, por causa de v\u00f3s?&nbsp;<sup>10<\/sup>Noite e dia rezamos efusivamente para vos rever e completar o que ainda falta na vossa f\u00e9.&nbsp;<sup>11<\/sup>Que o pr\u00f3prio Deus e nosso Pai e nosso Senhor Jesus dirijam os nossos passos at\u00e9 v\u00f3s.&nbsp;<sup>12<\/sup>O Senhor vos conceda que o amor entre v\u00f3s e para com todos aumente e transborde sempre mais, a exemplo do amor que temos por v\u00f3s.&nbsp;<sup>13<\/sup>Que assim ele confirme os vossos cora\u00e7\u00f5es numa santidade sem defeito aos olhos de Deus, nosso Pai, no dia da vinda de nosso Senhor Jesus, com todos os seus santos. \u2013 Palavra do Senhor.<\/p>\n\n\n\n<p>Salmo Responsorial:&nbsp;<strong>89(90)<\/strong><\/p>\n\n\n\n<p><em><strong>Saciai-nos de manh\u00e3 com vosso amor!<\/strong><\/em><\/p>\n\n\n\n<p>1. V\u00f3s fazeis voltar ao p\u00f3 todo mortal&nbsp;\/&nbsp;quando dizeis: \u201cVoltai ao p\u00f3, filhos de Ad\u00e3o!\u201d&nbsp;\/&nbsp;Pois mil anos para v\u00f3s s\u00e3o como ontem,&nbsp;\/&nbsp;qual vig\u00edlia de uma noite que passou.&nbsp;\u2013 R.<\/p>\n\n\n\n<p>2. Ensinai-nos a contar os nossos dias&nbsp;\/&nbsp;e dai ao nosso cora\u00e7\u00e3o sabedoria!&nbsp;\/&nbsp;Senhor, voltai-vos! At\u00e9 quando tardareis?&nbsp;\/&nbsp;Tende piedade e compaix\u00e3o de vossos servos!&nbsp;\u2013 R.<\/p>\n\n\n\n<p>3. Saciai-nos de manh\u00e3 com vosso amor,&nbsp;\/&nbsp;e exultaremos de alegria todo o dia!&nbsp;\/&nbsp;Que a bondade do Senhor e nosso Deus&nbsp;\/&nbsp;repouse sobre n\u00f3s e nos conduza!&nbsp;\/&nbsp;Tornai fecundo, \u00f3 Senhor, nosso trabalho,&nbsp;\/&nbsp;fazei dar frutos o labor de nossas m\u00e3os!&nbsp;\u2013 R.<\/p>\n\n\n\n<p>Evangelho:&nbsp;<strong>Mateus 24,42-51<\/strong><\/p>\n\n\n\n<p><strong><em>Aleluia, aleluia, aleluia.<\/em><\/strong><\/p>\n\n\n\n<p><strong>Vigiai, diz Jesus, vigiai,&nbsp;\/&nbsp;pois, no dia em que n\u00e3o esperais,&nbsp;\/&nbsp;o vosso Senhor h\u00e1 de vir (Mt 24,42.44).&nbsp;\u2013 R.<\/strong><\/p>\n\n\n\n<p>Proclama\u00e7\u00e3o do Evangelho de Jesus Cristo segundo Mateus \u2013 Naquele tempo, disse Jesus aos seus disc\u00edpulos:&nbsp;<sup>42<\/sup>\u201cFicai atentos, porque n\u00e3o sabeis em que dia vir\u00e1 o Senhor.&nbsp;<sup>43<\/sup>Compreendei bem isto: se o dono da casa soubesse a que horas viria o ladr\u00e3o, certamente vigiaria e n\u00e3o deixaria que a sua casa fosse arrombada.&nbsp;<sup>44<\/sup>Por isso, tamb\u00e9m v\u00f3s ficai preparados! Porque, na hora em que menos pensais, o Filho do Homem vir\u00e1.&nbsp;<sup>45<\/sup>Qual \u00e9 o empregado fiel e prudente que o senhor colocou como respons\u00e1vel pelos demais empregados, para lhes dar alimento na hora certa?&nbsp;<sup>46<\/sup>Feliz o empregado cujo senhor o encontrar agindo assim quando voltar.&nbsp;<sup>47<\/sup>Em verdade vos digo, ele lhe confiar\u00e1 a administra\u00e7\u00e3o de todos os seus bens.&nbsp;<sup>48<\/sup>Mas se o empregado mau pensar: \u2018Meu senhor est\u00e1 demorando\u2019&nbsp;<sup>49<\/sup>e come\u00e7ar a bater nos companheiros, a comer e a beber com os b\u00eabados,&nbsp;<sup>50<\/sup>ent\u00e3o o senhor desse empregado vir\u00e1 no dia em que ele n\u00e3o espera e na hora que ele n\u00e3o sabe.&nbsp;<sup>51<\/sup>Ele o partir\u00e1 ao meio e lhe impor\u00e1 a sorte dos hip\u00f3critas. Ali haver\u00e1 choro e ranger de dentes\u201d. \u2013 Palavra da salva\u00e7\u00e3o.<\/p>\n\n\n\n<p>Reflex\u00e3o:<\/p>\n\n\n\n<p><em>Jesus nos alerta a sermos vigilantes enquanto vivemos neste mundo. Sabendo que o Senhor pode vir a qualquer momento, uma coisa \u00e9 necess\u00e1ria: \u201cEstejam vigilantes\u201d. Em nossa caminhada crist\u00e3, n\u00e3o podemos relaxar; precisamos estar despertos e atentos para acolher o Senhor a todo instante. Esse tema \u00e9 essencial \u00e0 condi\u00e7\u00e3o humana, e portanto ao cristianismo, que nos ensina a viver e morrer como filhos e filhas de Deus. A segunda parte do texto aplica-se aos dirigentes crist\u00e3os. Enquanto esperam por Jesus e seu Reino de justi\u00e7a, n\u00e3o podem desanimar ou desacreditar do projeto de Deus, entregando-se \u00e0 pr\u00e1tica da injusti\u00e7a. Ao contr\u00e1rio, devem continuar alimentando a comunidade para que se fortale\u00e7a e continue firme na busca da justi\u00e7a.<\/em><\/p>\n","protected":false},"excerpt":{"rendered":"<p>Inclinai, Senhor, o vosso ouvido e escutai-me; salvai, meu Deus, o servo que confia em v\u00f3s. Tende compaix\u00e3o de mim, clamo por v\u00f3s o dia inteiro (Sl 85,1ss). N\u00e3o obstante \u201ctoda ang\u00fastia e&#8230;<\/p>\n","protected":false},"author":2,"featured_media":20964,"comment_status":"open","ping_status":"open","sticky":false,"template":"","format":"standard","meta":[],"categories":[7],"tags":[],"_links":{"self":[{"href":"https:\/\/www.salvatorianas.org.br\/blog\/wp-json\/wp\/v2\/posts\/20963"}],"collection":[{"href":"https:\/\/www.salvatorianas.org.br\/blog\/wp-json\/wp\/v2\/posts"}],"about":[{"href":"https:\/\/www.salvatorianas.org.br\/blog\/wp-json\/wp\/v2\/types\/post"}],"author":[{"embeddable":true,"href":"https:\/\/www.salvatorianas.org.br\/blog\/wp-json\/wp\/v2\/users\/2"}],"replies":[{"embeddable":true,"href":"https:\/\/www.salvatorianas.org.br\/blog\/wp-json\/wp\/v2\/comments?post=20963"}],"version-history":[{"count":1,"href":"https:\/\/www.salvatorianas.org.br\/blog\/wp-json\/wp\/v2\/posts\/20963\/revisions"}],"predecessor-version":[{"id":20965,"href":"https:\/\/www.salvatorianas.org.br\/blog\/wp-json\/wp\/v2\/posts\/20963\/revisions\/20965"}],"wp:featuredmedia":[{"embeddable":true,"href":"https:\/\/www.salvatorianas.org.br\/blog\/wp-json\/wp\/v2\/media\/20964"}],"wp:attachment":[{"href":"https:\/\/www.salvatorianas.org.br\/blog\/wp-json\/wp\/v2\/media?parent=20963"}],"wp:term":[{"taxonomy":"category","embeddable":true,"href":"https:\/\/www.salvatorianas.org.br\/blog\/wp-json\/wp\/v2\/categories?post=20963"},{"taxonomy":"post_tag","embeddable":true,"href":"https:\/\/www.salvatorianas.org.br\/blog\/wp-json\/wp\/v2\/tags?post=20963"}],"curies":[{"name":"wp","href":"https:\/\/api.w.org\/{rel}","templated":true}]}}