{"id":20960,"date":"2023-08-30T01:54:00","date_gmt":"2023-08-30T01:54:00","guid":{"rendered":"https:\/\/www.salvatorianas.org.br\/blog\/?p=20960"},"modified":"2023-08-28T16:55:09","modified_gmt":"2023-08-28T16:55:09","slug":"21a-semana-do-tempo-comum-ano-impar-i","status":"publish","type":"post","link":"https:\/\/www.salvatorianas.org.br\/blog\/21a-semana-do-tempo-comum-ano-impar-i\/","title":{"rendered":"21\u00aa Semana do Tempo Comum, Ano \u00cdmpar (I)"},"content":{"rendered":"\n<p>Inclinai, Senhor, o vosso ouvido e escutai-me; salvai, meu Deus, o servo que confia em v\u00f3s. Tende compaix\u00e3o de mim, clamo por v\u00f3s o dia inteiro (Sl 85,1ss).<\/p>\n\n\n\n<p><em>Os dirigentes da comunidade sentem-se recompensados ao constatar o crescimento espiritual dos fi\u00e9is. Cuidando do nosso interior, saberemos colaborar para que nossas assembleias lit\u00fargicas sejam din\u00e2micas, participativas e orantes.<\/em><\/p>\n\n\n\n<p>Primeira Leitura:&nbsp;<strong>1 Tessalonicenses 2,9-13<\/strong><\/p>\n\n\n\n<p>Leitura da primeira carta de S\u00e3o Paulo aos Tessalonicenses \u2013&nbsp;<sup>9<\/sup>Irm\u00e3os, certamente ainda vos lembrais dos nossos trabalhos e fadigas. Trabalhamos dia e noite para n\u00e3o sermos pesados a nenhum de v\u00f3s. Foi assim que anunciamos o Evangelho de Deus.&nbsp;<sup>10<\/sup>V\u00f3s sois testemunhas, e Deus tamb\u00e9m, de qu\u00e3o santo, justo, irrepreens\u00edvel foi o nosso proceder para convosco, os fi\u00e9is.&nbsp;<sup>11<\/sup>Bem sabeis que, como um pai a seus filhos,&nbsp;<sup>12<\/sup>n\u00f3s exortamos a cada um de v\u00f3s e encorajamos e insistimos para que vos comporteis de modo digno de Deus, que vos chama ao seu Reino e \u00e0 sua gl\u00f3ria.&nbsp;<sup>13<\/sup>Por isso agradecemos a Deus sem cessar por v\u00f3s terdes acolhido a prega\u00e7\u00e3o da Palavra de Deus n\u00e3o como palavra humana, mas como aquilo que, de fato, \u00e9: Palavra de Deus, que est\u00e1 produzindo efeito em v\u00f3s, que abra\u00e7astes a f\u00e9. \u2013 Palavra do Senhor.<\/p>\n\n\n\n<p>Salmo Responsorial:&nbsp;<strong>138(139)<\/strong><\/p>\n\n\n\n<p><em><strong>Senhor, v\u00f3s me sondais e me conheceis!<\/strong><\/em><\/p>\n\n\n\n<p>1. Em que lugar me ocultarei de vosso esp\u00edrito?&nbsp;\/&nbsp;E para onde fugirei de vossa face?&nbsp;\/&nbsp;Se eu subir at\u00e9 os c\u00e9us, ali estais;&nbsp;\/&nbsp;se eu descer at\u00e9 o abismo, estais presente.&nbsp;\u2013 R.<\/p>\n\n\n\n<p>2. Se a aurora me emprestar as suas asas,&nbsp;\/&nbsp;para eu voar e habitar no fim dos mares,&nbsp;\/&nbsp;mesmo l\u00e1 vai me guiar a vossa m\u00e3o&nbsp;\/&nbsp;e segurar-me com firmeza a vossa destra.&nbsp;\u2013 R.<\/p>\n\n\n\n<p>3. Seu eu pensasse: \u201cA escurid\u00e3o venha esconder-me&nbsp;\/&nbsp;e que a luz ao meu redor se fa\u00e7a noite!\u201d&nbsp;\/&nbsp;Mesmo as trevas para v\u00f3s n\u00e3o s\u00e3o escuras,&nbsp;\/&nbsp;a pr\u00f3pria noite resplandece como o dia.&nbsp;\u2013 R.<\/p>\n\n\n\n<p>Evangelho:&nbsp;<strong>Mateus 23,27-32<\/strong><\/p>\n\n\n\n<p><strong><em>Aleluia, aleluia, aleluia.<\/em><\/strong><\/p>\n\n\n\n<p><strong>O amor de Deus se realiza em todo aquele&nbsp;\/&nbsp;que guarda sua Palavra fielmente (1Jo 2,5).&nbsp;\u2013 R.<\/strong><\/p>\n\n\n\n<p>Proclama\u00e7\u00e3o do Evangelho de Jesus Cristo segundo Mateus \u2013 Naquele tempo, disse Jesus:&nbsp;<sup>27<\/sup>\u201cAi de v\u00f3s, mestres da Lei e fariseus hip\u00f3critas! V\u00f3s sois como sepulcros caiados: por fora parecem belos, mas por dentro est\u00e3o cheios de ossos de mortos e de toda podrid\u00e3o!&nbsp;<sup>28<\/sup>Assim tamb\u00e9m v\u00f3s: por fora, pareceis justos diante dos outros, mas por dentro estais cheios de hipocrisia e injusti\u00e7a.&nbsp;<sup>29<\/sup>Ai de v\u00f3s, mestres da Lei e fariseus hip\u00f3critas! V\u00f3s constru\u00eds sepulcros para os profetas e enfeitais os t\u00famulos dos justos,&nbsp;<sup>30<\/sup>e dizeis: \u2018Se tiv\u00e9ssemos vivido no tempo de nossos pais, n\u00e3o ter\u00edamos sido c\u00famplices da morte dos profetas\u2019.&nbsp;<sup>31<\/sup>Com isso, confessais que sois filhos daqueles que mataram os profetas.&nbsp;<sup>32<\/sup>Completai, pois, a medida de vossos pais!\u201d \u2013 Palavra da salva\u00e7\u00e3o.<\/p>\n\n\n\n<p>Reflex\u00e3o:<\/p>\n\n\n\n<p><em>Jesus revela a incoer\u00eancia dos doutores da Lei e fariseus. N\u00e3o s\u00e3o o que mostram exteriormente. Ao contr\u00e1rio, o exterior deles oculta o interior. Jesus o ilustra com duas imagens. Primeiramente, a figura do sepulcro belo por fora e cheio de podrid\u00e3o por dentro. A segunda figura faz refer\u00eancia aos t\u00famulos que as lideran\u00e7as religiosas edificavam para os profetas. Prestaram-lhes homenagem como a pessoas benem\u00e9ritas, no entanto eles pr\u00f3prios os haviam eliminado. Na linguagem coloquial, Jesus teria dito aos doutores da Lei e fariseus: Essa cara de anjo n\u00e3o me engana! Com efeito, est\u00e3o se organizando para matar o maior dos profetas, o Messias, e na sequ\u00eancia os disc\u00edpulos dele. Fa\u00e7am-no! Quem sabe, batendo forte na canga de suas consci\u00eancias, Jesus consiga faz\u00ea-los desistir de seus planos malignos!<\/em><\/p>\n","protected":false},"excerpt":{"rendered":"<p>Inclinai, Senhor, o vosso ouvido e escutai-me; salvai, meu Deus, o servo que confia em v\u00f3s. Tende compaix\u00e3o de mim, clamo por v\u00f3s o dia inteiro (Sl 85,1ss). Os dirigentes da comunidade sentem-se&#8230;<\/p>\n","protected":false},"author":2,"featured_media":20961,"comment_status":"open","ping_status":"open","sticky":false,"template":"","format":"standard","meta":[],"categories":[7],"tags":[],"_links":{"self":[{"href":"https:\/\/www.salvatorianas.org.br\/blog\/wp-json\/wp\/v2\/posts\/20960"}],"collection":[{"href":"https:\/\/www.salvatorianas.org.br\/blog\/wp-json\/wp\/v2\/posts"}],"about":[{"href":"https:\/\/www.salvatorianas.org.br\/blog\/wp-json\/wp\/v2\/types\/post"}],"author":[{"embeddable":true,"href":"https:\/\/www.salvatorianas.org.br\/blog\/wp-json\/wp\/v2\/users\/2"}],"replies":[{"embeddable":true,"href":"https:\/\/www.salvatorianas.org.br\/blog\/wp-json\/wp\/v2\/comments?post=20960"}],"version-history":[{"count":1,"href":"https:\/\/www.salvatorianas.org.br\/blog\/wp-json\/wp\/v2\/posts\/20960\/revisions"}],"predecessor-version":[{"id":20962,"href":"https:\/\/www.salvatorianas.org.br\/blog\/wp-json\/wp\/v2\/posts\/20960\/revisions\/20962"}],"wp:featuredmedia":[{"embeddable":true,"href":"https:\/\/www.salvatorianas.org.br\/blog\/wp-json\/wp\/v2\/media\/20961"}],"wp:attachment":[{"href":"https:\/\/www.salvatorianas.org.br\/blog\/wp-json\/wp\/v2\/media?parent=20960"}],"wp:term":[{"taxonomy":"category","embeddable":true,"href":"https:\/\/www.salvatorianas.org.br\/blog\/wp-json\/wp\/v2\/categories?post=20960"},{"taxonomy":"post_tag","embeddable":true,"href":"https:\/\/www.salvatorianas.org.br\/blog\/wp-json\/wp\/v2\/tags?post=20960"}],"curies":[{"name":"wp","href":"https:\/\/api.w.org\/{rel}","templated":true}]}}