{"id":20957,"date":"2023-08-29T01:35:00","date_gmt":"2023-08-29T01:35:00","guid":{"rendered":"https:\/\/www.salvatorianas.org.br\/blog\/?p=20957"},"modified":"2023-08-28T16:54:07","modified_gmt":"2023-08-28T16:54:07","slug":"martirio-de-sao-joao-batista-memoria","status":"publish","type":"post","link":"https:\/\/www.salvatorianas.org.br\/blog\/martirio-de-sao-joao-batista-memoria\/","title":{"rendered":"Mart\u00edrio de S\u00e3o Jo\u00e3o Batista, Mem\u00f3ria"},"content":{"rendered":"\n<p>Diante dos reis falo da vossa alian\u00e7a, sem temer a vergonha. Encontro alegria em vossos preceitos, porque muito os amo (Sl 118,46s).<\/p>\n\n\n\n<p><em>Jo\u00e3o, mais conhecido como o Batista, morreu m\u00e1rtir por sua coer\u00eancia com a mensagem que pregava. A celebra\u00e7\u00e3o desta mem\u00f3ria tem origens antigas: s\u00e9culo 5\u00ba, na Fran\u00e7a; s\u00e9culo 6\u00ba, em Roma. Deixemo-nos impulsionar pelo exemplo desse santo profeta, que \u201ctombou na luta pela justi\u00e7a e pela verdade\u201d.<\/em><\/p>\n\n\n\n<p>Primeira Leitura:&nbsp;<strong>Jeremias 1,17-19<\/strong><\/p>\n\n\n\n<p>Leitura do livro do profeta Jeremias \u2013 Naqueles dias, a palavra do Senhor foi-me dirigida:&nbsp;<sup>17<\/sup>\u201cVamos, p\u00f5e a roupa e o cinto, levanta-te e comunica-lhes tudo que eu te mandar dizer: n\u00e3o tenhas medo, sen\u00e3o eu te farei tremer na presen\u00e7a deles.&nbsp;<sup>18<\/sup>Com efeito, eu te transformarei hoje numa cidade fortificada, numa coluna de ferro, num muro de bronze, contra todo o mundo, frente aos reis de Jud\u00e1 e seus pr\u00edncipes, aos sacerdotes e ao povo da terra;&nbsp;<sup>19<\/sup>eles far\u00e3o guerra contra ti, mas n\u00e3o prevalecer\u00e3o, porque eu estou contigo para defender-te\u201d, diz o Senhor. \u2013 Palavra do Senhor.<\/p>\n\n\n\n<p>Salmo Responsorial:&nbsp;<strong>70(71)<\/strong><\/p>\n\n\n\n<p><em><strong>Minha boca anunciar\u00e1 vossa justi\u00e7a.<\/strong><\/em><\/p>\n\n\n\n<p>1. Eu procuro meu ref\u00fagio em v\u00f3s, Senhor:&nbsp;\/&nbsp;que eu n\u00e3o seja envergonhado para sempre!&nbsp;\/&nbsp;Porque sois justo, defendei-me e libertai-me!&nbsp;\/&nbsp;Escutai a minha voz, vinde salvar-me!&nbsp;\u2013 R.<\/p>\n\n\n\n<p>2. Sede uma rocha protetora para mim,&nbsp;\/&nbsp;um abrigo bem seguro que me salve!&nbsp;\/&nbsp;Porque sois a minha for\u00e7a e meu amparo,&nbsp;\u2020&nbsp;o meu ref\u00fagio, prote\u00e7\u00e3o e seguran\u00e7a!&nbsp;\/&nbsp;Libertai-me, \u00f3 meu Deus, das m\u00e3os do \u00edmpio.&nbsp;\u2013 R.<\/p>\n\n\n\n<p>3. Porque sois, \u00f3 Senhor Deus, minha esperan\u00e7a,&nbsp;\/&nbsp;em v\u00f3s confio desde a minha juventude!&nbsp;\/&nbsp;Sois meu apoio desde antes que eu nascesse,&nbsp;\/&nbsp;desde o seio maternal, o meu amparo.&nbsp;\u2013 R.<\/p>\n\n\n\n<p>4. Minha boca anunciar\u00e1 todos os dias&nbsp;\/&nbsp;vossa justi\u00e7a e vossas gra\u00e7as incont\u00e1veis.&nbsp;\/&nbsp;V\u00f3s me ensinastes desde a minha juventude,&nbsp;\/&nbsp;e at\u00e9 hoje canto as vossas maravilhas.&nbsp;\u2013 R.<\/p>\n\n\n\n<p>Evangelho:&nbsp;<strong>Marcos 6,17-29<\/strong><\/p>\n\n\n\n<p><strong><em>Aleluia, aleluia, aleluia.<\/em><\/strong><\/p>\n\n\n\n<p><strong>Felizes os que s\u00e3o perseguidos por causa da justi\u00e7a do Senhor,&nbsp;\/&nbsp;porque o Reino dos C\u00e9us h\u00e1 de ser deles! (Mt 5,10)&nbsp;\u2013 R.<\/strong><\/p>\n\n\n\n<p>Proclama\u00e7\u00e3o do Evangelho de Jesus Cristo segundo Marcos \u2013 Naquele tempo,&nbsp;<sup>17<\/sup>Herodes tinha mandado prender Jo\u00e3o e coloc\u00e1-lo acorrentado na pris\u00e3o. Fez isso por causa de Herod\u00edades, mulher do seu irm\u00e3o Filipe, com quem se tinha casado.&nbsp;<sup>18<\/sup>Jo\u00e3o dizia a Herodes: \u201cN\u00e3o te \u00e9 permitido ficar com a mulher do teu irm\u00e3o\u201d.&nbsp;<sup>19<\/sup>Por isso Herod\u00edades o odiava e queria mat\u00e1-lo, mas n\u00e3o podia.&nbsp;<sup>20<\/sup>Com efeito, Herodes tinha medo de Jo\u00e3o, pois sabia que ele era justo e santo, e por isso o protegia. Gostava de ouvi-lo, embora ficasse embara\u00e7ado quando o escutava.&nbsp;<sup>21<\/sup>Finalmente, chegou o dia oportuno. Era o anivers\u00e1rio de Herodes, e ele fez um grande banquete para os grandes da corte, os oficiais e os cidad\u00e3os importantes da Galileia.&nbsp;<sup>22<\/sup>A filha de Herod\u00edades entrou e dan\u00e7ou, agradando a Herodes e seus convidados. Ent\u00e3o o rei disse \u00e0 mo\u00e7a: \u201cPede-me o que quiseres e eu to darei\u201d.&nbsp;<sup>23<\/sup>E lhe jurou, dizendo: \u201cEu te darei qualquer coisa que me pedires, ainda que seja a metade do meu reino\u201d.&nbsp;<sup>24<\/sup>Ela saiu e perguntou \u00e0 m\u00e3e: \u201cO que vou pedir?\u201d A m\u00e3e respondeu: \u201cA cabe\u00e7a de Jo\u00e3o Batista\u201d.&nbsp;<sup>25<\/sup>E, voltando depressa para junto do rei, pediu: \u201cQuero que me d\u00eas agora, num prato, a cabe\u00e7a de Jo\u00e3o Batista\u201d.&nbsp;<sup>26<\/sup>O rei ficou muito triste, mas n\u00e3o p\u00f4de recusar. Ele tinha feito o juramento diante dos convidados.&nbsp;<sup>27<\/sup>Imediatamente, o rei mandou que um soldado fosse buscar a cabe\u00e7a de Jo\u00e3o. O soldado saiu, degolou-o na pris\u00e3o,&nbsp;<sup>28<\/sup>trouxe a cabe\u00e7a num prato e a deu \u00e0 mo\u00e7a. Ela a entregou \u00e0 sua m\u00e3e.&nbsp;<sup>29<\/sup>Ao saberem disso, os disc\u00edpulos de Jo\u00e3o foram l\u00e1, levaram o cad\u00e1ver e o sepultaram. \u2013 Palavra da salva\u00e7\u00e3o.<\/p>\n\n\n\n<p>Reflex\u00e3o:<\/p>\n\n\n\n<p><em>Jo\u00e3o Batista, \u201co maior entre os nascidos de mulher\u201d, segundo o elogio de Jesus, morre degolado por ordem de Herodes. O epis\u00f3dio se d\u00e1 na fortaleza de Maqueronte, a leste do mar Morto. A celebra\u00e7\u00e3o do mart\u00edrio de S\u00e3o Jo\u00e3o Batista tem origens antigas (s\u00e9culo V, na Fran\u00e7a; s\u00e9culo VI, em Roma). Est\u00e1 vinculada \u00e0 dedica\u00e7\u00e3o da igreja constru\u00edda em Sebaste, na Samaria, sobre o suposto t\u00famulo do precursor de Cristo. Seu mart\u00edrio se d\u00e1 durante um banquete que Herodes oferecera \u201ca seus magnatas, aos oficiais e \u00e0s grandes personalidades da Galileia\u201d. Nessa ocasi\u00e3o, o rei faz os caprichos da filha de Herod\u00edades, que pede a cabe\u00e7a de Jo\u00e3o. T\u00e3o sem ju\u00edzo a filha quanto maligna e impiedosa a m\u00e3e. O profeta se vai, mas o seu testemunho de fidelidade a Deus permanece para sempre.<\/em><\/p>\n","protected":false},"excerpt":{"rendered":"<p>Diante dos reis falo da vossa alian\u00e7a, sem temer a vergonha. Encontro alegria em vossos preceitos, porque muito os amo (Sl 118,46s). Jo\u00e3o, mais conhecido como o Batista, morreu m\u00e1rtir por sua coer\u00eancia&#8230;<\/p>\n","protected":false},"author":2,"featured_media":20958,"comment_status":"open","ping_status":"open","sticky":false,"template":"","format":"standard","meta":[],"categories":[7],"tags":[],"_links":{"self":[{"href":"https:\/\/www.salvatorianas.org.br\/blog\/wp-json\/wp\/v2\/posts\/20957"}],"collection":[{"href":"https:\/\/www.salvatorianas.org.br\/blog\/wp-json\/wp\/v2\/posts"}],"about":[{"href":"https:\/\/www.salvatorianas.org.br\/blog\/wp-json\/wp\/v2\/types\/post"}],"author":[{"embeddable":true,"href":"https:\/\/www.salvatorianas.org.br\/blog\/wp-json\/wp\/v2\/users\/2"}],"replies":[{"embeddable":true,"href":"https:\/\/www.salvatorianas.org.br\/blog\/wp-json\/wp\/v2\/comments?post=20957"}],"version-history":[{"count":1,"href":"https:\/\/www.salvatorianas.org.br\/blog\/wp-json\/wp\/v2\/posts\/20957\/revisions"}],"predecessor-version":[{"id":20959,"href":"https:\/\/www.salvatorianas.org.br\/blog\/wp-json\/wp\/v2\/posts\/20957\/revisions\/20959"}],"wp:featuredmedia":[{"embeddable":true,"href":"https:\/\/www.salvatorianas.org.br\/blog\/wp-json\/wp\/v2\/media\/20958"}],"wp:attachment":[{"href":"https:\/\/www.salvatorianas.org.br\/blog\/wp-json\/wp\/v2\/media?parent=20957"}],"wp:term":[{"taxonomy":"category","embeddable":true,"href":"https:\/\/www.salvatorianas.org.br\/blog\/wp-json\/wp\/v2\/categories?post=20957"},{"taxonomy":"post_tag","embeddable":true,"href":"https:\/\/www.salvatorianas.org.br\/blog\/wp-json\/wp\/v2\/tags?post=20957"}],"curies":[{"name":"wp","href":"https:\/\/api.w.org\/{rel}","templated":true}]}}