{"id":20954,"date":"2023-08-28T01:24:00","date_gmt":"2023-08-28T01:24:00","guid":{"rendered":"https:\/\/www.salvatorianas.org.br\/blog\/?p=20954"},"modified":"2023-08-25T18:25:22","modified_gmt":"2023-08-25T18:25:22","slug":"santo-agostinho-bispo-e-doutor-da-igreja-memoria","status":"publish","type":"post","link":"https:\/\/www.salvatorianas.org.br\/blog\/santo-agostinho-bispo-e-doutor-da-igreja-memoria\/","title":{"rendered":"Santo Agostinho, bispo e doutor da Igreja, Mem\u00f3ria"},"content":{"rendered":"\n<p>No meio da Igreja, o Senhor colocou a palavra nos seus l\u00e1bios; deu-lhe o esp\u00edrito de sabedoria e intelig\u00eancia e o revestiu de gl\u00f3ria (Eclo 15,5).<\/p>\n\n\n\n<p><em>Agostinho nasceu em Tagaste, no norte da \u00c1frica, em 354 e faleceu em Hipona, na mesma regi\u00e3o, em 430. Bispo, foi considerado o pai dos pobres e o grande defensor da doutrina de Cristo, al\u00e9m de o mais profundo e importante fil\u00f3sofo e te\u00f3logo do seu tempo. Suas obras iluminaram quase todos os pensadores dos s\u00e9culos seguintes. Escreveu livros de valor inestim\u00e1vel, entre os quais sua autobiografia,&nbsp;<\/em>Confiss\u00f5es<em>, e&nbsp;<\/em>Cidade de Deus<em>. Com esse doutor da Igreja, aprendamos a valorizar a cultura, sem descuidar a pr\u00e1tica da caridade.<\/em><\/p>\n\n\n\n<p>Primeira Leitura:&nbsp;<strong>1 Tessalonicenses 1,1-5.8-10<\/strong><\/p>\n\n\n\n<p>In\u00edcio da primeira carta de S\u00e3o Paulo aos Tessalonicenses \u2013&nbsp;<sup>1<\/sup>Paulo, Silvano e Tim\u00f3teo \u00e0 Igreja dos tessalonicenses, reunida em Deus Pai e no Senhor Jesus Cristo: a v\u00f3s, gra\u00e7a e paz!&nbsp;<sup>2<\/sup>Damos gra\u00e7as a Deus por todos v\u00f3s, lembrando-vos sempre em nossas ora\u00e7\u00f5es.&nbsp;<sup>3<\/sup>Diante de Deus, nosso Pai, recordamos sem cessar a atua\u00e7\u00e3o da vossa f\u00e9, o esfor\u00e7o da vossa caridade e a firmeza da vossa esperan\u00e7a em nosso Senhor Jesus Cristo.&nbsp;<sup>4<\/sup>Sabemos, irm\u00e3os amados por Deus, que sois do n\u00famero dos escolhidos.&nbsp;<sup>5<\/sup>Porque o nosso Evangelho n\u00e3o chegou at\u00e9 v\u00f3s somente por meio de palavras, mas tamb\u00e9m mediante a for\u00e7a que \u00e9 o Esp\u00edrito Santo; e isso com toda a abund\u00e2ncia. Sabeis de que maneira procedemos entre v\u00f3s, para o vosso bem.&nbsp;<sup>8<\/sup>A vossa f\u00e9 em Deus propagou-se por toda parte. Assim, n\u00f3s j\u00e1 nem precisamos falar,&nbsp;<sup>9<\/sup>pois as pessoas mesmas contam como v\u00f3s nos acolhestes e como vos convertestes, abandonando os falsos deuses para servir ao Deus vivo e verdadeiro,&nbsp;<sup>10<\/sup>esperando dos c\u00e9us o seu Filho, a quem ele ressuscitou dentre os mortos: Jesus, que nos livra do castigo que est\u00e1 por vir. \u2013 Palavra do Senhor.<\/p>\n\n\n\n<p>Salmo Responsorial:&nbsp;<strong>149<\/strong><\/p>\n\n\n\n<p><em><strong>O Senhor ama seu povo de verdade.<\/strong><\/em><\/p>\n\n\n\n<p>1. Cantai ao Senhor Deus um canto novo&nbsp;\/&nbsp;e o seu louvor na assembleia dos fi\u00e9is!&nbsp;\/&nbsp;Alegre-se Israel em quem o fez&nbsp;\/&nbsp;e Si\u00e3o se rejubile no seu rei!&nbsp;\u2013 R.<\/p>\n\n\n\n<p>2. Com dan\u00e7as glorifiquem o seu nome,&nbsp;\/&nbsp;toquem harpa e tambor em sua honra!&nbsp;\/&nbsp;Porque, de fato, o Senhor ama seu povo&nbsp;\/&nbsp;e coroa com vit\u00f3ria os seus humildes.&nbsp;\u2013 R.<\/p>\n\n\n\n<p>3. Exultem os fi\u00e9is por sua gl\u00f3ria&nbsp;\/&nbsp;e, cantando, se levantem de seus leitos&nbsp;\/&nbsp;com louvores do Senhor em sua boca.&nbsp;\/&nbsp;Eis a gl\u00f3ria para todos os seus santos.&nbsp;\u2013 R.<\/p>\n\n\n\n<p>Evangelho:&nbsp;<strong>Mateus 23,13-22<\/strong><\/p>\n\n\n\n<p><strong><em>Aleluia, aleluia, aleluia.<\/em><\/strong><\/p>\n\n\n\n<p><strong>Minhas ovelhas escutam minha voz,&nbsp;\/&nbsp;eu as conhe\u00e7o e elas me seguem (Jo 10,27).&nbsp;\u2013 R.<\/strong><\/p>\n\n\n\n<p>Proclama\u00e7\u00e3o do Evangelho de Jesus Cristo segundo Mateus \u2013 Naquele tempo, disse Jesus:&nbsp;<sup>13<\/sup>\u201cAi de v\u00f3s, mestres da Lei e fariseus hip\u00f3critas! V\u00f3s fechais o Reino dos C\u00e9us aos homens. V\u00f3s, por\u00e9m, n\u00e3o entrais nem deixais entrar aqueles que o desejam.<sup>[14] 15<\/sup>Ai de v\u00f3s, mestres da Lei e fariseus hip\u00f3critas! V\u00f3s percorreis o mar e a terra para converter algu\u00e9m e, quando o conseguis, o tornais merecedor do inferno, duas vezes pior do que v\u00f3s.&nbsp;<sup>16<\/sup>Ai de v\u00f3s, guias cegos! V\u00f3s dizeis: \u2018Se algu\u00e9m jura pelo templo, n\u00e3o vale; mas, se algu\u00e9m jura pelo ouro do templo, ent\u00e3o vale!\u2019&nbsp;<sup>17<\/sup>Insensatos e cegos! O que vale mais: o ouro ou o templo, que santifica o ouro?&nbsp;<sup>18<\/sup>V\u00f3s dizeis tamb\u00e9m: \u2018Se algu\u00e9m jura pelo altar, n\u00e3o vale; mas, se algu\u00e9m jura pela oferta que est\u00e1 sobre o altar, ent\u00e3o vale!\u2019&nbsp;<sup>19<\/sup>Cegos! O que vale mais: a oferta ou o altar que santifica a oferta?&nbsp;<sup>20<\/sup>Com efeito, quem jura pelo altar, jura por ele e por tudo o que est\u00e1 sobre ele.&nbsp;<sup>21<\/sup>E quem jura pelo templo, jura por ele e por Deus, que habita no templo.&nbsp;<sup>22<\/sup>E quem jura pelo c\u00e9u, jura pelo trono de Deus e por aquele que nele est\u00e1 sentado\u201d. \u2013 Palavra da salva\u00e7\u00e3o.<\/p>\n\n\n\n<p>Reflex\u00e3o:<\/p>\n\n\n\n<p><em>Severa advert\u00eancia aos l\u00edderes religiosos. Com mal\u00edcia, esperteza e jogo de palavras, os doutores da Lei e os fariseus distorcem a pr\u00e1tica da religi\u00e3o e enganam os fi\u00e9is. Com habilidade, manipulam os ensinamentos da Escritura, n\u00e3o para beneficiar o povo, mas para tirar proveito da \u201cobedi\u00eancia\u201d do povo. Jesus os desmascara. Chama-os de hip\u00f3critas, isto \u00e9, disfar\u00e7ados. Exigem o cumprimento das m\u00faltiplas leis, mas n\u00e3o as p\u00f5em em pr\u00e1tica; aumentam o n\u00famero de seguidores, n\u00e3o para orient\u00e1-los para a vida plena e a liberdade, mas para mant\u00ea-los prisioneiros de seus caprichos. Jesus os chama de cegos: insistem nos detalhes da Lei, mas desviam o povo do cumprimento das leis divinas fundamentais. Ben\u00e9fica medita\u00e7\u00e3o para todos os que t\u00eam algum grau de lideran\u00e7a na Igreja.<\/em><\/p>\n","protected":false},"excerpt":{"rendered":"<p>No meio da Igreja, o Senhor colocou a palavra nos seus l\u00e1bios; deu-lhe o esp\u00edrito de sabedoria e intelig\u00eancia e o revestiu de gl\u00f3ria (Eclo 15,5). Agostinho nasceu em Tagaste, no norte da&#8230;<\/p>\n","protected":false},"author":2,"featured_media":20955,"comment_status":"open","ping_status":"open","sticky":false,"template":"","format":"standard","meta":[],"categories":[7],"tags":[],"_links":{"self":[{"href":"https:\/\/www.salvatorianas.org.br\/blog\/wp-json\/wp\/v2\/posts\/20954"}],"collection":[{"href":"https:\/\/www.salvatorianas.org.br\/blog\/wp-json\/wp\/v2\/posts"}],"about":[{"href":"https:\/\/www.salvatorianas.org.br\/blog\/wp-json\/wp\/v2\/types\/post"}],"author":[{"embeddable":true,"href":"https:\/\/www.salvatorianas.org.br\/blog\/wp-json\/wp\/v2\/users\/2"}],"replies":[{"embeddable":true,"href":"https:\/\/www.salvatorianas.org.br\/blog\/wp-json\/wp\/v2\/comments?post=20954"}],"version-history":[{"count":1,"href":"https:\/\/www.salvatorianas.org.br\/blog\/wp-json\/wp\/v2\/posts\/20954\/revisions"}],"predecessor-version":[{"id":20956,"href":"https:\/\/www.salvatorianas.org.br\/blog\/wp-json\/wp\/v2\/posts\/20954\/revisions\/20956"}],"wp:featuredmedia":[{"embeddable":true,"href":"https:\/\/www.salvatorianas.org.br\/blog\/wp-json\/wp\/v2\/media\/20955"}],"wp:attachment":[{"href":"https:\/\/www.salvatorianas.org.br\/blog\/wp-json\/wp\/v2\/media?parent=20954"}],"wp:term":[{"taxonomy":"category","embeddable":true,"href":"https:\/\/www.salvatorianas.org.br\/blog\/wp-json\/wp\/v2\/categories?post=20954"},{"taxonomy":"post_tag","embeddable":true,"href":"https:\/\/www.salvatorianas.org.br\/blog\/wp-json\/wp\/v2\/tags?post=20954"}],"curies":[{"name":"wp","href":"https:\/\/api.w.org\/{rel}","templated":true}]}}