{"id":20894,"date":"2023-08-21T20:06:39","date_gmt":"2023-08-21T20:06:39","guid":{"rendered":"https:\/\/www.salvatorianas.org.br\/blog\/?p=20894"},"modified":"2023-08-21T20:16:31","modified_gmt":"2023-08-21T20:16:31","slug":"provincia-salvatoriana-santa-catarina-recebe-visita-de-membros-do-conselho-geral-de-roma","status":"publish","type":"post","link":"https:\/\/www.salvatorianas.org.br\/blog\/provincia-salvatoriana-santa-catarina-recebe-visita-de-membros-do-conselho-geral-de-roma\/","title":{"rendered":"Prov\u00edncia Salvatoriana Santa Catarina recebe visita de membros do Conselho Geral de Roma"},"content":{"rendered":"\n<p>As Irm\u00e3s <strong>Lilly Kurian, vice-Geral e Ren\u00e1ria Bezerra, Conselheira Geral <\/strong>chegaram em Florian\u00f3polis, SC no dia 01 de agosto em visita \u00e0 Prov\u00edncia Salvatoriana Santa Catarina. Estar\u00e3o percorrendo as Comunidades e espa\u00e7os de miss\u00e3o que comp\u00f5e a Prov\u00edncia at\u00e9 dia 01 de outubro.<\/p>\n\n\n\n<p>Al\u00e9m das visitas a todos as comunidades e espa\u00e7os de miss\u00e3o trazem uma proposta de reflex\u00e3o \u00e0 luz da experi\u00eancia dos disc\u00edpulos de Ema\u00fas e o Tema: <strong><em>ESPIRITUALIDADE E MISS\u00c3O: Caminhando com Jesus para experienci\u00e1-Lo e anunci\u00e1-Lo.<\/em><\/strong><\/p>\n\n\n\n<p>Com din\u00e2micas de reflex\u00e3o espec\u00edficas para cada grupo e miss\u00e3o visitados, as Irm\u00e3s est\u00e3o sendo animadoras, testemunhas e presen\u00e7a salvatoriana reavivando o Carisma Salvatoriano na vida e caminhada sinodal que o Papa Francisco recomenda.<\/p>\n\n\n\n<p>Alguns espa\u00e7os visitados na 1\u00aa quinzena de agosto.<\/p>\n\n\n\n<p><strong>LITORAL DE SANTA CATARINA&nbsp;&nbsp;&nbsp;&nbsp;&nbsp;&nbsp;&nbsp;<\/strong><\/p>\n\n\n\n<figure class=\"wp-block-gallery has-nested-images columns-default is-cropped wp-block-gallery-1 is-layout-flex\">\n<figure class=\"wp-block-image size-large\"><img decoding=\"async\" loading=\"lazy\" width=\"876\" height=\"668\" data-id=\"20905\"  src=\"https:\/\/www.salvatorianas.org.br\/blog\/wp-content\/uploads\/2023\/08\/foto2-5.jpg\" alt=\"\" class=\"wp-image-20905\" srcset=\"https:\/\/www.salvatorianas.org.br\/blog\/wp-content\/uploads\/2023\/08\/foto2-5.jpg 876w, https:\/\/www.salvatorianas.org.br\/blog\/wp-content\/uploads\/2023\/08\/foto2-5-300x229.jpg 300w, https:\/\/www.salvatorianas.org.br\/blog\/wp-content\/uploads\/2023\/08\/foto2-5-768x586.jpg 768w\" sizes=\"(max-width: 876px) 100vw, 876px\" \/><figcaption class=\"wp-element-caption\"><strong><em>Comunidade Rainha da Paz<\/em><\/strong><br><strong><em>Florian\u00f3polis\/SC<\/em><\/strong><\/figcaption><\/figure>\n\n\n\n<figure class=\"wp-block-image size-large\"><img decoding=\"async\" loading=\"lazy\" width=\"597\" height=\"735\" data-id=\"20903\"  src=\"https:\/\/www.salvatorianas.org.br\/blog\/wp-content\/uploads\/2023\/08\/foto3-2.jpg\" alt=\"\" class=\"wp-image-20903\" srcset=\"https:\/\/www.salvatorianas.org.br\/blog\/wp-content\/uploads\/2023\/08\/foto3-2.jpg 597w, https:\/\/www.salvatorianas.org.br\/blog\/wp-content\/uploads\/2023\/08\/foto3-2-244x300.jpg 244w\" sizes=\"(max-width: 597px) 100vw, 597px\" \/><figcaption class=\"wp-element-caption\"><strong><em>Comunidade Stellamaris<\/em><\/strong><br><strong><em>Florian\u00f3polis\/SC<\/em><\/strong><\/figcaption><\/figure>\n<\/figure>\n\n\n\n<figure class=\"wp-block-gallery has-nested-images columns-default is-cropped wp-block-gallery-3 is-layout-flex\">\n<figure class=\"wp-block-image size-large\"><img decoding=\"async\" loading=\"lazy\" width=\"1024\" height=\"576\" data-id=\"20908\"  src=\"https:\/\/www.salvatorianas.org.br\/blog\/wp-content\/uploads\/2023\/08\/foto4-1-1024x576.jpg\" alt=\"\" class=\"wp-image-20908\" srcset=\"https:\/\/www.salvatorianas.org.br\/blog\/wp-content\/uploads\/2023\/08\/foto4-1-1024x576.jpg 1024w, https:\/\/www.salvatorianas.org.br\/blog\/wp-content\/uploads\/2023\/08\/foto4-1-300x169.jpg 300w, https:\/\/www.salvatorianas.org.br\/blog\/wp-content\/uploads\/2023\/08\/foto4-1-768x432.jpg 768w, https:\/\/www.salvatorianas.org.br\/blog\/wp-content\/uploads\/2023\/08\/foto4-1-1536x864.jpg 1536w, https:\/\/www.salvatorianas.org.br\/blog\/wp-content\/uploads\/2023\/08\/foto4-1.jpg 1600w\" sizes=\"(max-width: 1024px) 100vw, 1024px\" \/><figcaption class=\"wp-element-caption\"><strong><em>Col\u00e9gio Salvatoriano Padre Jordan<\/em><\/strong><br><strong><em>Florian\u00f3polis\/SC<\/em><\/strong><\/figcaption><\/figure>\n\n\n\n<figure class=\"wp-block-image size-large\"><img decoding=\"async\" loading=\"lazy\" width=\"819\" height=\"582\" data-id=\"20906\"  src=\"https:\/\/www.salvatorianas.org.br\/blog\/wp-content\/uploads\/2023\/08\/foto5.jpg\" alt=\"\" class=\"wp-image-20906\" srcset=\"https:\/\/www.salvatorianas.org.br\/blog\/wp-content\/uploads\/2023\/08\/foto5.jpg 819w, https:\/\/www.salvatorianas.org.br\/blog\/wp-content\/uploads\/2023\/08\/foto5-300x213.jpg 300w, https:\/\/www.salvatorianas.org.br\/blog\/wp-content\/uploads\/2023\/08\/foto5-768x546.jpg 768w\" sizes=\"(max-width: 819px) 100vw, 819px\" \/><figcaption class=\"wp-element-caption\"><strong><em>Col\u00e9gio Salvatoriano Padre Jordan<\/em><\/strong><br><strong><em>Florian\u00f3polis\/SC<\/em><\/strong><\/figcaption><\/figure>\n<\/figure>\n\n\n\n<figure class=\"wp-block-gallery has-nested-images columns-default is-cropped wp-block-gallery-5 is-layout-flex\">\n<figure class=\"wp-block-image size-large\"><img decoding=\"async\" loading=\"lazy\" width=\"801\" height=\"532\" data-id=\"20910\"  src=\"https:\/\/www.salvatorianas.org.br\/blog\/wp-content\/uploads\/2023\/08\/foto6.jpg\" alt=\"\" class=\"wp-image-20910\" srcset=\"https:\/\/www.salvatorianas.org.br\/blog\/wp-content\/uploads\/2023\/08\/foto6.jpg 801w, https:\/\/www.salvatorianas.org.br\/blog\/wp-content\/uploads\/2023\/08\/foto6-300x199.jpg 300w, https:\/\/www.salvatorianas.org.br\/blog\/wp-content\/uploads\/2023\/08\/foto6-768x510.jpg 768w\" sizes=\"(max-width: 801px) 100vw, 801px\" \/><figcaption class=\"wp-element-caption\"><strong><em>Col\u00e9gio Salvatoriano Nossa Senhora de F\u00e1tima<\/em><\/strong><br><strong><em>Florian\u00f3polis\/SC<\/em><\/strong><\/figcaption><\/figure>\n\n\n\n<figure class=\"wp-block-image size-large\"><img decoding=\"async\" loading=\"lazy\" width=\"887\" height=\"594\" data-id=\"20909\"  src=\"https:\/\/www.salvatorianas.org.br\/blog\/wp-content\/uploads\/2023\/08\/foto7.jpg\" alt=\"\" class=\"wp-image-20909\" srcset=\"https:\/\/www.salvatorianas.org.br\/blog\/wp-content\/uploads\/2023\/08\/foto7.jpg 887w, https:\/\/www.salvatorianas.org.br\/blog\/wp-content\/uploads\/2023\/08\/foto7-300x201.jpg 300w, https:\/\/www.salvatorianas.org.br\/blog\/wp-content\/uploads\/2023\/08\/foto7-768x514.jpg 768w\" sizes=\"(max-width: 887px) 100vw, 887px\" \/><figcaption class=\"wp-element-caption\"><strong><em>Col\u00e9gio Salvatoriano Nossa Senhora de F\u00e1tima<\/em><\/strong><br><strong><em>Florian\u00f3polis\/SC<\/em><\/strong><\/figcaption><\/figure>\n<\/figure>\n\n\n\n<figure class=\"wp-block-gallery has-nested-images columns-default is-cropped wp-block-gallery-7 is-layout-flex\">\n<figure class=\"wp-block-image size-large\"><img decoding=\"async\" loading=\"lazy\" width=\"826\" height=\"551\" data-id=\"20911\"  src=\"https:\/\/www.salvatorianas.org.br\/blog\/wp-content\/uploads\/2023\/08\/foto8.jpg\" alt=\"\" class=\"wp-image-20911\" srcset=\"https:\/\/www.salvatorianas.org.br\/blog\/wp-content\/uploads\/2023\/08\/foto8.jpg 826w, https:\/\/www.salvatorianas.org.br\/blog\/wp-content\/uploads\/2023\/08\/foto8-300x200.jpg 300w, https:\/\/www.salvatorianas.org.br\/blog\/wp-content\/uploads\/2023\/08\/foto8-768x512.jpg 768w\" sizes=\"(max-width: 826px) 100vw, 826px\" \/><figcaption class=\"wp-element-caption\"><strong><em>Col\u00e9gio Salvatoriano Nossa Senhora de F\u00e1tima<\/em><\/strong><br><strong><em>Florian\u00f3polis\/SC<\/em><\/strong><\/figcaption><\/figure>\n\n\n\n<figure class=\"wp-block-image size-large\"><img decoding=\"async\" loading=\"lazy\" width=\"638\" height=\"823\" data-id=\"20913\"  src=\"https:\/\/www.salvatorianas.org.br\/blog\/wp-content\/uploads\/2023\/08\/foto9-1.jpg\" alt=\"\" class=\"wp-image-20913\" srcset=\"https:\/\/www.salvatorianas.org.br\/blog\/wp-content\/uploads\/2023\/08\/foto9-1.jpg 638w, https:\/\/www.salvatorianas.org.br\/blog\/wp-content\/uploads\/2023\/08\/foto9-1-233x300.jpg 233w\" sizes=\"(max-width: 638px) 100vw, 638px\" \/><figcaption class=\"wp-element-caption\"><strong><em>Comunidade Solimar<br>Florian\u00f3polis\/SC<\/em><\/strong><\/figcaption><\/figure>\n<\/figure>\n\n\n\n<p><\/p>\n\n\n\n<p class=\"has-text-align-center\"><strong><em>\u201cN\u00e3o ardia o nosso cora\u00e7\u00e3o, quando ele nos falava no caminho?\u201d<\/em><\/strong><\/p>\n\n\n\n<p class=\"has-text-align-center\"><strong>Regional de Curitiba<\/strong><\/p>\n\n\n\n<div class=\"wp-block-group is-vertical is-layout-flex wp-container-11\">\n<p><strong><em>Comunidades<\/em><\/strong>: <strong><em>Santo Ant\u00f4nio,<\/em><\/strong> <strong><em>Padre Jordan, Madre Maria<\/em><\/strong><\/p>\n\n\n\n<p>Animadas pelas palavras do evangelista que narra a experi\u00eancia no caminho de Ema\u00fas e motivadas pelas Irm\u00e3s Lilly Kurian e Ren\u00e1ria Bezerra do Conselho Geral, nos Irm\u00e3s do Regional de Curitiba, vivenciamos no dia de hoje a experi\u00eancia gratificante de reconhecer no percorrer do caminho da nossa espiritualidade, da escuta da outra e da unidade com a vida da Congrega\u00e7\u00e3o o Jesus ressuscitado que nunca nos deixa s\u00f3, mas conosco percorre o caminho a fortalecer e animar nossa Vida em Miss\u00e3o. Gratid\u00e3o a Deus e a cada Irm\u00e3 pela rica partilha e viv\u00eancia neste dia. Alegrem-se conosco amadas&nbsp;Irm\u00e3s!<\/p>\n\n\n\n<figure class=\"wp-block-gallery has-nested-images columns-default is-cropped wp-block-gallery-9 is-layout-flex\">\n<figure class=\"wp-block-image size-large\"><img decoding=\"async\" loading=\"lazy\" width=\"770\" height=\"477\" src=\"https:\/\/www.salvatorianas.org.br\/blog\/wp-content\/uploads\/2023\/08\/foto10.jpg\" alt=\"\" class=\"wp-image-20914\" srcset=\"https:\/\/www.salvatorianas.org.br\/blog\/wp-content\/uploads\/2023\/08\/foto10.jpg 770w, https:\/\/www.salvatorianas.org.br\/blog\/wp-content\/uploads\/2023\/08\/foto10-300x186.jpg 300w, https:\/\/www.salvatorianas.org.br\/blog\/wp-content\/uploads\/2023\/08\/foto10-768x476.jpg 768w\" sizes=\"(max-width: 770px) 100vw, 770px\" \/><\/figure>\n<\/figure>\n<\/div>\n\n\n\n<p><\/p>\n\n\n\n<p><strong>e comunidade Alian\u00e7a, Joinville\/SC<\/strong><\/p>\n\n\n\n<figure class=\"wp-block-gallery has-nested-images columns-default is-cropped wp-block-gallery-12 is-layout-flex\">\n<figure class=\"wp-block-image size-large\"><img decoding=\"async\" loading=\"lazy\" width=\"649\" height=\"649\" data-id=\"20915\"  src=\"https:\/\/www.salvatorianas.org.br\/blog\/wp-content\/uploads\/2023\/08\/foto11.jpg\" alt=\"\" class=\"wp-image-20915\" srcset=\"https:\/\/www.salvatorianas.org.br\/blog\/wp-content\/uploads\/2023\/08\/foto11.jpg 649w, https:\/\/www.salvatorianas.org.br\/blog\/wp-content\/uploads\/2023\/08\/foto11-300x300.jpg 300w, https:\/\/www.salvatorianas.org.br\/blog\/wp-content\/uploads\/2023\/08\/foto11-150x150.jpg 150w\" sizes=\"(max-width: 649px) 100vw, 649px\" \/><\/figure>\n\n\n\n<figure class=\"wp-block-image size-large\"><img decoding=\"async\" loading=\"lazy\" width=\"706\" height=\"706\" data-id=\"20916\"  src=\"https:\/\/www.salvatorianas.org.br\/blog\/wp-content\/uploads\/2023\/08\/foto12.jpg\" alt=\"\" class=\"wp-image-20916\" srcset=\"https:\/\/www.salvatorianas.org.br\/blog\/wp-content\/uploads\/2023\/08\/foto12.jpg 706w, https:\/\/www.salvatorianas.org.br\/blog\/wp-content\/uploads\/2023\/08\/foto12-300x300.jpg 300w, https:\/\/www.salvatorianas.org.br\/blog\/wp-content\/uploads\/2023\/08\/foto12-150x150.jpg 150w\" sizes=\"(max-width: 706px) 100vw, 706px\" \/><\/figure>\n<\/figure>\n","protected":false},"excerpt":{"rendered":"<p>As Irm\u00e3s Lilly Kurian, vice-Geral e Ren\u00e1ria Bezerra, Conselheira Geral chegaram em Florian\u00f3polis, SC no dia 01 de agosto em visita \u00e0 Prov\u00edncia Salvatoriana Santa Catarina. Estar\u00e3o percorrendo as Comunidades e espa\u00e7os de&#8230;<\/p>\n","protected":false},"author":2,"featured_media":20920,"comment_status":"open","ping_status":"open","sticky":false,"template":"","format":"standard","meta":[],"categories":[1],"tags":[],"_links":{"self":[{"href":"https:\/\/www.salvatorianas.org.br\/blog\/wp-json\/wp\/v2\/posts\/20894"}],"collection":[{"href":"https:\/\/www.salvatorianas.org.br\/blog\/wp-json\/wp\/v2\/posts"}],"about":[{"href":"https:\/\/www.salvatorianas.org.br\/blog\/wp-json\/wp\/v2\/types\/post"}],"author":[{"embeddable":true,"href":"https:\/\/www.salvatorianas.org.br\/blog\/wp-json\/wp\/v2\/users\/2"}],"replies":[{"embeddable":true,"href":"https:\/\/www.salvatorianas.org.br\/blog\/wp-json\/wp\/v2\/comments?post=20894"}],"version-history":[{"count":7,"href":"https:\/\/www.salvatorianas.org.br\/blog\/wp-json\/wp\/v2\/posts\/20894\/revisions"}],"predecessor-version":[{"id":20928,"href":"https:\/\/www.salvatorianas.org.br\/blog\/wp-json\/wp\/v2\/posts\/20894\/revisions\/20928"}],"wp:featuredmedia":[{"embeddable":true,"href":"https:\/\/www.salvatorianas.org.br\/blog\/wp-json\/wp\/v2\/media\/20920"}],"wp:attachment":[{"href":"https:\/\/www.salvatorianas.org.br\/blog\/wp-json\/wp\/v2\/media?parent=20894"}],"wp:term":[{"taxonomy":"category","embeddable":true,"href":"https:\/\/www.salvatorianas.org.br\/blog\/wp-json\/wp\/v2\/categories?post=20894"},{"taxonomy":"post_tag","embeddable":true,"href":"https:\/\/www.salvatorianas.org.br\/blog\/wp-json\/wp\/v2\/tags?post=20894"}],"curies":[{"name":"wp","href":"https:\/\/api.w.org\/{rel}","templated":true}]}}