{"id":2088,"date":"2015-06-19T00:00:00","date_gmt":"2015-06-19T00:00:00","guid":{"rendered":"https:\/\/www.salvatorianas.org.br\/blog\/nova-enciclica-do-papa-francisco-pede-conversao-ecologica\/"},"modified":"2015-06-19T00:00:00","modified_gmt":"2015-06-19T00:00:00","slug":"nova-enciclica-do-papa-francisco-pede-conversao-ecologica","status":"publish","type":"post","link":"https:\/\/www.salvatorianas.org.br\/blog\/nova-enciclica-do-papa-francisco-pede-conversao-ecologica\/","title":{"rendered":"Nova Enc\u00edclica do papa Francisco pede convers\u00e3o ecol\u00f3gica"},"content":{"rendered":"<p style=\"text-align: justify;\">[imagem2]<\/p>\n<p style=\"text-align: justify;\">&nbsp;<\/p>\n<p style=\"text-align: justify;\">O Vaticano divulgou na manh&atilde; de quinta-feira, 18, a nova Enc&iacute;clica do papa Francisco, &#8220;Laudato si &#8211; sobre o cuidado da casa comum&rdquo;. A aguardada Enc&iacute;clica ecol&oacute;gica do papa traz este interrogativo no seu &acirc;mago: &#8220;Que tipo de mundo queremos deixar a quem vai suceder-nos, &agrave;s crian&ccedil;as que est&atilde;o a crescer?&#8221;&nbsp;<\/p>\n<p style=\"text-align: justify;\">O nome foi inspirado na invoca&ccedil;&atilde;o de S&atilde;o Francisco &#8220;Louvado sejas, meu Senhor&#8221;, que no C&acirc;ntico das Criaturas recorda que a terra &#8220;se pode comparar ora a uma irm&atilde;, com quem partilhamos a exist&ecirc;ncia, ora a uma m&atilde;e, que nos acolhe nos seus bra&ccedil;os&#8221;. Agora, esta terra maltratada e saqueada se lamenta e os seus gemidos se unem aos de todos os abandonados do mundo.<\/p>\n<p style=\"text-align: justify;\">No decorrer de seis cap&iacute;tulos, o Papa convida a ouvir esses gemidos, exortando todos a uma &#8220;convers&atilde;o ecol&oacute;gica&#8221;, a &#8220;mudar de rumo&#8221;, assumindo a responsabilidade de um compromisso para o &#8220;cuidado da casa comum&#8221;.<\/p>\n<p style=\"text-align: justify;\">O Pont&iacute;fice se dirige certamente aos cat&oacute;licos, aos crist&atilde;os de outras confiss&otilde;es, mas n&atilde;o s&oacute;: quer entrar em di&aacute;logo com todos, como instrumento para enfrentar e resolver os problemas.<\/p>\n<p style=\"text-align: center;\"><strong>Eis alguns temas analisados na Enc&iacute;clica:<\/strong><\/p>\n<p style=\"text-align: justify;\"><strong>As mudan&ccedil;as clim&aacute;ticas<\/strong><\/p>\n<p style=\"text-align: justify;\">&#8220;As mudan&ccedil;as clim&aacute;ticas s&atilde;o um problema global com graves implica&ccedil;&otilde;es ambientais, sociais, econ&ocirc;micas, distributivas e pol&iacute;ticas, e constituem um dos principais desafios atuais para a humanidade&#8221;. Se &#8220;o clima &eacute; um bem comum, um bem de todos e para todos&#8221;, o impacto mais pesado da sua altera&ccedil;&atilde;o recai sobre os mais pobres.<\/p>\n<p style=\"text-align: justify;\"><strong>A quest&atilde;o da &aacute;gua<\/strong><\/p>\n<p style=\"text-align: justify;\">O Pont&iacute;fice afirma claramente que &#8220;o acesso &agrave; &aacute;gua pot&aacute;vel e segura &eacute; um direito humano essencial, fundamental e universal, porque determina a sobreviv&ecirc;ncia das pessoas e, portanto, &eacute; condi&ccedil;&atilde;o para o exerc&iacute;cio dos outros direitos humanos&#8221;. Privar os pobres do acesso &agrave; &aacute;gua significa &#8220;negar-lhes o direito &agrave; vida radicado na sua dignidade inalien&aacute;vel&#8221;.<\/p>\n<p style=\"text-align: justify;\"><strong>A d&iacute;vida ecol&oacute;gica<\/strong><\/p>\n<p style=\"text-align: justify;\">No &acirc;mbito de uma &eacute;tica das rela&ccedil;&otilde;es internacionais, a Enc&iacute;clica indica que existe uma verdadeira &ldquo;d&iacute;vida ecol&oacute;gica&rdquo;, sobretudo do Norte em rela&ccedil;&atilde;o ao Sul do mundo. Diante das mudan&ccedil;as clim&aacute;ticas, h&aacute; &#8220;responsabilidades diversificadas&#8221;, e as dos pa&iacute;ses desenvolvidos s&atilde;o maiores. O Papa Francisco se mostra impressionado com a &#8220;fraqueza das rea&ccedil;&otilde;es&#8221; diante dos dramas de tantas pessoas e popula&ccedil;&otilde;es.<\/p>\n<p style=\"text-align: justify;\"><strong>A raiz humana da crise ecol&oacute;gica<\/strong><\/p>\n<p style=\"text-align: justify;\">O ser humano n&atilde;o reconhece mais a sua correta posi&ccedil;&atilde;o em rela&ccedil;&atilde;o ao mundo e assume uma posi&ccedil;&atilde;o auto-referencial, centrada exclusivamente em si mesmo e no pr&oacute;prio poder. Deriva ent&atilde;o uma l&oacute;gica do &#8220;descart&aacute;vel&#8221; que justifica todo tipo de descarte, ambiental ou humano que seja.<\/p>\n<p style=\"text-align: justify;\"><strong>Mudan&ccedil;a nos estilos de vida<\/strong><\/p>\n<p style=\"text-align: justify;\">A Enc&iacute;clica retoma a linha proposta na <em>Evangelii Gaudium<\/em>: &#8220;A sobriedade, vivida livre e conscientemente, &eacute; libertadora&#8221;. O Papa prop&otilde;e mudan&ccedil;as nos estilos de vida, atrav&eacute;s da educa&ccedil;&atilde;o e da espiritualidade. Uma educa&ccedil;&atilde;o ambiental que incida sobre gestos e h&aacute;bitos quotidianos, da redu&ccedil;&atilde;o do consumo de &aacute;gua, &agrave; separa&ccedil;&atilde;o do lixo at&eacute; &#8220;apagar luzes desnecess&aacute;rias&#8221;. Para Francisco, &#8220;uma ecologia integral &eacute; feita tamb&eacute;m de simples gestos quotidianos, pelos quais quebramos a l&oacute;gica da viol&ecirc;ncia, da explora&ccedil;&atilde;o, do ego&iacute;smo&#8221;. O Pont&iacute;fice recorda, por&eacute;m, que tudo isto ser&aacute; mais f&aacute;cil a partir de um olhar contemplativo que vem da f&eacute;: &#8220;O crente contempla o mundo, n&atilde;o como algu&eacute;m que est&aacute; fora dele, mas dentro, reconhecendo os la&ccedil;os com que o Pai nos uniu a todos os seres&#8221;.<\/p>\n<p style=\"text-align: justify;\">O cora&ccedil;&atilde;o da proposta da Enc&iacute;clica &eacute; a ecologia integral como novo paradigma de justi&ccedil;a; uma ecologia &#8220;que integre o lugar espec&iacute;fico que o ser humano ocupa neste mundo e as suas rela&ccedil;&otilde;es com a realidade que o circunda&#8221;.<\/p>\n<p style=\"text-align: justify;\">A esperan&ccedil;a permeia todo o texto e, segundo Francisco, n&atilde;o se deve pensar que esses esfor&ccedil;os n&atilde;o mudar&atilde;o o mundo. A crise ecol&oacute;gica, portanto, &eacute; um apelo a uma profunda convers&atilde;o interior. Pode-se necessitar pouco e viver muito.<\/p>\n<p style=\"text-align: justify;\">&nbsp;<\/p>\n<p style=\"text-align: justify;\"><strong><a href=\"http:\/\/w2.vatican.va\/content\/dam\/francesco\/pdf\/encyclicals\/documents\/papa-francesco_20150524_enciclica-laudato-si_po.pdf\" target=\"_blank\">Confira a vers&atilde;o em portugu&ecirc;s da nova Enc&iacute;clica.<\/a>&nbsp;<\/strong><\/p>\n<p style=\"text-align: justify;\">&nbsp;<\/p>\n<p style=\"text-align: justify;\"><em>Fonte: R&aacute;dio Vaticano<\/em><\/p>\n","protected":false},"excerpt":{"rendered":"<p>[imagem2] &nbsp; O Vaticano divulgou na manh&atilde; de quinta-feira, 18, a nova Enc&iacute;clica do papa Francisco, &#8220;Laudato si &#8211; sobre o cuidado da casa comum&rdquo;. A aguardada Enc&iacute;clica ecol&oacute;gica do papa traz este&#8230;<\/p>\n","protected":false},"author":1,"featured_media":2301,"comment_status":"open","ping_status":"open","sticky":false,"template":"","format":"standard","meta":[],"categories":[1],"tags":[],"_links":{"self":[{"href":"https:\/\/www.salvatorianas.org.br\/blog\/wp-json\/wp\/v2\/posts\/2088"}],"collection":[{"href":"https:\/\/www.salvatorianas.org.br\/blog\/wp-json\/wp\/v2\/posts"}],"about":[{"href":"https:\/\/www.salvatorianas.org.br\/blog\/wp-json\/wp\/v2\/types\/post"}],"author":[{"embeddable":true,"href":"https:\/\/www.salvatorianas.org.br\/blog\/wp-json\/wp\/v2\/users\/1"}],"replies":[{"embeddable":true,"href":"https:\/\/www.salvatorianas.org.br\/blog\/wp-json\/wp\/v2\/comments?post=2088"}],"version-history":[{"count":0,"href":"https:\/\/www.salvatorianas.org.br\/blog\/wp-json\/wp\/v2\/posts\/2088\/revisions"}],"wp:featuredmedia":[{"embeddable":true,"href":"https:\/\/www.salvatorianas.org.br\/blog\/wp-json\/wp\/v2\/media\/2301"}],"wp:attachment":[{"href":"https:\/\/www.salvatorianas.org.br\/blog\/wp-json\/wp\/v2\/media?parent=2088"}],"wp:term":[{"taxonomy":"category","embeddable":true,"href":"https:\/\/www.salvatorianas.org.br\/blog\/wp-json\/wp\/v2\/categories?post=2088"},{"taxonomy":"post_tag","embeddable":true,"href":"https:\/\/www.salvatorianas.org.br\/blog\/wp-json\/wp\/v2\/tags?post=2088"}],"curies":[{"name":"wp","href":"https:\/\/api.w.org\/{rel}","templated":true}]}}