{"id":20845,"date":"2023-08-23T01:42:00","date_gmt":"2023-08-23T01:42:00","guid":{"rendered":"https:\/\/www.salvatorianas.org.br\/blog\/?p=20845"},"modified":"2023-08-21T16:51:35","modified_gmt":"2023-08-21T16:51:35","slug":"santa-rosa-de-lima-virgem-padroeira-da-america-latina-festa-ano-a","status":"publish","type":"post","link":"https:\/\/www.salvatorianas.org.br\/blog\/santa-rosa-de-lima-virgem-padroeira-da-america-latina-festa-ano-a\/","title":{"rendered":"Santa Rosa de Lima, virgem, Padroeira da Am\u00e9rica Latina, Festa, Ano A"},"content":{"rendered":"\n<p>Alegremo-nos todos no Senhor, celebrando este dia festivo em honra da virgem Santa Rosa de Lima. Conosco alegram-se os anjos e glorificam o Filho de Deus.<\/p>\n\n\n\n<p><em>Isabel, chamada Rosa por sua beleza, nasceu no Peru em 1586 e l\u00e1 faleceu em 1617. Ingressou na Ordem Terceira Dominicana, tendo como exemplo de vida Santa Catarina de Sena. Dedicou-se ao jejum, \u00e0 penit\u00eancia e \u00e0 ora\u00e7\u00e3o contemplativa. \u00c9 a primeira santa do continente americano e padroeira da Am\u00e9rica Latina. Motivados por seu edificante testemunho, sejamos sinais inspiradores de cuidado, ternura e solicitude em servir a Deus e ao pr\u00f3ximo.<\/em><\/p>\n\n\n\n<p>Primeira Leitura:&nbsp;<strong>2 Cor\u00edntios 10,17-11,2<\/strong><\/p>\n\n\n\n<p>Leitura da segunda carta de S\u00e3o Paulo aos Cor\u00edn\u00adtios \u2013 Irm\u00e3os,&nbsp;<sup>17<\/sup>quem se gloria, glorie-se no Senhor.&nbsp;<sup>18<\/sup>Pois \u00e9 aprovado s\u00f3 aquele que o Senhor recomenda, e n\u00e3o aquele que se recomenda a si mesmo.&nbsp;<sup>11,1<\/sup>Oxal\u00e1 pud\u00e9sseis suportar um pouco de insensatez da minha parte. Na verdade, v\u00f3s me suportais.&nbsp;<sup>2<\/sup>Sinto por v\u00f3s um amor ciumento, semelhante ao amor que Deus vos tem. Fui eu que vos desposei a um \u00fanico esposo, apresentando-vos a Cristo como virgem pura. \u2013 Palavra do Senhor.<\/p>\n\n\n\n<p>Salmo Responsorial:&nbsp;<strong>148<\/strong><\/p>\n\n\n\n<p><em><strong>V\u00f3s, jovens, v\u00f3s, mo\u00e7as e rapazes,&nbsp;\/&nbsp;louvai todos o nome do Senhor!<\/strong><\/em><\/p>\n\n\n\n<p>1. Louvai o Senhor Deus nos altos c\u00e9us,&nbsp;\/&nbsp;louvai-o no excelso firmamento!&nbsp;\/&nbsp;Louvai-o, anjos seus, todos louvai-o,&nbsp;\/&nbsp;louvai-o, legi\u00f5es celestiais!&nbsp;\u2013 R.<\/p>\n\n\n\n<p>2. Reis da terra, povos todos, bendizei-o,&nbsp;\/&nbsp;e v\u00f3s, pr\u00edncipes e todos os ju\u00edzes;&nbsp;\/&nbsp;e v\u00f3s, jovens, e v\u00f3s, mo\u00e7as e rapazes,&nbsp;\u2020&nbsp;anci\u00e3os e criancinhas, bendizei-o!&nbsp;\/&nbsp;Louvem o nome do Senhor, louvem-no todos.&nbsp;\u2013 R.<\/p>\n\n\n\n<p>3. A majestade e esplendor de sua gl\u00f3ria&nbsp;\/&nbsp;ultrapassam em grandeza o c\u00e9u e a terra.&nbsp;\/&nbsp;Ele exaltou seu povo eleito em poderio,&nbsp;\/&nbsp;ele \u00e9 o motivo de louvor para os seus santos.&nbsp;\/&nbsp;\u00c9 um hino para os filhos de Israel,&nbsp;\/&nbsp;este povo que ele ama e lhe pertence.&nbsp;\u2013 R.<\/p>\n\n\n\n<p>Evangelho:&nbsp;<strong>Mateus 13,44-46<\/strong><\/p>\n\n\n\n<p><strong><em>Aleluia, aleluia, aleluia.<\/em><\/strong><\/p>\n\n\n\n<p><strong>Ficai em meu amor, assim fala o Senhor;&nbsp;\/&nbsp;quem em mim permanece e no qual permane\u00e7o, esse d\u00e1 muito fruto! (Jo 15,9.5)&nbsp;\u2013 R.<\/strong><\/p>\n\n\n\n<p>Proclama\u00e7\u00e3o do Evangelho de Jesus Cristo segundo Mateus \u2013 Naquele tempo, disse Jesus \u00e0 multid\u00e3o:&nbsp;<sup>44<\/sup>\u201cO Reino dos C\u00e9us \u00e9 como um tesouro escondido no campo. Um homem o encontra e o mant\u00e9m escondido. Cheio de alegria, ele vai, vende todos os seus bens e compra aquele campo.&nbsp;<sup>45<\/sup>O Reino dos C\u00e9us tamb\u00e9m \u00e9 como um comprador que procura p\u00e9rolas preciosas.&nbsp;<sup>46<\/sup>Quando encontra uma p\u00e9rola de grande valor, ele vai, vende todos os seus bens e compra aquela p\u00e9rola\u201d. \u2013 Palavra da salva\u00e7\u00e3o.<\/p>\n\n\n\n<p>Reflex\u00e3o:<\/p>\n\n\n\n<p><em>Isabel Flores y de Oliva, chamada \u201cRosa\u201d por sua encantadora beleza, era filha de imigrantes espanh\u00f3is estabelecidos no Peru. Nasceu em 1586. Na adolesc\u00eancia, inscreveu-se na Ordem Terceira dominicana. Consagrou a vida cuidando dos pobres. Rezou e se mortificou para a salva\u00e7\u00e3o deles. Levou vida de extraordin\u00e1ria penit\u00eancia e intensa piedade eucar\u00edstica. Particularmente devota de Nossa Senhora, rezou pelo crescimento da Igreja entre os \u00edndios da Am\u00e9rica. Favorecida com singulares dons m\u00edsticos, principalmente nos \u00faltimos anos, morreu em Lima em 1617, com trinta e um anos de idade, ap\u00f3s agudos sofrimentos. \u00c9 a primeira santa canonizada do continente americano. Santa Rosa de Lima \u00e9 venerada n\u00e3o s\u00f3 como padroeira da sua p\u00e1tria, mas de toda a Am\u00e9rica Latina e das Ilhas Filipinas.<\/em><\/p>\n","protected":false},"excerpt":{"rendered":"<p>Alegremo-nos todos no Senhor, celebrando este dia festivo em honra da virgem Santa Rosa de Lima. Conosco alegram-se os anjos e glorificam o Filho de Deus. Isabel, chamada Rosa por sua beleza, nasceu&#8230;<\/p>\n","protected":false},"author":2,"featured_media":20853,"comment_status":"open","ping_status":"open","sticky":false,"template":"","format":"standard","meta":[],"categories":[7],"tags":[],"_links":{"self":[{"href":"https:\/\/www.salvatorianas.org.br\/blog\/wp-json\/wp\/v2\/posts\/20845"}],"collection":[{"href":"https:\/\/www.salvatorianas.org.br\/blog\/wp-json\/wp\/v2\/posts"}],"about":[{"href":"https:\/\/www.salvatorianas.org.br\/blog\/wp-json\/wp\/v2\/types\/post"}],"author":[{"embeddable":true,"href":"https:\/\/www.salvatorianas.org.br\/blog\/wp-json\/wp\/v2\/users\/2"}],"replies":[{"embeddable":true,"href":"https:\/\/www.salvatorianas.org.br\/blog\/wp-json\/wp\/v2\/comments?post=20845"}],"version-history":[{"count":1,"href":"https:\/\/www.salvatorianas.org.br\/blog\/wp-json\/wp\/v2\/posts\/20845\/revisions"}],"predecessor-version":[{"id":20847,"href":"https:\/\/www.salvatorianas.org.br\/blog\/wp-json\/wp\/v2\/posts\/20845\/revisions\/20847"}],"wp:featuredmedia":[{"embeddable":true,"href":"https:\/\/www.salvatorianas.org.br\/blog\/wp-json\/wp\/v2\/media\/20853"}],"wp:attachment":[{"href":"https:\/\/www.salvatorianas.org.br\/blog\/wp-json\/wp\/v2\/media?parent=20845"}],"wp:term":[{"taxonomy":"category","embeddable":true,"href":"https:\/\/www.salvatorianas.org.br\/blog\/wp-json\/wp\/v2\/categories?post=20845"},{"taxonomy":"post_tag","embeddable":true,"href":"https:\/\/www.salvatorianas.org.br\/blog\/wp-json\/wp\/v2\/tags?post=20845"}],"curies":[{"name":"wp","href":"https:\/\/api.w.org\/{rel}","templated":true}]}}