{"id":20842,"date":"2023-08-22T01:41:00","date_gmt":"2023-08-22T01:41:00","guid":{"rendered":"https:\/\/www.salvatorianas.org.br\/blog\/?p=20842"},"modified":"2023-08-21T16:42:24","modified_gmt":"2023-08-21T16:42:24","slug":"bem-aventurada-virgem-maria-rainha-memoria","status":"publish","type":"post","link":"https:\/\/www.salvatorianas.org.br\/blog\/bem-aventurada-virgem-maria-rainha-memoria\/","title":{"rendered":"Bem-aventurada Virgem Maria Rainha, Mem\u00f3ria"},"content":{"rendered":"\n<p>A rainha est\u00e1 \u00e0 vossa direita com suas vestes de ouro, ornada de esplendor (Sl 44,10).<\/p>\n\n\n\n<p><em>O calend\u00e1rio romano aproximou a celebra\u00e7\u00e3o lit\u00fargica da mem\u00f3ria de Nossa Senhora Rainha \u00e0 solenidade da Assun\u00e7\u00e3o, a fim de tornar mais evidente a conex\u00e3o entre a assun\u00e7\u00e3o e a realeza de Maria. O senhorio de Maria amadureceu na obedi\u00eancia \u00e0 voca\u00e7\u00e3o materna, acolhida na anuncia\u00e7\u00e3o. O an\u00fancio do Reino de Jesus trazido pelo anjo engloba tamb\u00e9m o da Rainha M\u00e3e. Deixemo-nos impulsionar por Maria, cujo reinar \u00e9 servir. Servir a Deus e aos irm\u00e3os.<\/em><\/p>\n\n\n\n<p>Primeira Leitura:&nbsp;<strong>Isa\u00edas 9,1-6<\/strong><\/p>\n\n\n\n<p>Leitura do livro do profeta Isa\u00edas \u2013&nbsp;<sup>1<\/sup>O povo que andava na escurid\u00e3o viu uma grande luz; para os que habitavam nas sombras da morte, uma luz resplandeceu.&nbsp;<sup>2<\/sup>Fizeste crescer a alegria e aumentaste a felicidade; todos se regozijam em tua presen\u00e7a como alegres ceifeiros na colheita ou como exaltados guerreiros ao dividirem os despojos.&nbsp;<sup>3<\/sup>Pois o jugo que oprimia o povo \u2013 a carga sobre os ombros, o orgulho dos fiscais -, tu os abateste como na jornada de Madi\u00e3.&nbsp;<sup>4<\/sup>Botas de tropa de assalto, trajes manchados de sangue, tudo ser\u00e1 queimado e devorado pelas chamas.&nbsp;<sup>5<\/sup>Porque nasceu para n\u00f3s um menino, foi-nos dado um filho; ele traz aos ombros a marca da realeza; o nome que lhe foi dado \u00e9: Conselheiro admir\u00e1vel, Deus forte, Pai dos tempos futuros, Pr\u00edncipe da paz.&nbsp;<sup>6<\/sup>Grande ser\u00e1 o seu reino, e a paz n\u00e3o h\u00e1 de ter fim sobre o trono de Davi e sobre o seu reinado, que ele ir\u00e1 consolidar e confirmar em justi\u00e7a e santidade a partir de agora e para todo o sempre. O amor zeloso do Senhor dos ex\u00e9rcitos h\u00e1 de realizar essas coisas. \u2013 Palavra do Senhor.<\/p>\n\n\n\n<p>Salmo Responsorial:&nbsp;<strong>112(113)<\/strong><\/p>\n\n\n\n<p><em><strong>Bendito seja o nome do Senhor,&nbsp;\/&nbsp;agora e por toda a eternidade!<\/strong><\/em><\/p>\n\n\n\n<p>1. Louvai, louvai, \u00f3 servos do Senhor,&nbsp;\/&nbsp;louvai, louvai o nome do Senhor!&nbsp;\/&nbsp;Bendito seja o nome do Senhor,&nbsp;\/&nbsp;agora e por toda a eternidade.&nbsp;\u2013 R.<\/p>\n\n\n\n<p>2. Do nascer do sol at\u00e9 o seu ocaso,&nbsp;\/&nbsp;louvado seja o nome do Senhor!&nbsp;\/&nbsp;O Senhor est\u00e1 acima das na\u00e7\u00f5es,&nbsp;\/&nbsp;sua gl\u00f3ria vai al\u00e9m dos altos c\u00e9us.&nbsp;\u2013 R.<\/p>\n\n\n\n<p>3. Quem pode comparar-se ao nosso Deus,&nbsp;\u2020&nbsp;ao Senhor, que no alto c\u00e9u tem o seu trono&nbsp;\/&nbsp;e se inclina para olhar o c\u00e9u e a terra?&nbsp;\u2013 R.<\/p>\n\n\n\n<p>4. Levanta da poeira o indigente&nbsp;\/&nbsp;e do lixo ele retira o pobrezinho,&nbsp;\/&nbsp;para faz\u00ea-lo assentar-se com os nobres,&nbsp;\/&nbsp;assentar-se com os nobres do seu povo.&nbsp;\u2013 R.<\/p>\n\n\n\n<p>Evangelho:&nbsp;<strong>Lucas 1,26-38<\/strong><\/p>\n\n\n\n<p><strong><em>Aleluia, aleluia, aleluia.<\/em><\/strong><\/p>\n\n\n\n<p><strong>Maria, alegra-te, \u00f3 cheia de gra\u00e7a, o Senhor \u00e9 contigo;&nbsp;\/&nbsp;\u00e9s bendita entre todas as mulheres da terra! (Lc 1,28)&nbsp;\u2013 R.<\/strong><\/p>\n\n\n\n<p>Proclama\u00e7\u00e3o do Evangelho de Jesus Cristo segundo Lucas \u2013 Naquele tempo,&nbsp;<sup>26<\/sup>o anjo Gabriel foi enviado por Deus a uma cidade da Galileia, chamada Nazar\u00e9,&nbsp;<sup>27<\/sup>a uma virgem, prometida em casamento a um homem chamado Jos\u00e9. Ele era descendente de Davi, e o nome da virgem era Maria.&nbsp;<sup>28<\/sup>O anjo entrou onde ela estava e disse: \u201cAlegra-te, cheia de gra\u00e7a, o Senhor est\u00e1 contigo!\u201d&nbsp;<sup>29<\/sup>Maria ficou perturbada com essas palavras e come\u00e7ou a pensar qual seria o significado da sauda\u00e7\u00e3o.&nbsp;<sup>30<\/sup>O anjo, ent\u00e3o, disse-lhe: \u201cN\u00e3o tenhas medo, Maria, porque encontraste gra\u00e7a diante de Deus.&nbsp;<sup>31<\/sup>Eis que conceber\u00e1s e dar\u00e1s \u00e0 luz um filho, a quem por\u00e1s o nome de Jesus.&nbsp;<sup>32<\/sup>Ele ser\u00e1 grande, ser\u00e1 chamado Filho do Alt\u00edssimo, e o Senhor Deus lhe dar\u00e1 o trono de seu pai Davi.&nbsp;<sup>33<\/sup>Ele reinar\u00e1 para sempre sobre os descendentes de Jac\u00f3, e o seu reino n\u00e3o ter\u00e1 fim\u201d.&nbsp;<sup>34<\/sup>Maria perguntou ao anjo: \u201cComo acontecer\u00e1 isso se eu n\u00e3o conhe\u00e7o homem algum?\u201d&nbsp;<sup>35<\/sup>O anjo respondeu: \u201cO Esp\u00edrito vir\u00e1 sobre ti e o poder do Alt\u00edssimo te cobrir\u00e1 com sua sombra. Por isso, o menino que vai nascer ser\u00e1 chamado santo, Filho de Deus.&nbsp;<sup>36<\/sup>Tamb\u00e9m Isabel, tua parenta, concebeu um filho na velhice. Este j\u00e1 \u00e9 o sexto m\u00eas daquela que era considerada est\u00e9ril,&nbsp;<sup>37<\/sup>porque para Deus nada \u00e9 imposs\u00edvel\u201d.&nbsp;<sup>38<\/sup>Maria, ent\u00e3o, disse: \u201cEis aqui a serva do Senhor; fa\u00e7a-se em mim segundo a tua palavra!\u201d E o anjo retirou-se. \u2013 Palavra da salva\u00e7\u00e3o.<\/p>\n\n\n\n<p>Reflex\u00e3o:<\/p>\n\n\n\n<p><em>Introduzida por Pio XII, na conclus\u00e3o do Ano Mariano de 1954, esta festa \u00e9 celebrada oito dias ap\u00f3s a Assun\u00e7\u00e3o de Maria ao c\u00e9u. Maria \u00e9 rainha porque \u00e9 m\u00e3e de Cristo, o Rei. \u00c9 rainha porque supera todas as criaturas em santidade: \u201cela encerra toda a bondade das criaturas\u201d, escreve Dante na Divina Com\u00e9dia. Desde o come\u00e7o da Igreja, os fi\u00e9is n\u00e3o cessam de homenagear Maria como Rainha. Os in\u00fameros mosaicos e pinturas representando Maria Rainha o comprovam. Vem da Idade M\u00e9dia a salve-rainha, em que Maria \u00e9 considerada a Senhora a quem amar e servir dignamente, e a M\u00e3e de quem obter prote\u00e7\u00e3o segura. A exalta\u00e7\u00e3o da \u201cserva do Senhor\u201d, ao lado do \u201cRei dos reis e Senhor dos senhores\u201d, \u00e9 mist\u00e9rio da gra\u00e7a divina e de perfeita correspond\u00eancia a ela, vivido por Maria na disponibilidade ao servi\u00e7o de Deus e da humanidade.<\/em><\/p>\n","protected":false},"excerpt":{"rendered":"<p>A rainha est\u00e1 \u00e0 vossa direita com suas vestes de ouro, ornada de esplendor (Sl 44,10). O calend\u00e1rio romano aproximou a celebra\u00e7\u00e3o lit\u00fargica da mem\u00f3ria de Nossa Senhora Rainha \u00e0 solenidade da Assun\u00e7\u00e3o,&#8230;<\/p>\n","protected":false},"author":2,"featured_media":20843,"comment_status":"open","ping_status":"open","sticky":false,"template":"","format":"standard","meta":[],"categories":[7],"tags":[],"_links":{"self":[{"href":"https:\/\/www.salvatorianas.org.br\/blog\/wp-json\/wp\/v2\/posts\/20842"}],"collection":[{"href":"https:\/\/www.salvatorianas.org.br\/blog\/wp-json\/wp\/v2\/posts"}],"about":[{"href":"https:\/\/www.salvatorianas.org.br\/blog\/wp-json\/wp\/v2\/types\/post"}],"author":[{"embeddable":true,"href":"https:\/\/www.salvatorianas.org.br\/blog\/wp-json\/wp\/v2\/users\/2"}],"replies":[{"embeddable":true,"href":"https:\/\/www.salvatorianas.org.br\/blog\/wp-json\/wp\/v2\/comments?post=20842"}],"version-history":[{"count":1,"href":"https:\/\/www.salvatorianas.org.br\/blog\/wp-json\/wp\/v2\/posts\/20842\/revisions"}],"predecessor-version":[{"id":20844,"href":"https:\/\/www.salvatorianas.org.br\/blog\/wp-json\/wp\/v2\/posts\/20842\/revisions\/20844"}],"wp:featuredmedia":[{"embeddable":true,"href":"https:\/\/www.salvatorianas.org.br\/blog\/wp-json\/wp\/v2\/media\/20843"}],"wp:attachment":[{"href":"https:\/\/www.salvatorianas.org.br\/blog\/wp-json\/wp\/v2\/media?parent=20842"}],"wp:term":[{"taxonomy":"category","embeddable":true,"href":"https:\/\/www.salvatorianas.org.br\/blog\/wp-json\/wp\/v2\/categories?post=20842"},{"taxonomy":"post_tag","embeddable":true,"href":"https:\/\/www.salvatorianas.org.br\/blog\/wp-json\/wp\/v2\/tags?post=20842"}],"curies":[{"name":"wp","href":"https:\/\/api.w.org\/{rel}","templated":true}]}}