{"id":2080,"date":"2015-06-23T00:00:00","date_gmt":"2015-06-23T00:00:00","guid":{"rendered":"https:\/\/www.salvatorianas.org.br\/blog\/educacao-multicultural-do-bem-estar-curso-de-tecnica-de-capacitar\/"},"modified":"2015-06-23T00:00:00","modified_gmt":"2015-06-23T00:00:00","slug":"educacao-multicultural-do-bem-estar-curso-de-tecnica-de-capacitar","status":"publish","type":"post","link":"https:\/\/www.salvatorianas.org.br\/blog\/educacao-multicultural-do-bem-estar-curso-de-tecnica-de-capacitar\/","title":{"rendered":"Educa\u00e7\u00e3o Multicultural do Bem Estar: Curso de T\u00e9cnica de Capacitar"},"content":{"rendered":"<p style=\"text-align: justify;\">[imagem1]<\/p>\n<p style=\"text-align: justify;\">&nbsp;<\/p>\n<p style=\"text-align: justify;\">Nos dias 20 e 21 de junho de 2015, as Irm&atilde;s Maria Senhora da Concei&ccedil;&atilde;o e Terezinha Bianchet participaram do Curso de T&eacute;cnicas Capacitar, no Centro Pastoral Senhora Sant&rsquo;Ana em Feira de Santana\/BA, com assessoria do Pe. Tony Sheridan.<\/p>\n<p style=\"text-align: justify;\">Segundo Pe. Tony, esse curso foi criado&nbsp;na Nicar&aacute;gua, no ano de 1998, por Patricia Cane. Conta-se que durante a guerra civil, muitas m&atilde;es vi&uacute;vas pediram a Patricia:<em> &ldquo;Ensina-nos a nos cuidar nesta situa&ccedil;&atilde;o violenta!&rdquo;<\/em>. Ent&atilde;o, Patricia come&ccedil;ou a pesquisar v&aacute;rias pr&aacute;ticas pelo mundo inteiro, principalmente dos povos ind&iacute;genas. Ela chamou todas estas pr&aacute;ticas de CAPACITAR.<\/p>\n<p style=\"text-align: justify;\">Capacitar &eacute; uma palavra de origem espanhola, por&eacute;m, tem o mesmo significado em&nbsp;portugu&ecirc;s; significa que a pessoa &eacute; capaz de fazer algo por si. Esta pr&aacute;tica ensina as pessoas a reduzir o estresse e a melhorar a qualidade de vida, pois o segredo do equil&iacute;brio &eacute; saber usar a energia que est&aacute; ao redor da pessoa humana. Energia &eacute; presen&ccedil;a de Deus, que criou o Universo envolto por movimento e vida, e neste movimento est&aacute; a express&atilde;o da energia divina&nbsp;em forma humana. Assim, esta energia positiva precisa fluir como uma onda para trazer paz e melhorar a qualidade de vida das pessoas e do nosso planeta.<\/p>\n","protected":false},"excerpt":{"rendered":"<p>[imagem1] &nbsp; Nos dias 20 e 21 de junho de 2015, as Irm&atilde;s Maria Senhora da Concei&ccedil;&atilde;o e Terezinha Bianchet participaram do Curso de T&eacute;cnicas Capacitar, no Centro Pastoral Senhora Sant&rsquo;Ana em Feira&#8230;<\/p>\n","protected":false},"author":1,"featured_media":2171,"comment_status":"open","ping_status":"open","sticky":false,"template":"","format":"standard","meta":[],"categories":[1],"tags":[],"_links":{"self":[{"href":"https:\/\/www.salvatorianas.org.br\/blog\/wp-json\/wp\/v2\/posts\/2080"}],"collection":[{"href":"https:\/\/www.salvatorianas.org.br\/blog\/wp-json\/wp\/v2\/posts"}],"about":[{"href":"https:\/\/www.salvatorianas.org.br\/blog\/wp-json\/wp\/v2\/types\/post"}],"author":[{"embeddable":true,"href":"https:\/\/www.salvatorianas.org.br\/blog\/wp-json\/wp\/v2\/users\/1"}],"replies":[{"embeddable":true,"href":"https:\/\/www.salvatorianas.org.br\/blog\/wp-json\/wp\/v2\/comments?post=2080"}],"version-history":[{"count":0,"href":"https:\/\/www.salvatorianas.org.br\/blog\/wp-json\/wp\/v2\/posts\/2080\/revisions"}],"wp:featuredmedia":[{"embeddable":true,"href":"https:\/\/www.salvatorianas.org.br\/blog\/wp-json\/wp\/v2\/media\/2171"}],"wp:attachment":[{"href":"https:\/\/www.salvatorianas.org.br\/blog\/wp-json\/wp\/v2\/media?parent=2080"}],"wp:term":[{"taxonomy":"category","embeddable":true,"href":"https:\/\/www.salvatorianas.org.br\/blog\/wp-json\/wp\/v2\/categories?post=2080"},{"taxonomy":"post_tag","embeddable":true,"href":"https:\/\/www.salvatorianas.org.br\/blog\/wp-json\/wp\/v2\/tags?post=2080"}],"curies":[{"name":"wp","href":"https:\/\/api.w.org\/{rel}","templated":true}]}}