{"id":20781,"date":"2023-08-21T17:06:40","date_gmt":"2023-08-21T17:06:40","guid":{"rendered":"https:\/\/www.salvatorianas.org.br\/blog\/?p=20781"},"modified":"2023-08-21T17:06:42","modified_gmt":"2023-08-21T17:06:42","slug":"retiro-das-liderancas-salvatoriana-2023","status":"publish","type":"post","link":"https:\/\/www.salvatorianas.org.br\/blog\/retiro-das-liderancas-salvatoriana-2023\/","title":{"rendered":"Retiro das Lideran\u00e7as Salvatoriana 2023"},"content":{"rendered":"\n<p>Nos dias 15 a 18 do corrente m\u00eas, as lideran\u00e7as das unidades da Rede Salvatoriana tiveram um tempo muito especial na Casa de Retiro Santo Andr\u00e9, em Campo Largo\/PR, onde al\u00e9m de vivenciar o contato com a natureza maravilhosa do local, puderam experimentar o sil\u00eancio, a medita\u00e7\u00e3o, a ora\u00e7\u00e3o, mergulhar no autoconhecimento e inspirar-se na lideran\u00e7a de Jesus Cristo e dos nossos fundadores Bem-aventurado Francisco Jordan e a Bem-aventurada Maria dos Ap\u00f3stolos.<br><\/p>\n\n\n\n<p>Foram momentos de ressignifica\u00e7\u00e3o, crescimento espiritual, profunda viv\u00eancia do amor de Deus e do nosso Salvador por n\u00f3s.<\/p>\n\n\n\n<p>Renovados e fortalecidos na f\u00e9, confiantes no prop\u00f3sito e na caminhada, as lideran\u00e7as dos Apostolados seguem cada vez mais comprometidos com a Miss\u00e3o Salvatoriana.<br><\/p>\n\n\n\n<p>O retiro foi dinamizado pelas Irs. Dulcelene Ceccato e Maria Cleonice Santos.<br><\/p>\n\n\n\n<p><strong>\u201cO que vimos, ouvimos, experimentamos vos anunciamos\u201d (1 Jo 1,1-4)<\/strong><\/p>\n\n\n\n<figure class=\"wp-block-gallery has-nested-images columns-default is-cropped wp-block-gallery-1 is-layout-flex\">\n<figure class=\"wp-block-image size-large\"><img decoding=\"async\" loading=\"lazy\" width=\"768\" height=\"1024\" data-id=\"20841\"  src=\"https:\/\/www.salvatorianas.org.br\/blog\/wp-content\/uploads\/2023\/08\/WhatsApp-Image-2023-08-21-at-11.33.30.jpeg\" alt=\"\" class=\"wp-image-20841\" srcset=\"https:\/\/www.salvatorianas.org.br\/blog\/wp-content\/uploads\/2023\/08\/WhatsApp-Image-2023-08-21-at-11.33.30.jpeg 768w, https:\/\/www.salvatorianas.org.br\/blog\/wp-content\/uploads\/2023\/08\/WhatsApp-Image-2023-08-21-at-11.33.30-225x300.jpeg 225w\" sizes=\"(max-width: 768px) 100vw, 768px\" \/><figcaption class=\"wp-element-caption\">Cen\u00e1rio simbolizando a caminhada das lideran\u00e7as Salvatoriana, com os olhos mirando em Jesus, nosso luzeiro, e em dire\u00e7\u00e3o aos nossos Fundadores da miss\u00e3o Salvatoriana.<\/figcaption><\/figure>\n\n\n\n<figure class=\"wp-block-image size-large\"><img decoding=\"async\" loading=\"lazy\" width=\"1024\" height=\"678\" data-id=\"20796\"  src=\"https:\/\/www.salvatorianas.org.br\/blog\/wp-content\/uploads\/2023\/08\/DSC_0133-1024x678.jpg\" alt=\"\" class=\"wp-image-20796\" srcset=\"https:\/\/www.salvatorianas.org.br\/blog\/wp-content\/uploads\/2023\/08\/DSC_0133-1024x678.jpg 1024w, https:\/\/www.salvatorianas.org.br\/blog\/wp-content\/uploads\/2023\/08\/DSC_0133-300x199.jpg 300w, https:\/\/www.salvatorianas.org.br\/blog\/wp-content\/uploads\/2023\/08\/DSC_0133-768x509.jpg 768w, https:\/\/www.salvatorianas.org.br\/blog\/wp-content\/uploads\/2023\/08\/DSC_0133-1536x1017.jpg 1536w, https:\/\/www.salvatorianas.org.br\/blog\/wp-content\/uploads\/2023\/08\/DSC_0133-2048x1356.jpg 2048w\" sizes=\"(max-width: 1024px) 100vw, 1024px\" \/><figcaption class=\"wp-element-caption\">Momento de estudo e reflex\u00e3o<\/figcaption><\/figure>\n\n\n\n<figure class=\"wp-block-image size-large\"><img decoding=\"async\" loading=\"lazy\" width=\"1024\" height=\"678\" data-id=\"20791\"  src=\"https:\/\/www.salvatorianas.org.br\/blog\/wp-content\/uploads\/2023\/08\/DSC_0128-1024x678.jpg\" alt=\"\" class=\"wp-image-20791\" srcset=\"https:\/\/www.salvatorianas.org.br\/blog\/wp-content\/uploads\/2023\/08\/DSC_0128-1024x678.jpg 1024w, https:\/\/www.salvatorianas.org.br\/blog\/wp-content\/uploads\/2023\/08\/DSC_0128-300x199.jpg 300w, https:\/\/www.salvatorianas.org.br\/blog\/wp-content\/uploads\/2023\/08\/DSC_0128-768x509.jpg 768w, https:\/\/www.salvatorianas.org.br\/blog\/wp-content\/uploads\/2023\/08\/DSC_0128-1536x1017.jpg 1536w, https:\/\/www.salvatorianas.org.br\/blog\/wp-content\/uploads\/2023\/08\/DSC_0128-2048x1356.jpg 2048w\" sizes=\"(max-width: 1024px) 100vw, 1024px\" \/><figcaption class=\"wp-element-caption\">Momento de leitura e reflex\u00e3o<\/figcaption><\/figure>\n\n\n\n<figure class=\"wp-block-image size-large\"><img decoding=\"async\" loading=\"lazy\" width=\"1024\" height=\"678\" data-id=\"20811\"  src=\"https:\/\/www.salvatorianas.org.br\/blog\/wp-content\/uploads\/2023\/08\/DSC_0152-1024x678.jpg\" alt=\"\" class=\"wp-image-20811\" srcset=\"https:\/\/www.salvatorianas.org.br\/blog\/wp-content\/uploads\/2023\/08\/DSC_0152-1024x678.jpg 1024w, https:\/\/www.salvatorianas.org.br\/blog\/wp-content\/uploads\/2023\/08\/DSC_0152-300x199.jpg 300w, https:\/\/www.salvatorianas.org.br\/blog\/wp-content\/uploads\/2023\/08\/DSC_0152-768x509.jpg 768w, https:\/\/www.salvatorianas.org.br\/blog\/wp-content\/uploads\/2023\/08\/DSC_0152-1536x1017.jpg 1536w, https:\/\/www.salvatorianas.org.br\/blog\/wp-content\/uploads\/2023\/08\/DSC_0152-2048x1356.jpg 2048w\" sizes=\"(max-width: 1024px) 100vw, 1024px\" \/><\/figure>\n\n\n\n<figure class=\"wp-block-image size-large\"><img decoding=\"async\" loading=\"lazy\" width=\"1024\" height=\"678\" data-id=\"20806\"  src=\"https:\/\/www.salvatorianas.org.br\/blog\/wp-content\/uploads\/2023\/08\/DSC_0146-1024x678.jpg\" alt=\"\" class=\"wp-image-20806\" srcset=\"https:\/\/www.salvatorianas.org.br\/blog\/wp-content\/uploads\/2023\/08\/DSC_0146-1024x678.jpg 1024w, https:\/\/www.salvatorianas.org.br\/blog\/wp-content\/uploads\/2023\/08\/DSC_0146-300x199.jpg 300w, https:\/\/www.salvatorianas.org.br\/blog\/wp-content\/uploads\/2023\/08\/DSC_0146-768x509.jpg 768w, https:\/\/www.salvatorianas.org.br\/blog\/wp-content\/uploads\/2023\/08\/DSC_0146-1536x1017.jpg 1536w, https:\/\/www.salvatorianas.org.br\/blog\/wp-content\/uploads\/2023\/08\/DSC_0146-2048x1356.jpg 2048w\" sizes=\"(max-width: 1024px) 100vw, 1024px\" \/><\/figure>\n\n\n\n<figure class=\"wp-block-image size-large\"><img decoding=\"async\" loading=\"lazy\" width=\"1024\" height=\"678\" data-id=\"20785\"  src=\"https:\/\/www.salvatorianas.org.br\/blog\/wp-content\/uploads\/2023\/08\/DSC_0122-1024x678.jpg\" alt=\"\" class=\"wp-image-20785\" srcset=\"https:\/\/www.salvatorianas.org.br\/blog\/wp-content\/uploads\/2023\/08\/DSC_0122-1024x678.jpg 1024w, https:\/\/www.salvatorianas.org.br\/blog\/wp-content\/uploads\/2023\/08\/DSC_0122-300x199.jpg 300w, https:\/\/www.salvatorianas.org.br\/blog\/wp-content\/uploads\/2023\/08\/DSC_0122-768x509.jpg 768w, https:\/\/www.salvatorianas.org.br\/blog\/wp-content\/uploads\/2023\/08\/DSC_0122-1536x1017.jpg 1536w, https:\/\/www.salvatorianas.org.br\/blog\/wp-content\/uploads\/2023\/08\/DSC_0122-2048x1356.jpg 2048w\" sizes=\"(max-width: 1024px) 100vw, 1024px\" \/><figcaption class=\"wp-element-caption\">Capela Principal da Casa de retiro Santo Andr\u00e9<\/figcaption><\/figure>\n\n\n\n<figure class=\"wp-block-image size-large\"><img decoding=\"async\" loading=\"lazy\" width=\"1024\" height=\"678\" data-id=\"20784\"  src=\"https:\/\/www.salvatorianas.org.br\/blog\/wp-content\/uploads\/2023\/08\/DSC_0120-1024x678.jpg\" alt=\"\" class=\"wp-image-20784\" srcset=\"https:\/\/www.salvatorianas.org.br\/blog\/wp-content\/uploads\/2023\/08\/DSC_0120-1024x678.jpg 1024w, https:\/\/www.salvatorianas.org.br\/blog\/wp-content\/uploads\/2023\/08\/DSC_0120-300x199.jpg 300w, https:\/\/www.salvatorianas.org.br\/blog\/wp-content\/uploads\/2023\/08\/DSC_0120-768x509.jpg 768w, https:\/\/www.salvatorianas.org.br\/blog\/wp-content\/uploads\/2023\/08\/DSC_0120-1536x1017.jpg 1536w, https:\/\/www.salvatorianas.org.br\/blog\/wp-content\/uploads\/2023\/08\/DSC_0120-2048x1356.jpg 2048w\" sizes=\"(max-width: 1024px) 100vw, 1024px\" \/><figcaption class=\"wp-element-caption\">Arte da Casa de retiro Santo Andr\u00e9 , criado pelo artista pl\u00e1stico  da arte sacra brasileira, Claudio Plastro.<\/figcaption><\/figure>\n\n\n\n<figure class=\"wp-block-image size-large\"><img decoding=\"async\" loading=\"lazy\" width=\"1024\" height=\"678\" data-id=\"20783\"  src=\"https:\/\/www.salvatorianas.org.br\/blog\/wp-content\/uploads\/2023\/08\/DSC_0118-1024x678.jpg\" alt=\"\" class=\"wp-image-20783\" srcset=\"https:\/\/www.salvatorianas.org.br\/blog\/wp-content\/uploads\/2023\/08\/DSC_0118-1024x678.jpg 1024w, https:\/\/www.salvatorianas.org.br\/blog\/wp-content\/uploads\/2023\/08\/DSC_0118-300x199.jpg 300w, https:\/\/www.salvatorianas.org.br\/blog\/wp-content\/uploads\/2023\/08\/DSC_0118-768x509.jpg 768w, https:\/\/www.salvatorianas.org.br\/blog\/wp-content\/uploads\/2023\/08\/DSC_0118-1536x1017.jpg 1536w, https:\/\/www.salvatorianas.org.br\/blog\/wp-content\/uploads\/2023\/08\/DSC_0118-2048x1356.jpg 2048w\" sizes=\"(max-width: 1024px) 100vw, 1024px\" \/><\/figure>\n\n\n\n<figure class=\"wp-block-image size-large\"><img decoding=\"async\" loading=\"lazy\" width=\"1024\" height=\"678\" data-id=\"20800\"  src=\"https:\/\/www.salvatorianas.org.br\/blog\/wp-content\/uploads\/2023\/08\/DSC_0140-1024x678.jpg\" alt=\"\" class=\"wp-image-20800\" srcset=\"https:\/\/www.salvatorianas.org.br\/blog\/wp-content\/uploads\/2023\/08\/DSC_0140-1024x678.jpg 1024w, https:\/\/www.salvatorianas.org.br\/blog\/wp-content\/uploads\/2023\/08\/DSC_0140-300x199.jpg 300w, https:\/\/www.salvatorianas.org.br\/blog\/wp-content\/uploads\/2023\/08\/DSC_0140-768x509.jpg 768w, https:\/\/www.salvatorianas.org.br\/blog\/wp-content\/uploads\/2023\/08\/DSC_0140-1536x1017.jpg 1536w, https:\/\/www.salvatorianas.org.br\/blog\/wp-content\/uploads\/2023\/08\/DSC_0140-2048x1356.jpg 2048w\" sizes=\"(max-width: 1024px) 100vw, 1024px\" \/><figcaption class=\"wp-element-caption\">Paisagem da Casa de retiro Santo Andr\u00e9<\/figcaption><\/figure>\n\n\n\n<figure class=\"wp-block-image size-large\"><img decoding=\"async\" loading=\"lazy\" width=\"1024\" height=\"678\" data-id=\"20813\"  src=\"https:\/\/www.salvatorianas.org.br\/blog\/wp-content\/uploads\/2023\/08\/DSC_0154-1024x678.jpg\" alt=\"\" class=\"wp-image-20813\" srcset=\"https:\/\/www.salvatorianas.org.br\/blog\/wp-content\/uploads\/2023\/08\/DSC_0154-1024x678.jpg 1024w, https:\/\/www.salvatorianas.org.br\/blog\/wp-content\/uploads\/2023\/08\/DSC_0154-300x199.jpg 300w, https:\/\/www.salvatorianas.org.br\/blog\/wp-content\/uploads\/2023\/08\/DSC_0154-768x509.jpg 768w, https:\/\/www.salvatorianas.org.br\/blog\/wp-content\/uploads\/2023\/08\/DSC_0154-1536x1017.jpg 1536w, https:\/\/www.salvatorianas.org.br\/blog\/wp-content\/uploads\/2023\/08\/DSC_0154-2048x1356.jpg 2048w\" sizes=\"(max-width: 1024px) 100vw, 1024px\" \/><figcaption class=\"wp-element-caption\">Paisagem da Casa de retiro Santo Andr\u00e9<\/figcaption><\/figure>\n\n\n\n<figure class=\"wp-block-image size-large\"><img decoding=\"async\" loading=\"lazy\" width=\"1024\" height=\"678\" data-id=\"20804\"  src=\"https:\/\/www.salvatorianas.org.br\/blog\/wp-content\/uploads\/2023\/08\/DSC_0144-1024x678.jpg\" alt=\"\" class=\"wp-image-20804\" srcset=\"https:\/\/www.salvatorianas.org.br\/blog\/wp-content\/uploads\/2023\/08\/DSC_0144-1024x678.jpg 1024w, https:\/\/www.salvatorianas.org.br\/blog\/wp-content\/uploads\/2023\/08\/DSC_0144-300x199.jpg 300w, https:\/\/www.salvatorianas.org.br\/blog\/wp-content\/uploads\/2023\/08\/DSC_0144-768x509.jpg 768w, https:\/\/www.salvatorianas.org.br\/blog\/wp-content\/uploads\/2023\/08\/DSC_0144-1536x1017.jpg 1536w, https:\/\/www.salvatorianas.org.br\/blog\/wp-content\/uploads\/2023\/08\/DSC_0144-2048x1356.jpg 2048w\" sizes=\"(max-width: 1024px) 100vw, 1024px\" \/><figcaption class=\"wp-element-caption\">Paisagem da Casa de retiro Santo Andr\u00e9<\/figcaption><\/figure>\n\n\n\n<figure class=\"wp-block-image size-large\"><img decoding=\"async\" loading=\"lazy\" width=\"768\" height=\"1024\" data-id=\"20840\"  src=\"https:\/\/www.salvatorianas.org.br\/blog\/wp-content\/uploads\/2023\/08\/WhatsApp-Image-2023-08-21-at-11.38.42.jpeg\" alt=\"\" class=\"wp-image-20840\" srcset=\"https:\/\/www.salvatorianas.org.br\/blog\/wp-content\/uploads\/2023\/08\/WhatsApp-Image-2023-08-21-at-11.38.42.jpeg 768w, https:\/\/www.salvatorianas.org.br\/blog\/wp-content\/uploads\/2023\/08\/WhatsApp-Image-2023-08-21-at-11.38.42-225x300.jpeg 225w\" sizes=\"(max-width: 768px) 100vw, 768px\" \/><\/figure>\n\n\n\n<figure class=\"wp-block-image size-large\"><img decoding=\"async\" loading=\"lazy\" width=\"1024\" height=\"768\" data-id=\"20839\"  src=\"https:\/\/www.salvatorianas.org.br\/blog\/wp-content\/uploads\/2023\/08\/WhatsApp-Image-2023-08-21-at-11.38.42-1.jpeg\" alt=\"\" class=\"wp-image-20839\" srcset=\"https:\/\/www.salvatorianas.org.br\/blog\/wp-content\/uploads\/2023\/08\/WhatsApp-Image-2023-08-21-at-11.38.42-1.jpeg 1024w, https:\/\/www.salvatorianas.org.br\/blog\/wp-content\/uploads\/2023\/08\/WhatsApp-Image-2023-08-21-at-11.38.42-1-300x225.jpeg 300w, https:\/\/www.salvatorianas.org.br\/blog\/wp-content\/uploads\/2023\/08\/WhatsApp-Image-2023-08-21-at-11.38.42-1-768x576.jpeg 768w\" sizes=\"(max-width: 1024px) 100vw, 1024px\" \/><figcaption class=\"wp-element-caption\">Momento de reflex\u00e3o e medita\u00e7\u00e3o em meio a natureza<\/figcaption><\/figure>\n\n\n\n<figure class=\"wp-block-image size-large\"><img decoding=\"async\" loading=\"lazy\" width=\"768\" height=\"1024\" data-id=\"20817\"  src=\"https:\/\/www.salvatorianas.org.br\/blog\/wp-content\/uploads\/2023\/08\/WhatsApp-Image-2023-08-18-at-08.46.56-1-768x1024.jpeg\" alt=\"\" class=\"wp-image-20817\" srcset=\"https:\/\/www.salvatorianas.org.br\/blog\/wp-content\/uploads\/2023\/08\/WhatsApp-Image-2023-08-18-at-08.46.56-1-768x1024.jpeg 768w, https:\/\/www.salvatorianas.org.br\/blog\/wp-content\/uploads\/2023\/08\/WhatsApp-Image-2023-08-18-at-08.46.56-1-225x300.jpeg 225w, https:\/\/www.salvatorianas.org.br\/blog\/wp-content\/uploads\/2023\/08\/WhatsApp-Image-2023-08-18-at-08.46.56-1-1152x1536.jpeg 1152w, https:\/\/www.salvatorianas.org.br\/blog\/wp-content\/uploads\/2023\/08\/WhatsApp-Image-2023-08-18-at-08.46.56-1.jpeg 1200w\" sizes=\"(max-width: 768px) 100vw, 768px\" \/><figcaption class=\"wp-element-caption\">Gratid\u00e3o pelas pessoas que dividem os momentos desafiadores e reflex\u00e3o sobre a miss\u00e3o que somos chamados.<\/figcaption><\/figure>\n\n\n\n<figure class=\"wp-block-image size-large\"><img decoding=\"async\" loading=\"lazy\" width=\"1024\" height=\"678\" data-id=\"20798\"  src=\"https:\/\/www.salvatorianas.org.br\/blog\/wp-content\/uploads\/2023\/08\/DSC_0138-1024x678.jpg\" alt=\"\" class=\"wp-image-20798\" srcset=\"https:\/\/www.salvatorianas.org.br\/blog\/wp-content\/uploads\/2023\/08\/DSC_0138-1024x678.jpg 1024w, https:\/\/www.salvatorianas.org.br\/blog\/wp-content\/uploads\/2023\/08\/DSC_0138-300x199.jpg 300w, https:\/\/www.salvatorianas.org.br\/blog\/wp-content\/uploads\/2023\/08\/DSC_0138-768x509.jpg 768w, https:\/\/www.salvatorianas.org.br\/blog\/wp-content\/uploads\/2023\/08\/DSC_0138-1536x1017.jpg 1536w, https:\/\/www.salvatorianas.org.br\/blog\/wp-content\/uploads\/2023\/08\/DSC_0138-2048x1356.jpg 2048w\" sizes=\"(max-width: 1024px) 100vw, 1024px\" \/><\/figure>\n\n\n\n<figure class=\"wp-block-image size-large\"><img decoding=\"async\" loading=\"lazy\" width=\"1024\" height=\"768\" data-id=\"20838\"  src=\"https:\/\/www.salvatorianas.org.br\/blog\/wp-content\/uploads\/2023\/08\/WhatsApp-Image-2023-08-21-at-11.38.42-2.jpeg\" alt=\"\" class=\"wp-image-20838\" srcset=\"https:\/\/www.salvatorianas.org.br\/blog\/wp-content\/uploads\/2023\/08\/WhatsApp-Image-2023-08-21-at-11.38.42-2.jpeg 1024w, https:\/\/www.salvatorianas.org.br\/blog\/wp-content\/uploads\/2023\/08\/WhatsApp-Image-2023-08-21-at-11.38.42-2-300x225.jpeg 300w, https:\/\/www.salvatorianas.org.br\/blog\/wp-content\/uploads\/2023\/08\/WhatsApp-Image-2023-08-21-at-11.38.42-2-768x576.jpeg 768w\" sizes=\"(max-width: 1024px) 100vw, 1024px\" \/><figcaption class=\"wp-element-caption\">Missa de encerramento<\/figcaption><\/figure>\n\n\n\n<figure class=\"wp-block-image size-large\"><img decoding=\"async\" loading=\"lazy\" width=\"1024\" height=\"768\" data-id=\"20837\"  src=\"https:\/\/www.salvatorianas.org.br\/blog\/wp-content\/uploads\/2023\/08\/WhatsApp-Image-2023-08-21-at-11.38.42-3.jpeg\" alt=\"\" class=\"wp-image-20837\" srcset=\"https:\/\/www.salvatorianas.org.br\/blog\/wp-content\/uploads\/2023\/08\/WhatsApp-Image-2023-08-21-at-11.38.42-3.jpeg 1024w, https:\/\/www.salvatorianas.org.br\/blog\/wp-content\/uploads\/2023\/08\/WhatsApp-Image-2023-08-21-at-11.38.42-3-300x225.jpeg 300w, https:\/\/www.salvatorianas.org.br\/blog\/wp-content\/uploads\/2023\/08\/WhatsApp-Image-2023-08-21-at-11.38.42-3-768x576.jpeg 768w\" sizes=\"(max-width: 1024px) 100vw, 1024px\" \/><\/figure>\n\n\n\n<figure class=\"wp-block-image size-large\"><img decoding=\"async\" loading=\"lazy\" width=\"768\" height=\"1024\" data-id=\"20836\"  src=\"https:\/\/www.salvatorianas.org.br\/blog\/wp-content\/uploads\/2023\/08\/WhatsApp-Image-2023-08-21-at-11.38.42-4.jpeg\" alt=\"\" class=\"wp-image-20836\" srcset=\"https:\/\/www.salvatorianas.org.br\/blog\/wp-content\/uploads\/2023\/08\/WhatsApp-Image-2023-08-21-at-11.38.42-4.jpeg 768w, https:\/\/www.salvatorianas.org.br\/blog\/wp-content\/uploads\/2023\/08\/WhatsApp-Image-2023-08-21-at-11.38.42-4-225x300.jpeg 225w\" sizes=\"(max-width: 768px) 100vw, 768px\" \/><figcaption class=\"wp-element-caption\">Missa de encerramento com o Pe Salvatoriano Deolino Baldissera.<\/figcaption><\/figure>\n\n\n\n<figure class=\"wp-block-image size-large\"><img decoding=\"async\" loading=\"lazy\" width=\"1024\" height=\"768\" data-id=\"20835\"  src=\"https:\/\/www.salvatorianas.org.br\/blog\/wp-content\/uploads\/2023\/08\/WhatsApp-Image-2023-08-21-at-11.38.42-5.jpeg\" alt=\"\" class=\"wp-image-20835\" srcset=\"https:\/\/www.salvatorianas.org.br\/blog\/wp-content\/uploads\/2023\/08\/WhatsApp-Image-2023-08-21-at-11.38.42-5.jpeg 1024w, https:\/\/www.salvatorianas.org.br\/blog\/wp-content\/uploads\/2023\/08\/WhatsApp-Image-2023-08-21-at-11.38.42-5-300x225.jpeg 300w, https:\/\/www.salvatorianas.org.br\/blog\/wp-content\/uploads\/2023\/08\/WhatsApp-Image-2023-08-21-at-11.38.42-5-768x576.jpeg 768w\" sizes=\"(max-width: 1024px) 100vw, 1024px\" \/><\/figure>\n\n\n\n<figure class=\"wp-block-image size-large\"><img decoding=\"async\" loading=\"lazy\" width=\"1024\" height=\"768\" data-id=\"20834\"  src=\"https:\/\/www.salvatorianas.org.br\/blog\/wp-content\/uploads\/2023\/08\/WhatsApp-Image-2023-08-21-at-11.38.42-6.jpeg\" alt=\"\" class=\"wp-image-20834\" srcset=\"https:\/\/www.salvatorianas.org.br\/blog\/wp-content\/uploads\/2023\/08\/WhatsApp-Image-2023-08-21-at-11.38.42-6.jpeg 1024w, https:\/\/www.salvatorianas.org.br\/blog\/wp-content\/uploads\/2023\/08\/WhatsApp-Image-2023-08-21-at-11.38.42-6-300x225.jpeg 300w, https:\/\/www.salvatorianas.org.br\/blog\/wp-content\/uploads\/2023\/08\/WhatsApp-Image-2023-08-21-at-11.38.42-6-768x576.jpeg 768w\" sizes=\"(max-width: 1024px) 100vw, 1024px\" \/><\/figure>\n\n\n\n<figure class=\"wp-block-image size-large\"><img decoding=\"async\" loading=\"lazy\" width=\"1024\" height=\"768\" data-id=\"20833\"  src=\"https:\/\/www.salvatorianas.org.br\/blog\/wp-content\/uploads\/2023\/08\/WhatsApp-Image-2023-08-21-at-11.38.42-7.jpeg\" alt=\"\" class=\"wp-image-20833\" srcset=\"https:\/\/www.salvatorianas.org.br\/blog\/wp-content\/uploads\/2023\/08\/WhatsApp-Image-2023-08-21-at-11.38.42-7.jpeg 1024w, https:\/\/www.salvatorianas.org.br\/blog\/wp-content\/uploads\/2023\/08\/WhatsApp-Image-2023-08-21-at-11.38.42-7-300x225.jpeg 300w, https:\/\/www.salvatorianas.org.br\/blog\/wp-content\/uploads\/2023\/08\/WhatsApp-Image-2023-08-21-at-11.38.42-7-768x576.jpeg 768w\" sizes=\"(max-width: 1024px) 100vw, 1024px\" \/><\/figure>\n\n\n\n<figure class=\"wp-block-image size-large\"><img decoding=\"async\" loading=\"lazy\" width=\"1024\" height=\"768\" data-id=\"20831\"  src=\"https:\/\/www.salvatorianas.org.br\/blog\/wp-content\/uploads\/2023\/08\/WhatsApp-Image-2023-08-21-at-11.38.43.jpeg\" alt=\"\" class=\"wp-image-20831\" srcset=\"https:\/\/www.salvatorianas.org.br\/blog\/wp-content\/uploads\/2023\/08\/WhatsApp-Image-2023-08-21-at-11.38.43.jpeg 1024w, https:\/\/www.salvatorianas.org.br\/blog\/wp-content\/uploads\/2023\/08\/WhatsApp-Image-2023-08-21-at-11.38.43-300x225.jpeg 300w, https:\/\/www.salvatorianas.org.br\/blog\/wp-content\/uploads\/2023\/08\/WhatsApp-Image-2023-08-21-at-11.38.43-768x576.jpeg 768w\" sizes=\"(max-width: 1024px) 100vw, 1024px\" \/><figcaption class=\"wp-element-caption\">Entrega dos envelopes com pedidos de gra\u00e7as e plano de vida escritos pelos participantes.<\/figcaption><\/figure>\n\n\n\n<figure class=\"wp-block-image size-large\"><img decoding=\"async\" loading=\"lazy\" width=\"1024\" height=\"768\" data-id=\"20832\"  src=\"https:\/\/www.salvatorianas.org.br\/blog\/wp-content\/uploads\/2023\/08\/WhatsApp-Image-2023-08-21-at-11.38.42-8.jpeg\" alt=\"\" class=\"wp-image-20832\" srcset=\"https:\/\/www.salvatorianas.org.br\/blog\/wp-content\/uploads\/2023\/08\/WhatsApp-Image-2023-08-21-at-11.38.42-8.jpeg 1024w, https:\/\/www.salvatorianas.org.br\/blog\/wp-content\/uploads\/2023\/08\/WhatsApp-Image-2023-08-21-at-11.38.42-8-300x225.jpeg 300w, https:\/\/www.salvatorianas.org.br\/blog\/wp-content\/uploads\/2023\/08\/WhatsApp-Image-2023-08-21-at-11.38.42-8-768x576.jpeg 768w\" sizes=\"(max-width: 1024px) 100vw, 1024px\" \/><\/figure>\n\n\n\n<figure class=\"wp-block-image size-large\"><img decoding=\"async\" loading=\"lazy\" width=\"768\" height=\"1024\" data-id=\"20829\"  src=\"https:\/\/www.salvatorianas.org.br\/blog\/wp-content\/uploads\/2023\/08\/WhatsApp-Image-2023-08-21-at-11.38.43-2.jpeg\" alt=\"\" class=\"wp-image-20829\" srcset=\"https:\/\/www.salvatorianas.org.br\/blog\/wp-content\/uploads\/2023\/08\/WhatsApp-Image-2023-08-21-at-11.38.43-2.jpeg 768w, https:\/\/www.salvatorianas.org.br\/blog\/wp-content\/uploads\/2023\/08\/WhatsApp-Image-2023-08-21-at-11.38.43-2-225x300.jpeg 225w\" sizes=\"(max-width: 768px) 100vw, 768px\" \/><\/figure>\n\n\n\n<figure class=\"wp-block-image size-large\"><img decoding=\"async\" loading=\"lazy\" width=\"768\" height=\"1024\" data-id=\"20828\"  src=\"https:\/\/www.salvatorianas.org.br\/blog\/wp-content\/uploads\/2023\/08\/WhatsApp-Image-2023-08-21-at-11.38.43-3.jpeg\" alt=\"\" class=\"wp-image-20828\" srcset=\"https:\/\/www.salvatorianas.org.br\/blog\/wp-content\/uploads\/2023\/08\/WhatsApp-Image-2023-08-21-at-11.38.43-3.jpeg 768w, https:\/\/www.salvatorianas.org.br\/blog\/wp-content\/uploads\/2023\/08\/WhatsApp-Image-2023-08-21-at-11.38.43-3-225x300.jpeg 225w\" sizes=\"(max-width: 768px) 100vw, 768px\" \/><figcaption class=\"wp-element-caption\">Eucaristia<\/figcaption><\/figure>\n\n\n\n<figure class=\"wp-block-image size-large\"><img decoding=\"async\" loading=\"lazy\" width=\"768\" height=\"1024\" data-id=\"20827\"  src=\"https:\/\/www.salvatorianas.org.br\/blog\/wp-content\/uploads\/2023\/08\/WhatsApp-Image-2023-08-21-at-11.38.43-4.jpeg\" alt=\"\" class=\"wp-image-20827\" srcset=\"https:\/\/www.salvatorianas.org.br\/blog\/wp-content\/uploads\/2023\/08\/WhatsApp-Image-2023-08-21-at-11.38.43-4.jpeg 768w, https:\/\/www.salvatorianas.org.br\/blog\/wp-content\/uploads\/2023\/08\/WhatsApp-Image-2023-08-21-at-11.38.43-4-225x300.jpeg 225w\" sizes=\"(max-width: 768px) 100vw, 768px\" \/><\/figure>\n\n\n\n<figure class=\"wp-block-image size-large\"><img decoding=\"async\" loading=\"lazy\" width=\"768\" height=\"1024\" data-id=\"20826\"  src=\"https:\/\/www.salvatorianas.org.br\/blog\/wp-content\/uploads\/2023\/08\/WhatsApp-Image-2023-08-21-at-11.38.43-5.jpeg\" alt=\"\" class=\"wp-image-20826\" srcset=\"https:\/\/www.salvatorianas.org.br\/blog\/wp-content\/uploads\/2023\/08\/WhatsApp-Image-2023-08-21-at-11.38.43-5.jpeg 768w, https:\/\/www.salvatorianas.org.br\/blog\/wp-content\/uploads\/2023\/08\/WhatsApp-Image-2023-08-21-at-11.38.43-5-225x300.jpeg 225w\" sizes=\"(max-width: 768px) 100vw, 768px\" \/><\/figure>\n\n\n\n<figure class=\"wp-block-image size-large\"><img decoding=\"async\" loading=\"lazy\" width=\"1024\" height=\"768\" data-id=\"20825\"  src=\"https:\/\/www.salvatorianas.org.br\/blog\/wp-content\/uploads\/2023\/08\/WhatsApp-Image-2023-08-21-at-11.38.43-6.jpeg\" alt=\"\" class=\"wp-image-20825\" srcset=\"https:\/\/www.salvatorianas.org.br\/blog\/wp-content\/uploads\/2023\/08\/WhatsApp-Image-2023-08-21-at-11.38.43-6.jpeg 1024w, https:\/\/www.salvatorianas.org.br\/blog\/wp-content\/uploads\/2023\/08\/WhatsApp-Image-2023-08-21-at-11.38.43-6-300x225.jpeg 300w, https:\/\/www.salvatorianas.org.br\/blog\/wp-content\/uploads\/2023\/08\/WhatsApp-Image-2023-08-21-at-11.38.43-6-768x576.jpeg 768w\" sizes=\"(max-width: 1024px) 100vw, 1024px\" \/><\/figure>\n\n\n\n<figure class=\"wp-block-image size-large\"><img decoding=\"async\" loading=\"lazy\" width=\"768\" height=\"1024\" data-id=\"20824\"  src=\"https:\/\/www.salvatorianas.org.br\/blog\/wp-content\/uploads\/2023\/08\/WhatsApp-Image-2023-08-21-at-11.38.43-7.jpeg\" alt=\"\" class=\"wp-image-20824\" srcset=\"https:\/\/www.salvatorianas.org.br\/blog\/wp-content\/uploads\/2023\/08\/WhatsApp-Image-2023-08-21-at-11.38.43-7.jpeg 768w, https:\/\/www.salvatorianas.org.br\/blog\/wp-content\/uploads\/2023\/08\/WhatsApp-Image-2023-08-21-at-11.38.43-7-225x300.jpeg 225w\" sizes=\"(max-width: 768px) 100vw, 768px\" \/><\/figure>\n\n\n\n<figure class=\"wp-block-image size-large\"><img decoding=\"async\" loading=\"lazy\" width=\"768\" height=\"1024\" data-id=\"20823\"  src=\"https:\/\/www.salvatorianas.org.br\/blog\/wp-content\/uploads\/2023\/08\/WhatsApp-Image-2023-08-21-at-11.38.43-8.jpeg\" alt=\"\" class=\"wp-image-20823\" srcset=\"https:\/\/www.salvatorianas.org.br\/blog\/wp-content\/uploads\/2023\/08\/WhatsApp-Image-2023-08-21-at-11.38.43-8.jpeg 768w, https:\/\/www.salvatorianas.org.br\/blog\/wp-content\/uploads\/2023\/08\/WhatsApp-Image-2023-08-21-at-11.38.43-8-225x300.jpeg 225w\" sizes=\"(max-width: 768px) 100vw, 768px\" \/><\/figure>\n\n\n\n<figure class=\"wp-block-image size-large\"><img decoding=\"async\" loading=\"lazy\" width=\"768\" height=\"1024\" data-id=\"20822\"  src=\"https:\/\/www.salvatorianas.org.br\/blog\/wp-content\/uploads\/2023\/08\/WhatsApp-Image-2023-08-21-at-11.38.43-9.jpeg\" alt=\"\" class=\"wp-image-20822\" srcset=\"https:\/\/www.salvatorianas.org.br\/blog\/wp-content\/uploads\/2023\/08\/WhatsApp-Image-2023-08-21-at-11.38.43-9.jpeg 768w, https:\/\/www.salvatorianas.org.br\/blog\/wp-content\/uploads\/2023\/08\/WhatsApp-Image-2023-08-21-at-11.38.43-9-225x300.jpeg 225w\" sizes=\"(max-width: 768px) 100vw, 768px\" \/><\/figure>\n\n\n\n<figure class=\"wp-block-image size-large\"><img decoding=\"async\" loading=\"lazy\" width=\"768\" height=\"1024\" data-id=\"20821\"  src=\"https:\/\/www.salvatorianas.org.br\/blog\/wp-content\/uploads\/2023\/08\/WhatsApp-Image-2023-08-21-at-11.38.43-10.jpeg\" alt=\"\" class=\"wp-image-20821\" srcset=\"https:\/\/www.salvatorianas.org.br\/blog\/wp-content\/uploads\/2023\/08\/WhatsApp-Image-2023-08-21-at-11.38.43-10.jpeg 768w, https:\/\/www.salvatorianas.org.br\/blog\/wp-content\/uploads\/2023\/08\/WhatsApp-Image-2023-08-21-at-11.38.43-10-225x300.jpeg 225w\" sizes=\"(max-width: 768px) 100vw, 768px\" \/><\/figure>\n\n\n\n<figure class=\"wp-block-image size-large\"><img decoding=\"async\" loading=\"lazy\" width=\"768\" height=\"1024\" data-id=\"20820\"  src=\"https:\/\/www.salvatorianas.org.br\/blog\/wp-content\/uploads\/2023\/08\/WhatsApp-Image-2023-08-21-at-11.38.43-11.jpeg\" alt=\"\" class=\"wp-image-20820\" srcset=\"https:\/\/www.salvatorianas.org.br\/blog\/wp-content\/uploads\/2023\/08\/WhatsApp-Image-2023-08-21-at-11.38.43-11.jpeg 768w, https:\/\/www.salvatorianas.org.br\/blog\/wp-content\/uploads\/2023\/08\/WhatsApp-Image-2023-08-21-at-11.38.43-11-225x300.jpeg 225w\" sizes=\"(max-width: 768px) 100vw, 768px\" \/><\/figure>\n\n\n\n<figure class=\"wp-block-image size-large\"><img decoding=\"async\" loading=\"lazy\" width=\"768\" height=\"1024\" data-id=\"20819\"  src=\"https:\/\/www.salvatorianas.org.br\/blog\/wp-content\/uploads\/2023\/08\/WhatsApp-Image-2023-08-21-at-11.38.43-12.jpeg\" alt=\"\" class=\"wp-image-20819\" srcset=\"https:\/\/www.salvatorianas.org.br\/blog\/wp-content\/uploads\/2023\/08\/WhatsApp-Image-2023-08-21-at-11.38.43-12.jpeg 768w, https:\/\/www.salvatorianas.org.br\/blog\/wp-content\/uploads\/2023\/08\/WhatsApp-Image-2023-08-21-at-11.38.43-12-225x300.jpeg 225w\" sizes=\"(max-width: 768px) 100vw, 768px\" \/><figcaption class=\"wp-element-caption\">Agradecimento \u00e0s Irm\u00e3s da Casa<\/figcaption><\/figure>\n<\/figure>\n","protected":false},"excerpt":{"rendered":"<p>Nos dias 15 a 18 do corrente m\u00eas, as lideran\u00e7as das unidades da Rede Salvatoriana tiveram um tempo muito especial na Casa de Retiro Santo Andr\u00e9, em Campo Largo\/PR, onde al\u00e9m de vivenciar&#8230;<\/p>\n","protected":false},"author":2,"featured_media":20816,"comment_status":"open","ping_status":"open","sticky":false,"template":"","format":"standard","meta":[],"categories":[1],"tags":[],"_links":{"self":[{"href":"https:\/\/www.salvatorianas.org.br\/blog\/wp-json\/wp\/v2\/posts\/20781"}],"collection":[{"href":"https:\/\/www.salvatorianas.org.br\/blog\/wp-json\/wp\/v2\/posts"}],"about":[{"href":"https:\/\/www.salvatorianas.org.br\/blog\/wp-json\/wp\/v2\/types\/post"}],"author":[{"embeddable":true,"href":"https:\/\/www.salvatorianas.org.br\/blog\/wp-json\/wp\/v2\/users\/2"}],"replies":[{"embeddable":true,"href":"https:\/\/www.salvatorianas.org.br\/blog\/wp-json\/wp\/v2\/comments?post=20781"}],"version-history":[{"count":1,"href":"https:\/\/www.salvatorianas.org.br\/blog\/wp-json\/wp\/v2\/posts\/20781\/revisions"}],"predecessor-version":[{"id":20854,"href":"https:\/\/www.salvatorianas.org.br\/blog\/wp-json\/wp\/v2\/posts\/20781\/revisions\/20854"}],"wp:featuredmedia":[{"embeddable":true,"href":"https:\/\/www.salvatorianas.org.br\/blog\/wp-json\/wp\/v2\/media\/20816"}],"wp:attachment":[{"href":"https:\/\/www.salvatorianas.org.br\/blog\/wp-json\/wp\/v2\/media?parent=20781"}],"wp:term":[{"taxonomy":"category","embeddable":true,"href":"https:\/\/www.salvatorianas.org.br\/blog\/wp-json\/wp\/v2\/categories?post=20781"},{"taxonomy":"post_tag","embeddable":true,"href":"https:\/\/www.salvatorianas.org.br\/blog\/wp-json\/wp\/v2\/tags?post=20781"}],"curies":[{"name":"wp","href":"https:\/\/api.w.org\/{rel}","templated":true}]}}