{"id":20763,"date":"2023-08-20T01:11:00","date_gmt":"2023-08-20T01:11:00","guid":{"rendered":"https:\/\/www.salvatorianas.org.br\/blog\/?p=20763"},"modified":"2023-08-16T17:12:11","modified_gmt":"2023-08-16T17:12:11","slug":"assuncao-da-bem-aventurada-virgem-maria-solenidade-ano-a","status":"publish","type":"post","link":"https:\/\/www.salvatorianas.org.br\/blog\/assuncao-da-bem-aventurada-virgem-maria-solenidade-ano-a\/","title":{"rendered":"Assun\u00e7\u00e3o da Bem-aventurada Virgem Maria, Solenidade, Ano A"},"content":{"rendered":"\n<p>Grande sinal apareceu no c\u00e9u: uma mulher que tem o sol por manto, a lua sob os p\u00e9s e uma coroa de doze estrelas na cabe\u00e7a (Ap 12,1).<\/p>\n\n\n\n<p><em>Com Maria cantemos as maravilhas que Deus continua a realizar em favor do seu povo. Assunta ao c\u00e9u, ela atingiu a plenitude da salva\u00e7\u00e3o e nos espera a todos, \u00e0 direita do Filho, fazendo-se nossa intercessora. Celebremos esta solenidade unidos aos vocacionados \u00e0 vida consagrada: mulheres e homens que d\u00e3o seu sim ao projeto de Jesus.<\/em><\/p>\n\n\n\n<p>Primeira Leitura:&nbsp;<strong>Apocalipse 11,19; 12,1.3-6.10<\/strong><\/p>\n\n\n\n<p>Leitura do livro do Apocalipse de S\u00e3o Jo\u00e3o \u2013&nbsp;<sup>19<\/sup>Abriu-se o templo de Deus que est\u00e1 no c\u00e9u e apareceu no templo a arca da Alian\u00e7a.&nbsp;<sup>12,1<\/sup>Ent\u00e3o apareceu no c\u00e9u um grande sinal: uma mulher vestida de sol, tendo a lua debaixo dos p\u00e9s e, sobre a cabe\u00e7a, uma coroa de doze estrelas.<sup>&nbsp;3<\/sup>Ent\u00e3o apareceu outro sinal no c\u00e9u: um grande drag\u00e3o, cor de fogo. Tinha sete cabe\u00e7as e dez chifres e, sobre as cabe\u00e7as, sete coroas.&nbsp;<sup>4<\/sup>Com a cauda, varria a ter\u00e7a parte das estrelas do c\u00e9u, atirando-as sobre a terra. O drag\u00e3o parou diante da mulher, que estava para dar \u00e0 luz, pronto para devorar o seu Filho, logo que nascesse.&nbsp;<sup>5<\/sup>E ela deu \u00e0 luz um filho homem, que veio para governar todas as na\u00e7\u00f5es com cetro de ferro. Mas o Filho foi levado para junto de Deus e do seu trono.&nbsp;<sup>6<\/sup>A mulher fugiu para o deserto, onde Deus lhe tinha preparado um lugar.&nbsp;<sup>10<\/sup>Ouvi ent\u00e3o uma voz forte no c\u00e9u, proclamando: \u201cAgora, realizou-se a salva\u00e7\u00e3o, a for\u00e7a e a realeza do nosso Deus e o poder do seu Cristo\u201d. \u2013 Palavra do Senhor.<\/p>\n\n\n\n<p>Salmo Responsorial:&nbsp;<strong>44(45)<\/strong><\/p>\n\n\n\n<p><strong>\u00c0 vossa direita se encontra a rainha&nbsp;\/&nbsp;com veste esplendente de ouro de Ofir.<\/strong><\/p>\n\n\n\n<p>1. As filhas de reis v\u00eam ao vosso encontro,&nbsp;\u2020&nbsp;e \u00e0 vossa direita se encontra a rainha&nbsp;\/&nbsp;com veste esplendente de ouro de Ofir.&nbsp;\u2013 R.<\/p>\n\n\n\n<p>2. Escutai, minha filha, olhai, ouvi isto:&nbsp;\/&nbsp;\u201cEsquecei vosso povo e a casa paterna!&nbsp;\/&nbsp;Que o rei se encante com vossa beleza!&nbsp;\/&nbsp;Prestai-lhe homenagem: \u00e9 vosso Senhor!&nbsp;\u2013 R.<\/p>\n\n\n\n<p>3. Entre cantos de festa e com grande alegria,&nbsp;\/&nbsp;ingressam, ent\u00e3o, no pal\u00e1cio real\u201d.&nbsp;\u2013 R.<\/p>\n\n\n\n<p>Segunda Leitura:&nbsp;<strong>1 Cor\u00edntios 15,20-27<\/strong><\/p>\n\n\n\n<p>Leitura da primeira carta de S\u00e3o Paulo aos Cor\u00edntios \u2013 Irm\u00e3os,&nbsp;<sup>20<\/sup>Cristo ressuscitou dos mortos como prim\u00edcias dos que morreram.&nbsp;<sup>21<\/sup>Com efeito, por um homem veio a morte e \u00e9 tamb\u00e9m por um homem que vem a ressurrei\u00e7\u00e3o dos mortos.&nbsp;<sup>22<\/sup>Como em Ad\u00e3o todos morrem, assim tamb\u00e9m em Cristo todos reviver\u00e3o.&nbsp;<sup>23<\/sup>Por\u00e9m cada qual segundo uma ordem determinada: em primeiro lugar, Cristo, como prim\u00edcias; depois, os que pertencem a Cristo, por ocasi\u00e3o da sua vinda.&nbsp;<sup>24<\/sup>A seguir, ser\u00e1 o fim, quando ele entregar a realeza a Deus Pai, depois de destruir todo principado e todo poder e for\u00e7a.&nbsp;<sup>25<\/sup>Pois \u00e9 preciso que ele reine at\u00e9 que todos os seus inimigos estejam debaixo de seus p\u00e9s.&nbsp;<sup>26<\/sup>O \u00faltimo inimigo a ser destru\u00eddo \u00e9 a morte.&nbsp;<sup>27<\/sup>Com efeito, \u201cDeus p\u00f4s tudo debaixo de seus p\u00e9s\u201d. \u2013 Palavra do Senhor.<\/p>\n\n\n\n<p>Evangelho:&nbsp;<strong>Lucas 1,39-56<\/strong><\/p>\n\n\n\n<p><strong><em>Aleluia, aleluia, aleluia.<\/em><\/strong><\/p>\n\n\n\n<p><strong>Maria \u00e9 elevada ao c\u00e9u,&nbsp;\/&nbsp;alegram-se os coros dos anjos.&nbsp;\u2013 R.<\/strong><\/p>\n\n\n\n<p>Proclama\u00e7\u00e3o do Evangelho de Jesus Cristo segundo Lucas \u2013 Naqueles dias,&nbsp;<sup>39<\/sup>Maria partiu para a regi\u00e3o montanhosa, dirigindo-se, apressadamente, a uma cidade da Judeia.&nbsp;<sup>40<\/sup>Entrou na casa de Zacarias e cumprimentou Isabel.&nbsp;<sup>41<\/sup>Quando Isabel ouviu a sauda\u00e7\u00e3o de Maria, a crian\u00e7a pulou no seu ventre e Isabel ficou cheia do Esp\u00edrito Santo.&nbsp;<sup>42<\/sup>Com um grande grito, exclamou: \u201cBendita \u00e9s tu entre as mulheres e bendito \u00e9 o fruto do teu ventre!&nbsp;<sup>43<\/sup>Como posso merecer que a m\u00e3e do meu Senhor me venha visitar?&nbsp;<sup>44<\/sup>Logo que a tua sauda\u00e7\u00e3o chegou aos meus ouvidos, a crian\u00e7a pulou de alegria no meu ventre.&nbsp;<sup>45<\/sup>Bem-aventurada aquela que acreditou, porque ser\u00e1 cumprido o que o Senhor lhe prometeu\u201d.&nbsp;<sup>46<\/sup>Ent\u00e3o Maria disse: \u201cA minha alma engrandece o Senhor,&nbsp;<sup>47<\/sup>e o meu esp\u00edrito se alegra em Deus, meu salvador,&nbsp;<sup>48<\/sup>porque olhou para a humildade de sua serva. Doravante todas as gera\u00e7\u00f5es me chamar\u00e3o bem-aventurada,&nbsp;<sup>49<\/sup>porque o Todo-poderoso fez grandes coisas em meu favor. O seu nome \u00e9 santo,&nbsp;<sup>50<\/sup>e sua miseric\u00f3rdia se estende, de gera\u00e7\u00e3o em gera\u00e7\u00e3o, a todos os que o respeitam.&nbsp;<sup>51<\/sup>Ele mostrou a for\u00e7a de seu bra\u00e7o: dispersou os soberbos de cora\u00e7\u00e3o.&nbsp;<sup>52<\/sup>Derrubou do trono os poderosos e elevou os humildes.&nbsp;<sup>53<\/sup>Encheu de bens os famintos e despediu os ricos de m\u00e3os vazias.&nbsp;<sup>54<\/sup>Socorreu Israel, seu servo, lembrando-se de sua miseric\u00f3rdia,&nbsp;<sup>55<\/sup>conforme prometera aos nossos pais, em favor de Abra\u00e3o e de sua descend\u00eancia, para sempre\u201d.&nbsp;<sup>56<\/sup>Maria ficou tr\u00eas meses com Isabel; depois voltou para casa. \u2013 Palavra da salva\u00e7\u00e3o.<\/p>\n\n\n\n<p>Reflex\u00e3o:<\/p>\n\n\n\n<p><em>O dogma da assun\u00e7\u00e3o de Maria \u00e0 gl\u00f3ria celeste, em alma e corpo, foi proclamado solenemente por Pio XII em 1\u00ba de novembro de 1950: \u201cDefinimos ser dogma revelado por Deus que a imaculada M\u00e3e de Deus sempre virgem Maria, terminado o curso de sua vida terrena, foi assunta \u00e0 gl\u00f3ria celeste em alma e corpo\u201d. Sendo Maria a cheia de gra\u00e7a, sem sombra alguma de pecado, quis o Pai associ\u00e1-la \u00e0 ressurrei\u00e7\u00e3o de Jesus. A celebra\u00e7\u00e3o da \u201cdormi\u00e7\u00e3o\u201d de Maria encontra-se entre as mais antigas festas marianas. Uma ora\u00e7\u00e3o romana do s\u00e9culo VII, para a festa de 15 de agosto, Assun\u00e7\u00e3o de Maria, se expressava assim: \u201cVener\u00e1vel \u00e9 para n\u00f3s, Senhor, a festa deste dia em que a Santa M\u00e3e de Deus sofreu a morte, ela que, do pr\u00f3prio ser, gerou, encarnado, o teu Filho, Senhor nosso\u201d.<\/em><\/p>\n","protected":false},"excerpt":{"rendered":"<p>Grande sinal apareceu no c\u00e9u: uma mulher que tem o sol por manto, a lua sob os p\u00e9s e uma coroa de doze estrelas na cabe\u00e7a (Ap 12,1). Com Maria cantemos as maravilhas&#8230;<\/p>\n","protected":false},"author":2,"featured_media":20765,"comment_status":"open","ping_status":"open","sticky":false,"template":"","format":"standard","meta":[],"categories":[7],"tags":[],"_links":{"self":[{"href":"https:\/\/www.salvatorianas.org.br\/blog\/wp-json\/wp\/v2\/posts\/20763"}],"collection":[{"href":"https:\/\/www.salvatorianas.org.br\/blog\/wp-json\/wp\/v2\/posts"}],"about":[{"href":"https:\/\/www.salvatorianas.org.br\/blog\/wp-json\/wp\/v2\/types\/post"}],"author":[{"embeddable":true,"href":"https:\/\/www.salvatorianas.org.br\/blog\/wp-json\/wp\/v2\/users\/2"}],"replies":[{"embeddable":true,"href":"https:\/\/www.salvatorianas.org.br\/blog\/wp-json\/wp\/v2\/comments?post=20763"}],"version-history":[{"count":1,"href":"https:\/\/www.salvatorianas.org.br\/blog\/wp-json\/wp\/v2\/posts\/20763\/revisions"}],"predecessor-version":[{"id":20766,"href":"https:\/\/www.salvatorianas.org.br\/blog\/wp-json\/wp\/v2\/posts\/20763\/revisions\/20766"}],"wp:featuredmedia":[{"embeddable":true,"href":"https:\/\/www.salvatorianas.org.br\/blog\/wp-json\/wp\/v2\/media\/20765"}],"wp:attachment":[{"href":"https:\/\/www.salvatorianas.org.br\/blog\/wp-json\/wp\/v2\/media?parent=20763"}],"wp:term":[{"taxonomy":"category","embeddable":true,"href":"https:\/\/www.salvatorianas.org.br\/blog\/wp-json\/wp\/v2\/categories?post=20763"},{"taxonomy":"post_tag","embeddable":true,"href":"https:\/\/www.salvatorianas.org.br\/blog\/wp-json\/wp\/v2\/tags?post=20763"}],"curies":[{"name":"wp","href":"https:\/\/api.w.org\/{rel}","templated":true}]}}