{"id":20760,"date":"2023-08-19T01:10:00","date_gmt":"2023-08-19T01:10:00","guid":{"rendered":"https:\/\/www.salvatorianas.org.br\/blog\/?p=20760"},"modified":"2023-08-16T17:11:05","modified_gmt":"2023-08-16T17:11:05","slug":"19a-semana-do-tempo-comum-ano-impar-i-5","status":"publish","type":"post","link":"https:\/\/www.salvatorianas.org.br\/blog\/19a-semana-do-tempo-comum-ano-impar-i-5\/","title":{"rendered":"19\u00aa Semana do Tempo Comum, Ano \u00cdmpar (I)"},"content":{"rendered":"\n<p>Considerai, Senhor, vossa Alian\u00e7a e n\u00e3o abandoneis para sempre o vosso povo. Levantai-vos, Senhor, defendei vossa causa e n\u00e3o desprezeis o clamor de quem vos busca (Sl 73,20.19.22s).<\/p>\n\n\n\n<p><em>Com grande empenho, o l\u00edder do povo eleito o persuade a manter-se fiel \u00e0 Alian\u00e7a e obt\u00e9m admir\u00e1vel ades\u00e3o: \u201cN\u00f3s tamb\u00e9m serviremos ao Senhor\u201d. Permane\u00e7amos fi\u00e9is ao nosso Deus, que nos ensina o \u201ccaminho para a vida\u201d e n\u00e3o quer que nada impe\u00e7a as pessoas de trilh\u00e1-lo.<\/em><\/p>\n\n\n\n<p>Primeira Leitura:&nbsp;<strong>Josu\u00e9 24,14-29<\/strong><\/p>\n\n\n\n<p>Leitura do livro de Josu\u00e9 \u2013 Naqueles dias, Josu\u00e9 disse a todo o povo:&nbsp;<sup>14<\/sup>\u201cAgora, pois, temei ao Senhor e servi-o com um cora\u00e7\u00e3o \u00edntegro e sincero, e lan\u00e7ai fora os deuses a quem vossos pais serviram na Mesopot\u00e2mia e no Egito, e servi ao Senhor.&nbsp;<sup>15<\/sup>Contudo, se vos parece mal servir ao Senhor, escolhei hoje a quem quereis servir: se aos deuses a quem vossos pais serviram na Mesopot\u00e2mia ou aos deuses dos amorreus, em cuja terra habitais. Quanto a mim e \u00e0 minha fam\u00edlia, n\u00f3s serviremos ao Senhor\u201d.&nbsp;<sup>16<\/sup>E o povo respondeu, dizendo: \u201cLonge de n\u00f3s abandonarmos o Senhor para servir a deuses estranhos.&nbsp;<sup>17<\/sup>Porque o Senhor, nosso Deus, ele mesmo \u00e9 quem nos tirou, a n\u00f3s e a nossos pais, da terra do Egito, da casa da escravid\u00e3o. Foi ele quem realizou esses grandes prod\u00edgios diante de nossos olhos e nos guardou por todos os caminhos por onde peregrinamos e no meio de todos os povos pelos quais passamos.&nbsp;<sup>18<\/sup>O Senhor expulsou diante de n\u00f3s todas as na\u00e7\u00f5es, especialmente os amorreus, que habitavam a terra em que entramos. Portanto, n\u00f3s tamb\u00e9m serviremos ao Senhor, porque ele \u00e9 o nosso Deus\u201d.&nbsp;<sup>19<\/sup>Ent\u00e3o Josu\u00e9 disse ao povo: \u201cN\u00e3o podeis servir ao Senhor, pois ele \u00e9 um Deus santo, um Deus ciumento, que n\u00e3o suportar\u00e1 vossas transgress\u00f5es e pecados.&nbsp;<sup>20<\/sup>Se abandonardes o Senhor e servirdes a deuses estranhos, ele se voltar\u00e1 contra v\u00f3s, e vos tratar\u00e1 mal e vos aniquilar\u00e1, depois de vos ter tratado bem\u201d.&nbsp;<sup>21<\/sup>O povo, por\u00e9m, respondeu a Josu\u00e9: \u201cN\u00e3o! \u00c9 ao Senhor que serviremos\u201d.&nbsp;<sup>22<\/sup>Josu\u00e9 ent\u00e3o disse ao povo: \u201cSois testemunhas contra v\u00f3s mesmos de que escolhestes o Senhor para servi-lo\u201d. E eles responderam: \u201cSim! Somos testemunhas!\u201d&nbsp;<sup>23<\/sup>\u201cSendo assim\u201d, disse Josu\u00e9, \u201ctirai do meio de v\u00f3s os deuses estranhos e inclinai os vossos cora\u00e7\u00f5es para o Senhor, Deus de Israel\u201d.&nbsp;<sup>24<\/sup>O povo disse a Josu\u00e9: \u201cServiremos ao Senhor, nosso Deus, e seremos obedientes aos seus preceitos\u201d.&nbsp;<sup>25<\/sup>Naquele dia, Josu\u00e9 estabeleceu uma alian\u00e7a com o povo e lhes prop\u00f4s preceitos e leis em Siqu\u00e9m.&nbsp;<sup>26<\/sup>Josu\u00e9 escreveu essas palavras no livro da Lei de Deus. A seguir, tomou uma grande pedra e levantou-a ali, debaixo do carvalho que havia no santu\u00e1rio do Senhor.&nbsp;<sup>27<\/sup>Ent\u00e3o Josu\u00e9 disse a todo o povo: \u201cEsta pedra que estais vendo servir\u00e1 de testemunha contra v\u00f3s, pois ela ouviu todas as palavras que o Senhor vos disse, para que depois n\u00e3o possais renegar o Senhor, vosso Deus\u201d.&nbsp;<sup>28<\/sup>Em seguida, Josu\u00e9 despediu o povo, para que fosse cada um para suas terras.&nbsp;<sup>29<\/sup>Depois desses acontecimentos, morreu Josu\u00e9, filho de Nun, servo do Senhor, com a idade de cento e dez anos. \u2013 Palavra do Senhor.<\/p>\n\n\n\n<p>Salmo Responsorial:&nbsp;<strong>15(16)<\/strong><\/p>\n\n\n\n<p><em><strong>O Senhor \u00e9 a por\u00e7\u00e3o da minha heran\u00e7a!<\/strong><\/em><\/p>\n\n\n\n<p>1. Guardai-me, \u00f3 Deus, porque em v\u00f3s me refugio!&nbsp;\/&nbsp;Digo ao Senhor: \u201cSomente v\u00f3s sois meu Senhor.&nbsp;\/&nbsp;\u00d3 Senhor, sois minha heran\u00e7a e minha ta\u00e7a,&nbsp;\/&nbsp;meu destino est\u00e1 seguro em vossas m\u00e3os!&nbsp;\u2013 R.<\/p>\n\n\n\n<p>2. Eu bendigo o Senhor, que me aconselha&nbsp;\/&nbsp;e at\u00e9 de noite me adverte o cora\u00e7\u00e3o.&nbsp;\/&nbsp;Tenho sempre o Senhor ante meus olhos,&nbsp;\/&nbsp;pois, se o tenho a meu lado, n\u00e3o vacilo.&nbsp;\u2013 R.<\/p>\n\n\n\n<p>3. V\u00f3s me ensinais vosso caminho para a vida;&nbsp;\u2020&nbsp;junto a v\u00f3s, felicidade sem limites,&nbsp;\/&nbsp;del\u00edcia eterna e alegria ao vosso lado!&nbsp;\u2013 R.<\/p>\n\n\n\n<p>Evangelho:&nbsp;<strong>Mateus 19,13-15<\/strong><\/p>\n\n\n\n<p><strong><em>Aleluia, aleluia, aleluia.<\/em><\/strong><\/p>\n\n\n\n<p><strong>Gra\u00e7as te dou, \u00f3 Pai, Senhor do c\u00e9u e da terra,&nbsp;\/&nbsp;pois revelaste os mist\u00e9rios do teu Reino aos pequeninos, escondendo-os aos doutores! (Mt 11,25)&nbsp;\u2013 R.<\/strong><\/p>\n\n\n\n<p>Proclama\u00e7\u00e3o do Evangelho de Jesus Cristo segundo Mateus \u2013 Naquele tempo,&nbsp;<sup>13<\/sup>levaram crian\u00e7as a Jesus, para que impusesse as m\u00e3os sobre elas e fizesse uma ora\u00e7\u00e3o. Os disc\u00edpulos, por\u00e9m, as repreendiam.&nbsp;<sup>14<\/sup>Ent\u00e3o Jesus disse: \u201cDeixai as crian\u00e7as e n\u00e3o as proibais de virem a mim, porque delas \u00e9 o Reino dos C\u00e9us\u201d.&nbsp;<sup>15<\/sup>E depois de impor as m\u00e3os sobre elas, Jesus partiu dali. \u2013 Palavra da salva\u00e7\u00e3o.<\/p>\n\n\n\n<p>Reflex\u00e3o:<\/p>\n\n\n\n<p><em>Em certas ocasi\u00f5es, Jesus ensina de modo incisivo e convincente, mais por meio de gestos do que proferindo palavras. Estas v\u00eam apenas completar a mensagem. Uma crian\u00e7a normalmente chama a aten\u00e7\u00e3o dos adultos: pela simplicidade, rea\u00e7\u00f5es imprevis\u00edveis, pureza de cora\u00e7\u00e3o, liberdade para expressar o que sente e pela total confian\u00e7a com que se joga nos bra\u00e7os do pai e da m\u00e3e. Os disc\u00edpulos, por n\u00e3o compreenderem a miss\u00e3o de Jesus, tentam afastar dele as crian\u00e7as que lhe s\u00e3o apresentadas. Diversamente dos disc\u00edpulos, Jesus as acolhe e as prop\u00f5e como modelos para seus seguidores. Do mesmo modo como acolhe as crian\u00e7as, Jesus admite e ama com predile\u00e7\u00e3o os marginalizados e exclu\u00eddos da conviv\u00eancia humana. A Igreja e a assembleia lit\u00fargica n\u00e3o podem excluir ningu\u00e9m, pois Jesus veio para todos.<\/em><\/p>\n","protected":false},"excerpt":{"rendered":"<p>Considerai, Senhor, vossa Alian\u00e7a e n\u00e3o abandoneis para sempre o vosso povo. Levantai-vos, Senhor, defendei vossa causa e n\u00e3o desprezeis o clamor de quem vos busca (Sl 73,20.19.22s). Com grande empenho, o l\u00edder&#8230;<\/p>\n","protected":false},"author":2,"featured_media":20761,"comment_status":"open","ping_status":"open","sticky":false,"template":"","format":"standard","meta":[],"categories":[7],"tags":[],"_links":{"self":[{"href":"https:\/\/www.salvatorianas.org.br\/blog\/wp-json\/wp\/v2\/posts\/20760"}],"collection":[{"href":"https:\/\/www.salvatorianas.org.br\/blog\/wp-json\/wp\/v2\/posts"}],"about":[{"href":"https:\/\/www.salvatorianas.org.br\/blog\/wp-json\/wp\/v2\/types\/post"}],"author":[{"embeddable":true,"href":"https:\/\/www.salvatorianas.org.br\/blog\/wp-json\/wp\/v2\/users\/2"}],"replies":[{"embeddable":true,"href":"https:\/\/www.salvatorianas.org.br\/blog\/wp-json\/wp\/v2\/comments?post=20760"}],"version-history":[{"count":1,"href":"https:\/\/www.salvatorianas.org.br\/blog\/wp-json\/wp\/v2\/posts\/20760\/revisions"}],"predecessor-version":[{"id":20762,"href":"https:\/\/www.salvatorianas.org.br\/blog\/wp-json\/wp\/v2\/posts\/20760\/revisions\/20762"}],"wp:featuredmedia":[{"embeddable":true,"href":"https:\/\/www.salvatorianas.org.br\/blog\/wp-json\/wp\/v2\/media\/20761"}],"wp:attachment":[{"href":"https:\/\/www.salvatorianas.org.br\/blog\/wp-json\/wp\/v2\/media?parent=20760"}],"wp:term":[{"taxonomy":"category","embeddable":true,"href":"https:\/\/www.salvatorianas.org.br\/blog\/wp-json\/wp\/v2\/categories?post=20760"},{"taxonomy":"post_tag","embeddable":true,"href":"https:\/\/www.salvatorianas.org.br\/blog\/wp-json\/wp\/v2\/tags?post=20760"}],"curies":[{"name":"wp","href":"https:\/\/api.w.org\/{rel}","templated":true}]}}