{"id":20746,"date":"2023-08-17T01:48:00","date_gmt":"2023-08-17T01:48:00","guid":{"rendered":"https:\/\/www.salvatorianas.org.br\/blog\/?p=20746"},"modified":"2023-08-11T16:50:54","modified_gmt":"2023-08-11T16:50:54","slug":"19a-semana-do-tempo-comum-ano-impar-i-3","status":"publish","type":"post","link":"https:\/\/www.salvatorianas.org.br\/blog\/19a-semana-do-tempo-comum-ano-impar-i-3\/","title":{"rendered":"19\u00aa Semana do Tempo Comum, Ano \u00cdmpar (I)"},"content":{"rendered":"\n<p>Considerai, Senhor, vossa Alian\u00e7a e n\u00e3o abandoneis para sempre o vosso povo. Levantai-vos, Senhor, defendei vossa causa e n\u00e3o desprezeis o clamor de quem vos busca (Sl 73,20.19.22s).<\/p>\n\n\n\n<p><em>Deus n\u00e3o cessa de marcar presen\u00e7a junto a seu povo e de proteg\u00ea-lo em todas as situa\u00e7\u00f5es. De nossa parte, ele espera que acolhamos os ensinamentos do seu Reino, que pede de n\u00f3s um esp\u00edrito compassivo e sempre pronto a oferecer o dom do perd\u00e3o.<\/em><\/p>\n\n\n\n<p>Primeira Leitura:&nbsp;<strong>Josu\u00e9 3,7-11.13-17<\/strong><\/p>\n\n\n\n<p>Leitura do livro de Josu\u00e9 \u2013 Naqueles dias,&nbsp;<sup>7<\/sup>o Senhor disse a Josu\u00e9: \u201cHoje come\u00e7arei a exaltar-te diante de todo Israel, para que saibas que estou contigo assim como estive com Mois\u00e9s.&nbsp;<sup>8<\/sup>Tu, ordena aos sacerdotes que levam a arca da Alian\u00e7a, dizendo-lhes: Quando chegardes \u00e0 beira das \u00e1guas do Jord\u00e3o, ficai parados ali\u201d.&nbsp;<sup>9<\/sup>Depois Josu\u00e9 disse aos filhos de Israel: \u201cAproximai-vos para ouvir as palavras do Senhor vosso Deus\u201d.&nbsp;<sup>10<\/sup>E acrescentou: \u201cNisto sabereis que o Deus vivo est\u00e1 no meio de v\u00f3s e que ele expulsar\u00e1 da vossa presen\u00e7a os cananeus.&nbsp;<sup>11<\/sup>Eis que a arca da Alian\u00e7a do Senhor de toda a terra vai atravessar o Jord\u00e3o adiante de v\u00f3s.&nbsp;<sup>13<\/sup>E logo que os sacerdotes, que levam a arca do Senhor de toda a terra, tocarem com a planta dos p\u00e9s as \u00e1guas do Jord\u00e3o, elas se dividir\u00e3o: as \u00e1guas da parte de baixo continuar\u00e3o a correr, mas as que v\u00eam de cima parar\u00e3o, formando uma barragem\u201d.&nbsp;<sup>14<\/sup>Quando o povo levantou acampamento para passar o rio Jord\u00e3o, os sacerdotes que levavam a arca da Alian\u00e7a puseram-se \u00e0 frente de todo o povo.&nbsp;<sup>15<\/sup>Quando chegaram ao rio Jord\u00e3o e os p\u00e9s dos sacerdotes se molharam nas \u00e1guas da margem \u2013 pois o Jord\u00e3o transborda e inunda suas margens durante todo o tempo da colheita -,&nbsp;<sup>16<\/sup>ent\u00e3o as \u00e1guas que vinham de cima pararam, formando uma grande barragem at\u00e9 Adam, cidade que fica ao lado de Sart\u00e3, e as que estavam na parte de baixo desceram para o mar da Arab\u00e1, o mar Salgado, at\u00e9 secarem completamente. Ent\u00e3o o povo atravessou em frente a Jeric\u00f3.&nbsp;<sup>17<\/sup>E os sacerdotes que levavam a arca da Alian\u00e7a do Senhor conservaram-se firmes sobre a terra seca, no meio do rio, e ali permaneceram at\u00e9 que todo Israel acabasse de atravessar o rio Jord\u00e3o a p\u00e9 enxuto. \u2013 Palavra do Senhor.<\/p>\n\n\n\n<p>Salmo Responsorial:&nbsp;<strong>113A(114)<\/strong><\/p>\n\n\n\n<p><em><strong>Aleluia, aleluia, aleluia.<\/strong><\/em><\/p>\n\n\n\n<p>1. Quando o povo de Israel saiu do Egito&nbsp;\/&nbsp;e os filhos de Jac\u00f3, de um povo estranho,&nbsp;\/&nbsp;Jud\u00e1 tornou-se o templo do Senhor&nbsp;\/&nbsp;e Israel se transformou em seu dom\u00ednio.&nbsp;\u2013 R.<\/p>\n\n\n\n<p>2. O mar, \u00e0 vista disso, p\u00f4s-se em fuga,&nbsp;\/&nbsp;e as \u00e1guas do Jord\u00e3o retrocederam;&nbsp;\/&nbsp;as montanhas deram pulos como ovelhas,&nbsp;\/&nbsp;e as colinas, parecendo cordeirinhos.&nbsp;\u2013 R.<\/p>\n\n\n\n<p>3. \u00d3 mar, o que tens tu, para fugir?&nbsp;\/&nbsp;E tu, Jord\u00e3o, por que recuas desse modo?&nbsp;\/&nbsp;Por que dais pulos como ovelhas, \u00f3 montanhas?&nbsp;\/&nbsp;E v\u00f3s, colinas, parecendo cordeirinhos?&nbsp;\u2013 R.<\/p>\n\n\n\n<p>Evangelho:&nbsp;<strong>Mateus 18,21-19,1<\/strong><\/p>\n\n\n\n<p><strong><em>Aleluia, aleluia, aleluia.<\/em><\/strong><\/p>\n\n\n\n<p><strong>Fazei brilhar vosso semblante ao vosso servo&nbsp;\/&nbsp;e ensinai-me vossas leis e mandamentos! (Sl 118,135)&nbsp;\u2013 R.<\/strong><\/p>\n\n\n\n<p>Proclama\u00e7\u00e3o do Evangelho de Jesus Cristo segundo Mateus \u2013 Naquele tempo,&nbsp;<sup>21<\/sup>Pedro aproximou-se de Jesus e perguntou: \u201cSenhor, quantas vezes devo perdoar se meu irm\u00e3o pecar contra mim? At\u00e9 sete vezes?\u201d&nbsp;<sup>22<\/sup>Jesus respondeu: \u201cN\u00e3o te digo at\u00e9 sete vezes, mas at\u00e9 setenta vezes sete.&nbsp;<sup>23<\/sup>Porque o Reino dos C\u00e9us \u00e9 como um rei que resolveu acertar as contas com seus empregados.&nbsp;<sup>24<\/sup>Quando come\u00e7ou o acerto, trouxeram-lhe um que lhe devia uma enorme fortuna.&nbsp;<sup>25<\/sup>Como o empregado n\u00e3o tivesse com que pagar, o patr\u00e3o mandou que fosse vendido como escravo, junto com a mulher e os filhos e tudo o que possu\u00eda, para que pagasse a d\u00edvida.&nbsp;<sup>26<\/sup>O empregado, por\u00e9m, caiu aos p\u00e9s do patr\u00e3o e, prostrado, suplicava: \u2018D\u00e1-me um prazo! E eu te pagarei tudo\u2019.&nbsp;<sup>27<\/sup>Diante disso, o patr\u00e3o teve compaix\u00e3o, soltou o empregado e perdoou-lhe a d\u00edvida.&nbsp;<sup>28<\/sup>Ao sair dali, aquele empregado encontrou um dos seus companheiros, que lhe devia apenas cem moedas. Ele o agarrou e come\u00e7ou a sufoc\u00e1-lo, dizendo: \u2018Paga o que me deves\u2019.&nbsp;<sup>29<\/sup>O companheiro, caindo aos seus p\u00e9s, suplicava: \u2018D\u00e1-me um prazo, e eu te pagarei!\u2019&nbsp;<sup>30<\/sup>Mas o empregado n\u00e3o quis saber disso. Saiu e mandou jog\u00e1-lo na pris\u00e3o, at\u00e9 que pagasse o que devia.&nbsp;<sup>31<\/sup>Vendo o que havia acontecido, os outros empregados ficaram muito tristes, procuraram o patr\u00e3o e lhe contaram tudo.&nbsp;<sup>32<\/sup>Ent\u00e3o o patr\u00e3o mandou cham\u00e1-lo e lhe disse: \u2018Empregado perverso, eu te perdoei toda a tua d\u00edvida porque tu me suplicaste.&nbsp;<sup>33<\/sup>N\u00e3o devias tu tamb\u00e9m ter compaix\u00e3o do teu companheiro, como eu tive compaix\u00e3o de ti?\u2019&nbsp;<sup>34<\/sup>O patr\u00e3o indignou-se e mandou entregar aquele empregado aos torturadores, at\u00e9 que pagasse toda a sua d\u00edvida.&nbsp;<sup>35<\/sup>\u00c9 assim que o meu Pai que est\u00e1 nos c\u00e9us far\u00e1 convosco se cada um n\u00e3o perdoar de cora\u00e7\u00e3o ao seu irm\u00e3o\u201d.&nbsp;<sup>19,1<\/sup>Ao terminar estes discursos, Jesus deixou a Galileia e veio para o territ\u00f3rio da Judeia al\u00e9m do Jord\u00e3o. \u2013 Palavra da salva\u00e7\u00e3o.<\/p>\n\n\n\n<p>Reflex\u00e3o:<\/p>\n\n\n\n<p><em>O perd\u00e3o \u00e9 condi\u00e7\u00e3o indispens\u00e1vel para o crescimento e a vida saud\u00e1vel da comunidade crist\u00e3. Para responder \u00e0 pergunta de Pedro, Jesus joga com n\u00famero simb\u00f3lico: setenta vezes sete significa sempre. Para refor\u00e7ar sua afirma\u00e7\u00e3o, Jesus conta a par\u00e1bola dos dois devedores e mostra a imensa despropor\u00e7\u00e3o entre o perd\u00e3o de Deus (sem medida) e o nosso perd\u00e3o (mesquinho) aos que nos ofendem. Para saber perdoar, \u00e9 necess\u00e1rio reconhecermos que somos pecadores e necessitados do perd\u00e3o de Deus. A necessidade de perdoar soa como can\u00e7\u00e3o ecoando ao longo dos Evangelhos. Seremos perdoados pelo Pai celeste \u00e0 medida que perdoarmos de cora\u00e7\u00e3o os nossos irm\u00e3os. \u00c9 o que expressamos cada vez que rezamos o pai-nosso: \u201cPerdoai as nossas ofensas, assim como n\u00f3s perdoamos a quem nos tem ofendido\u201d.<\/em><\/p>\n","protected":false},"excerpt":{"rendered":"<p>Considerai, Senhor, vossa Alian\u00e7a e n\u00e3o abandoneis para sempre o vosso povo. Levantai-vos, Senhor, defendei vossa causa e n\u00e3o desprezeis o clamor de quem vos busca (Sl 73,20.19.22s). Deus n\u00e3o cessa de marcar&#8230;<\/p>\n","protected":false},"author":2,"featured_media":20747,"comment_status":"open","ping_status":"open","sticky":false,"template":"","format":"standard","meta":[],"categories":[7],"tags":[],"_links":{"self":[{"href":"https:\/\/www.salvatorianas.org.br\/blog\/wp-json\/wp\/v2\/posts\/20746"}],"collection":[{"href":"https:\/\/www.salvatorianas.org.br\/blog\/wp-json\/wp\/v2\/posts"}],"about":[{"href":"https:\/\/www.salvatorianas.org.br\/blog\/wp-json\/wp\/v2\/types\/post"}],"author":[{"embeddable":true,"href":"https:\/\/www.salvatorianas.org.br\/blog\/wp-json\/wp\/v2\/users\/2"}],"replies":[{"embeddable":true,"href":"https:\/\/www.salvatorianas.org.br\/blog\/wp-json\/wp\/v2\/comments?post=20746"}],"version-history":[{"count":1,"href":"https:\/\/www.salvatorianas.org.br\/blog\/wp-json\/wp\/v2\/posts\/20746\/revisions"}],"predecessor-version":[{"id":20748,"href":"https:\/\/www.salvatorianas.org.br\/blog\/wp-json\/wp\/v2\/posts\/20746\/revisions\/20748"}],"wp:featuredmedia":[{"embeddable":true,"href":"https:\/\/www.salvatorianas.org.br\/blog\/wp-json\/wp\/v2\/media\/20747"}],"wp:attachment":[{"href":"https:\/\/www.salvatorianas.org.br\/blog\/wp-json\/wp\/v2\/media?parent=20746"}],"wp:term":[{"taxonomy":"category","embeddable":true,"href":"https:\/\/www.salvatorianas.org.br\/blog\/wp-json\/wp\/v2\/categories?post=20746"},{"taxonomy":"post_tag","embeddable":true,"href":"https:\/\/www.salvatorianas.org.br\/blog\/wp-json\/wp\/v2\/tags?post=20746"}],"curies":[{"name":"wp","href":"https:\/\/api.w.org\/{rel}","templated":true}]}}