{"id":20743,"date":"2023-08-16T01:47:00","date_gmt":"2023-08-16T01:47:00","guid":{"rendered":"https:\/\/www.salvatorianas.org.br\/blog\/?p=20743"},"modified":"2023-08-11T16:50:47","modified_gmt":"2023-08-11T16:50:47","slug":"19a-semana-do-tempo-comum-ano-impar-i-2","status":"publish","type":"post","link":"https:\/\/www.salvatorianas.org.br\/blog\/19a-semana-do-tempo-comum-ano-impar-i-2\/","title":{"rendered":"19\u00aa Semana do Tempo Comum, Ano \u00cdmpar (I)"},"content":{"rendered":"\n<p>Considerai, Senhor, vossa Alian\u00e7a e n\u00e3o abandoneis para sempre o vosso povo. Levantai-vos, Senhor, defendei vossa causa e n\u00e3o desprezeis o clamor de quem vos busca (Sl 73,20.19.22s).<\/p>\n\n\n\n<p><em>Ao longo da hist\u00f3ria da salva\u00e7\u00e3o, Deus envia profetas com o objetivo de orientar e manter para si um povo fiel. Benditas sejam as pessoas que, tamb\u00e9m quando nos advertem, s\u00e3o capazes de nos alimentar a f\u00e9 e a perseveran\u00e7a nos caminhos do Senhor.<\/em><\/p>\n\n\n\n<p>Primeira Leitura:&nbsp;<strong>Deuteron\u00f4mio 34,1-12<\/strong><\/p>\n\n\n\n<p>Leitura do livro do Deuteron\u00f4mio \u2013 Naqueles dias,&nbsp;<sup>1<\/sup>Mois\u00e9s subiu das estepes de Moab ao monte Nebo, ao cume do Fasga, que est\u00e1 defronte de Jeric\u00f3. E o Senhor mostrou-lhe todo o pa\u00eds, desde Galaad at\u00e9 D\u00e3,&nbsp;<sup>2<\/sup>o territ\u00f3rio de Neftali, a terra de Efraim e Manass\u00e9s, toda a terra de Jud\u00e1 at\u00e9 o mar ocidental,&nbsp;<sup>3<\/sup>o Negueb e a regi\u00e3o do vale de Jeric\u00f3, cidade das palmeiras, at\u00e9 Segor.&nbsp;<sup>4<\/sup>O Senhor lhe disse: \u201cEis a\u00ed a terra pela qual jurei a Abra\u00e3o, Isaac e Jac\u00f3, dizendo: \u2018Eu a darei \u00e0 tua descend\u00eancia\u2019. Tu a viste com teus olhos, mas nela n\u00e3o entrar\u00e1s\u201d.&nbsp;<sup>5<\/sup>E Mois\u00e9s, servo do Senhor, morreu ali, na terra de Moab, conforme a vontade do Senhor.&nbsp;<sup>6<\/sup>E ele o sepultou no vale, na terra de Moab, defronte de Bet-Fegor. E ningu\u00e9m sabe at\u00e9 hoje onde fica a sua sepultura.&nbsp;<sup>7<\/sup>Ao morrer, Mois\u00e9s tinha cento e vinte anos. Sua vista n\u00e3o tinha enfraquecido, nem seu vigor se tinha esmorecido.&nbsp;<sup>8<\/sup>Os filhos de Israel choraram Mois\u00e9s nas estepes de Moab durante trinta dias, at\u00e9 que terminou o luto por Mois\u00e9s.&nbsp;<sup>9<\/sup>Josu\u00e9, filho de Nun, estava cheio do esp\u00edrito de sabedoria, porque Mois\u00e9s lhe tinha imposto as m\u00e3os. E os filhos de Israel lhe obedeceram e agiram como o Senhor tinha ordenado a Mois\u00e9s.&nbsp;<sup>10<\/sup>Em Israel nunca mais surgiu um profeta como Mois\u00e9s, a quem o Senhor conhecesse face a face,&nbsp;<sup>11<\/sup>nem quanto aos sinais e prod\u00edgios que o Senhor lhe mandou fazer, na terra do Egito, contra o fara\u00f3, os seus servidores e todo o seu pa\u00eds,&nbsp;<sup>12<\/sup>nem quanto \u00e0 m\u00e3o poderosa e a tantos e t\u00e3o terr\u00edveis prod\u00edgios que Mois\u00e9s fez \u00e0 vista de todo Israel. \u2013 Palavra do Senhor.<\/p>\n\n\n\n<p>Salmo Responsorial:&nbsp;<strong>65(66)<\/strong><\/p>\n\n\n\n<p><em><strong>Bendito seja o Senhor Deus, que me escutou,&nbsp;\/&nbsp;\u00e9 ele que d\u00e1 vida \u00e0 nossa vida.<\/strong><\/em><\/p>\n\n\n\n<p>1. Aclamai o Senhor Deus, \u00f3 terra inteira,&nbsp;\/&nbsp;cantai salmos a seu nome glorioso,&nbsp;\/&nbsp;dai a Deus a mais sublime louva\u00e7\u00e3o!&nbsp;\/&nbsp;Dizei a Deus: \u201cComo s\u00e3o grandes vossas obras!\u201d&nbsp;\u2013 R.<\/p>\n\n\n\n<p>2. Vinde ver todas as obras do Senhor:&nbsp;\/&nbsp;seus prod\u00edgios estupendos entre os homens!&nbsp;\/&nbsp;Todos v\u00f3s que a Deus temeis, vinde escutar:&nbsp;\/&nbsp;vou contar-vos todo bem que ele me fez!&nbsp;\/&nbsp;Quando a ele o meu grito se elevou,&nbsp;\/&nbsp;j\u00e1 havia gratid\u00e3o em minha boca!&nbsp;\u2013 R.<\/p>\n\n\n\n<p>Evangelho:&nbsp;<strong>Mateus 18,15-20<\/strong><\/p>\n\n\n\n<p><strong><em>Aleluia, aleluia, aleluia.<\/em><\/strong><\/p>\n\n\n\n<p><strong>Em Cristo, Deus reconciliou consigo mesmo a humanidade;&nbsp;\/&nbsp;e a n\u00f3s ele entregou essa reconcilia\u00e7\u00e3o (2Cor 5,19).&nbsp;\u2013 R.<\/strong><\/p>\n\n\n\n<p>Proclama\u00e7\u00e3o do Evangelho de Jesus Cristo segundo Mateus \u2013 Naquele tempo, disse Jesus aos seus disc\u00edpulos:&nbsp;<sup>15<\/sup>\u201cSe o teu irm\u00e3o pecar contra ti, vai corrigi-lo, mas em particular, a s\u00f3s contigo! Se ele te ouvir, tu ganhaste o teu irm\u00e3o.&nbsp;<sup>16<\/sup>Se ele n\u00e3o te ouvir, toma contigo mais uma ou duas pessoas, para que toda a quest\u00e3o seja decidida sob a palavra de duas ou tr\u00eas testemunhas.<sup>17<\/sup>Se ele n\u00e3o vos der ouvido, dize-o \u00e0 Igreja. Se nem mesmo \u00e0 Igreja ele ouvir, seja tratado como se fosse um pag\u00e3o ou um pecador p\u00fablico.&nbsp;<sup>18<\/sup>Em verdade vos digo, tudo o que ligardes na terra ser\u00e1 ligado no c\u00e9u e tudo o que desligardes na terra ser\u00e1 desligado no c\u00e9u.&nbsp;<sup>19<\/sup>De novo eu vos digo: se dois de v\u00f3s estiverem de acordo na terra sobre qualquer coisa que quiserem pedir, isso vos ser\u00e1 concedido por meu Pai que est\u00e1 nos c\u00e9us.&nbsp;<sup>20<\/sup>Pois onde dois ou tr\u00eas estiverem reunidos em meu nome, eu estou ali, no meio deles\u201d. \u2013 Palavra da salva\u00e7\u00e3o.<\/p>\n\n\n\n<p>Reflex\u00e3o:<\/p>\n\n\n\n<p><em>A comunidade crist\u00e3 n\u00e3o \u00e9 perfeita. Que atitude se deve tomar quando algu\u00e9m peca? Fazer de conta que nada aconteceu? Jesus prop\u00f5e a corre\u00e7\u00e3o fraterna. Os v\u00e1rios passos sugeridos no processo de corrigir o irm\u00e3o que pecou mostram que \u00e9 necess\u00e1rio tratar com respeito a pessoa em causa, e com bons modos lev\u00e1-la a arrepender-se e emendar-se. Nobre atitude, um alerta para n\u00f3s que, com facilidade, julgamos e condenamos! Para que n\u00e3o se cometam injusti\u00e7as contra nenhum dos irm\u00e3os da comunidade, em rela\u00e7\u00e3o a quem errou, todos s\u00e3o convidados a pedir em ora\u00e7\u00e3o pelo bem de seus membros. Se houver unidade entre eles e acordo sobre o que pedir, Deus atender\u00e1 o pedido da comunidade, pois Cristo, o \u00fanico caminho que leva ao Pai, est\u00e1 presente onde duas ou mais pessoas se encontram reunidas e unidas em seu nome.<\/em><\/p>\n","protected":false},"excerpt":{"rendered":"<p>Considerai, Senhor, vossa Alian\u00e7a e n\u00e3o abandoneis para sempre o vosso povo. Levantai-vos, Senhor, defendei vossa causa e n\u00e3o desprezeis o clamor de quem vos busca (Sl 73,20.19.22s). Ao longo da hist\u00f3ria da&#8230;<\/p>\n","protected":false},"author":2,"featured_media":20744,"comment_status":"open","ping_status":"open","sticky":false,"template":"","format":"standard","meta":[],"categories":[7],"tags":[],"_links":{"self":[{"href":"https:\/\/www.salvatorianas.org.br\/blog\/wp-json\/wp\/v2\/posts\/20743"}],"collection":[{"href":"https:\/\/www.salvatorianas.org.br\/blog\/wp-json\/wp\/v2\/posts"}],"about":[{"href":"https:\/\/www.salvatorianas.org.br\/blog\/wp-json\/wp\/v2\/types\/post"}],"author":[{"embeddable":true,"href":"https:\/\/www.salvatorianas.org.br\/blog\/wp-json\/wp\/v2\/users\/2"}],"replies":[{"embeddable":true,"href":"https:\/\/www.salvatorianas.org.br\/blog\/wp-json\/wp\/v2\/comments?post=20743"}],"version-history":[{"count":1,"href":"https:\/\/www.salvatorianas.org.br\/blog\/wp-json\/wp\/v2\/posts\/20743\/revisions"}],"predecessor-version":[{"id":20745,"href":"https:\/\/www.salvatorianas.org.br\/blog\/wp-json\/wp\/v2\/posts\/20743\/revisions\/20745"}],"wp:featuredmedia":[{"embeddable":true,"href":"https:\/\/www.salvatorianas.org.br\/blog\/wp-json\/wp\/v2\/media\/20744"}],"wp:attachment":[{"href":"https:\/\/www.salvatorianas.org.br\/blog\/wp-json\/wp\/v2\/media?parent=20743"}],"wp:term":[{"taxonomy":"category","embeddable":true,"href":"https:\/\/www.salvatorianas.org.br\/blog\/wp-json\/wp\/v2\/categories?post=20743"},{"taxonomy":"post_tag","embeddable":true,"href":"https:\/\/www.salvatorianas.org.br\/blog\/wp-json\/wp\/v2\/tags?post=20743"}],"curies":[{"name":"wp","href":"https:\/\/api.w.org\/{rel}","templated":true}]}}