{"id":20740,"date":"2023-08-15T01:41:00","date_gmt":"2023-08-15T01:41:00","guid":{"rendered":"https:\/\/www.salvatorianas.org.br\/blog\/?p=20740"},"modified":"2023-08-11T16:46:43","modified_gmt":"2023-08-11T16:46:43","slug":"19a-semana-do-tempo-comum-ano-impar-i","status":"publish","type":"post","link":"https:\/\/www.salvatorianas.org.br\/blog\/19a-semana-do-tempo-comum-ano-impar-i\/","title":{"rendered":"19\u00aa Semana do Tempo Comum, Ano \u00cdmpar (I)"},"content":{"rendered":"\n<p>Considerai, Senhor, vossa Alian\u00e7a, e n\u00e3o abandoneis para sempre o vosso povo. Levantai-vos, Senhor, defendei vossa causa e n\u00e3o desprezeis o clamor de quem vos busca (Sl 73,20.19.22s).<\/p>\n\n\n\n<p><em>Mesmo diante de obst\u00e1culos que parecem insuper\u00e1veis, o Todo-poderoso se p\u00f5e ativamente do nosso lado: \u201cO Senhor teu Deus \u00e9 ele mesmo teu guia, e n\u00e3o te deixar\u00e1 nem te abandonar\u00e1\u201d. A liturgia nos convida a cultivar no cora\u00e7\u00e3o a din\u00e2mica da convers\u00e3o e confiar sempre no Senhor.<\/em><\/p>\n\n\n\n<p>Primeira Leitura:&nbsp;<strong>Deuteron\u00f4mio 31,1-8<\/strong><\/p>\n\n\n\n<p>Leitura do livro do Deuteron\u00f4mio \u2013&nbsp;<sup>1<\/sup>Mois\u00e9s dirigiu-se a todo Israel com as seguintes palavras:&nbsp;<sup>2<\/sup>\u201cTenho hoje cento e vinte anos e j\u00e1 n\u00e3o posso deslocar-me. Al\u00e9m do mais, o Senhor me disse: \u2018N\u00e3o atravessar\u00e1s este rio Jord\u00e3o\u2019.&nbsp;<sup>3<\/sup>\u00c9 o Senhor teu Deus que ir\u00e1 \u00e0 tua frente; ele mesmo, \u00e0 tua vista, destruir\u00e1 todas essas na\u00e7\u00f5es, para que ocupes suas terras. Josu\u00e9 passar\u00e1 adiante de ti, como disse o Senhor.&nbsp;<sup>4<\/sup>E o Senhor far\u00e1 com esses povos o que fez com Seon e Og, reis dos amorreus, e com suas terras, que ele destruiu.&nbsp;<sup>5<\/sup>Quando, pois, o Senhor os entregar a v\u00f3s, fareis com eles exatamente o que vos ordenei.&nbsp;<sup>6<\/sup>Sede fortes e valentes; n\u00e3o vos intimideis nem tenhais medo deles, pois o Senhor teu Deus \u00e9 ele mesmo o teu guia, e n\u00e3o te deixar\u00e1 nem te abandonar\u00e1\u201d.&nbsp;<sup>7<\/sup>Depois Mois\u00e9s chamou Josu\u00e9 e, diante de todo Israel, lhe disse: \u201cS\u00ea forte e corajoso, pois \u00e9s tu que introduzir\u00e1s este povo na terra que o Senhor, sob juramento, prometeu dar a seus pais e \u00e9s tu que lhe dar\u00e1s a posse dela.&nbsp;<sup>8<\/sup>O Senhor, que \u00e9 o teu guia, marchar\u00e1 \u00e0 tua frente, estar\u00e1 contigo e n\u00e3o te deixar\u00e1 nem te abandonar\u00e1. Por isso, n\u00e3o temas nem te acovardes\u201d. \u2013 Palavra do Senhor.<\/p>\n\n\n\n<p>Salmo Responsorial:&nbsp;<strong>Dt 32<\/strong><\/p>\n\n\n\n<p><em><strong>A por\u00e7\u00e3o do Senhor \u00e9 o seu povo.<\/strong><\/em><\/p>\n\n\n\n<p>1. O nome do Senhor vou invocar;&nbsp;\u2020&nbsp;vinde todos e dai gl\u00f3ria ao nosso Deus!&nbsp;\/&nbsp;Ele \u00e9 a rocha: suas obras s\u00e3o perfeitas.&nbsp;\u2013 R.<\/p>\n\n\n\n<p>2. Recorda-te dos dias do passado&nbsp;\/&nbsp;e relembra as antigas gera\u00e7\u00f5es;&nbsp;\/&nbsp;pergunta, e teu pai te contar\u00e1,&nbsp;\/&nbsp;interroga, e teus av\u00f3s te ensinar\u00e3o.&nbsp;\u2013 R.<\/p>\n\n\n\n<p>3. Quando o Alt\u00edssimo os povos dividiu&nbsp;\/&nbsp;e pela terra espalhou os filhos de Ad\u00e3o,&nbsp;\/&nbsp;as fronteiras das na\u00e7\u00f5es ele marcou&nbsp;\/&nbsp;de acordo com o n\u00famero de seus filhos.&nbsp;\u2013 R.<\/p>\n\n\n\n<p>4. Mas a parte do Senhor foi o seu povo,&nbsp;\/&nbsp;e Jac\u00f3 foi a por\u00e7\u00e3o de sua heran\u00e7a.&nbsp;\/&nbsp;O Senhor, somente ele, foi seu guia,&nbsp;\/&nbsp;e jamais um outro deus com ele estava.&nbsp;\u2013 R.<\/p>\n\n\n\n<p>Evangelho:&nbsp;<strong>Mateus 18,1-5.10.12-14<\/strong><\/p>\n\n\n\n<p><strong><em>Aleluia, aleluia, aleluia.<\/em><\/strong><\/p>\n\n\n\n<p><strong>Tomai meu jugo sobre v\u00f3s e aprendei de mim,&nbsp;\/&nbsp;que sou de cora\u00e7\u00e3o humilde e manso! (Mt 11,29)&nbsp;\u2013 R.<\/strong><\/p>\n\n\n\n<p>Proclama\u00e7\u00e3o do Evangelho de Jesus Cristo segundo Mateus \u2013 Naquele tempo,&nbsp;<sup>1<\/sup>os disc\u00edpulos aproximaram-se de Jesus e perguntaram: \u201cQuem \u00e9 o maior no Reino dos C\u00e9us?\u201d&nbsp;<sup>2<\/sup>Jesus chamou uma crian\u00e7a, colocou-a no meio deles&nbsp;<sup>3<\/sup>e disse: \u201cEm verdade vos digo, se n\u00e3o vos converterdes e n\u00e3o vos tornardes como crian\u00e7as, n\u00e3o entrareis no Reino dos C\u00e9us.&nbsp;<sup>4<\/sup>Quem se faz pequeno como esta crian\u00e7a, esse \u00e9 o maior no Reino dos C\u00e9us.&nbsp;<sup>5<\/sup>E quem recebe em meu nome uma crian\u00e7a como esta \u00e9 a mim que recebe.&nbsp;<sup>10<\/sup>N\u00e3o desprezeis nenhum desses pequeninos, pois eu vos digo que os seus anjos nos c\u00e9us veem sem cessar a face do meu Pai que est\u00e1 nos c\u00e9us.&nbsp;<sup>12<\/sup>Que vos parece? Se um homem tem cem ovelhas e uma delas se perde, n\u00e3o deixa ele as noventa e nove nas montanhas para procurar aquela que se perdeu?&nbsp;<sup>13<\/sup>Em verdade vos digo, se ele a encontrar, ficar\u00e1 mais feliz com ela do que com as noventa e nove que n\u00e3o se perderam.&nbsp;<sup>14<\/sup>Do mesmo modo, o Pai que est\u00e1 nos c\u00e9us n\u00e3o deseja que se perca nenhum desses pequeninos\u201d. \u2013 Palavra da salva\u00e7\u00e3o.<\/p>\n\n\n\n<p>Reflex\u00e3o:<\/p>\n\n\n\n<p><em>Os disc\u00edpulos de Jesus manifestam a mentalidade corrente: o ser humano tem sede de poder. Jesus revira essa posi\u00e7\u00e3o e mostra quem tem maior valor diante de Deus. Aponta uma crian\u00e7a, que \u00e9 s\u00edmbolo dos pobres, humildes, marginalizados e pecadores; enfim, aqueles que s\u00e3o esmagados pela sociedade injusta. Esses constituem justamente o centro de aten\u00e7\u00e3o de Jesus, tanto que seu Reino \u00e9 constitu\u00eddo por pessoas assim. Mas, cuidado! N\u00e3o aconte\u00e7a que a comunidade crist\u00e3 escandalize ou trate mal os que v\u00e3o dando os primeiros passos na f\u00e9! O Pai do c\u00e9u, em sintonia com a escolha de Jesus, tem os olhos voltados para esses pequenos. E no c\u00e9u haver\u00e1 festa quando um filho ou filha abandona o mau caminho e de novo volta a fazer parte da fam\u00edlia de Deus.<\/em><\/p>\n","protected":false},"excerpt":{"rendered":"<p>Considerai, Senhor, vossa Alian\u00e7a, e n\u00e3o abandoneis para sempre o vosso povo. Levantai-vos, Senhor, defendei vossa causa e n\u00e3o desprezeis o clamor de quem vos busca (Sl 73,20.19.22s). Mesmo diante de obst\u00e1culos que&#8230;<\/p>\n","protected":false},"author":2,"featured_media":20741,"comment_status":"open","ping_status":"open","sticky":false,"template":"","format":"standard","meta":[],"categories":[7],"tags":[],"_links":{"self":[{"href":"https:\/\/www.salvatorianas.org.br\/blog\/wp-json\/wp\/v2\/posts\/20740"}],"collection":[{"href":"https:\/\/www.salvatorianas.org.br\/blog\/wp-json\/wp\/v2\/posts"}],"about":[{"href":"https:\/\/www.salvatorianas.org.br\/blog\/wp-json\/wp\/v2\/types\/post"}],"author":[{"embeddable":true,"href":"https:\/\/www.salvatorianas.org.br\/blog\/wp-json\/wp\/v2\/users\/2"}],"replies":[{"embeddable":true,"href":"https:\/\/www.salvatorianas.org.br\/blog\/wp-json\/wp\/v2\/comments?post=20740"}],"version-history":[{"count":1,"href":"https:\/\/www.salvatorianas.org.br\/blog\/wp-json\/wp\/v2\/posts\/20740\/revisions"}],"predecessor-version":[{"id":20742,"href":"https:\/\/www.salvatorianas.org.br\/blog\/wp-json\/wp\/v2\/posts\/20740\/revisions\/20742"}],"wp:featuredmedia":[{"embeddable":true,"href":"https:\/\/www.salvatorianas.org.br\/blog\/wp-json\/wp\/v2\/media\/20741"}],"wp:attachment":[{"href":"https:\/\/www.salvatorianas.org.br\/blog\/wp-json\/wp\/v2\/media?parent=20740"}],"wp:term":[{"taxonomy":"category","embeddable":true,"href":"https:\/\/www.salvatorianas.org.br\/blog\/wp-json\/wp\/v2\/categories?post=20740"},{"taxonomy":"post_tag","embeddable":true,"href":"https:\/\/www.salvatorianas.org.br\/blog\/wp-json\/wp\/v2\/tags?post=20740"}],"curies":[{"name":"wp","href":"https:\/\/api.w.org\/{rel}","templated":true}]}}