{"id":2073,"date":"2015-06-25T00:00:00","date_gmt":"2015-06-25T00:00:00","guid":{"rendered":"https:\/\/www.salvatorianas.org.br\/blog\/congresso-clar-apelo-pela-paz-e-reconciliacao-na-colombia\/"},"modified":"2015-06-25T00:00:00","modified_gmt":"2015-06-25T00:00:00","slug":"congresso-clar-apelo-pela-paz-e-reconciliacao-na-colombia","status":"publish","type":"post","link":"https:\/\/www.salvatorianas.org.br\/blog\/congresso-clar-apelo-pela-paz-e-reconciliacao-na-colombia\/","title":{"rendered":"Congresso CLAR: Apelo pela paz e reconcilia\u00e7\u00e3o na Col\u00f4mbia"},"content":{"rendered":"<p style=\"text-align: justify;\">[imagem1]<\/p>\n<p style=\"text-align: justify;\">&nbsp;<\/p>\n<p style=\"text-align: justify;\">Na conclus&atilde;o do Congresso da Confedera&ccedil;&atilde;o dos Religiosos e das Religiosas da Am&eacute;rica Latina e do Caribe (CLAR), realizado de 18 a 21 de junho em Bogot&aacute;, foi divulgada uma declara&ccedil;&atilde;o em que os participantes expressam total apoio ao processo de paz na Col&ocirc;mbia. Os congressistas comprometeram-se em rezar pela paz e assumir a causa da paz e da reconcilia&ccedil;&atilde;o como o dever moral maior para a Igreja cat&oacute;lica latino-americana.<\/p>\n<p style=\"text-align: justify;\">&ldquo;Trabalhemos sempre mais &ndash; escreve o texto &ndash; ao lado das v&iacute;timas, reforcemos a miss&atilde;o recebida de multiplicar, por meio da educa&ccedil;&atilde;o, uma atitude de respeito pela dignidade humana e a solidariedade, busquemos na ora&ccedil;&atilde;o a ajuda e a sabedoria do Esp&iacute;rito para comprometermo-nos sem reservas por esta causa&rdquo;.<\/p>\n<p style=\"text-align: justify;\">Na mensagem, um amplo espa&ccedil;o &eacute; dedicado &agrave; ora&ccedil;&atilde;o pela paz na Col&ocirc;mbia e &eacute; pedido ao governo colombiano e ao grupo das FARC para &ldquo;n&atilde;o interromperem a negocia&ccedil;&atilde;o de Havana&rdquo; at&eacute; &ldquo;que esteja encerrada a guerra na Col&ocirc;mbia&rdquo;. Al&eacute;m disto prop&otilde;e que seja aberta uma mesa de negocia&ccedil;&otilde;es com o Ex&eacute;rcito de Liberta&ccedil;&atilde;o Nacional (ELN), pedindo a eles que abandonem totalmente as armas e construam juntos as mudan&ccedil;as estruturais que a paz exige.<\/p>\n<p style=\"text-align: justify;\">O Congresso da CLAR contou com a participa&ccedil;&atilde;o de 1.200 pessoas e teve como tema &ldquo;Horizontes de novidade na viv&ecirc;ncia de nossos carismas hoje; escutemos a Deus onde a Vida Consagrada Clama&rdquo;. Entre os objetivos concretos, trabalhou-se em como &ldquo;propor alternativas novas na Vida Consagrada, individuar os caminhos para uma Vida Consagrada disc&iacute;pula mission&aacute;ria&#8221;.<\/p>\n<p style=\"text-align: justify;\">No encerramento do encontro, no domingo (21), foram, apresentados os &ldquo;compromissos&rdquo; que estar&atilde;o presentes no documento final do Congresso a ser divulgado proximamente. (JE)<\/p>\n<p style=\"text-align: justify;\">&nbsp;<\/p>\n<p style=\"text-align: justify;\">Fonte: CRB<\/p>\n<p style=\"text-align: justify;\">&nbsp;<\/p>\n<p style=\"text-align: justify;\">&nbsp;<\/p>\n","protected":false},"excerpt":{"rendered":"<p>[imagem1] &nbsp; Na conclus&atilde;o do Congresso da Confedera&ccedil;&atilde;o dos Religiosos e das Religiosas da Am&eacute;rica Latina e do Caribe (CLAR), realizado de 18 a 21 de junho em Bogot&aacute;, foi divulgada uma declara&ccedil;&atilde;o&#8230;<\/p>\n","protected":false},"author":1,"featured_media":2205,"comment_status":"open","ping_status":"open","sticky":false,"template":"","format":"standard","meta":[],"categories":[1],"tags":[],"_links":{"self":[{"href":"https:\/\/www.salvatorianas.org.br\/blog\/wp-json\/wp\/v2\/posts\/2073"}],"collection":[{"href":"https:\/\/www.salvatorianas.org.br\/blog\/wp-json\/wp\/v2\/posts"}],"about":[{"href":"https:\/\/www.salvatorianas.org.br\/blog\/wp-json\/wp\/v2\/types\/post"}],"author":[{"embeddable":true,"href":"https:\/\/www.salvatorianas.org.br\/blog\/wp-json\/wp\/v2\/users\/1"}],"replies":[{"embeddable":true,"href":"https:\/\/www.salvatorianas.org.br\/blog\/wp-json\/wp\/v2\/comments?post=2073"}],"version-history":[{"count":0,"href":"https:\/\/www.salvatorianas.org.br\/blog\/wp-json\/wp\/v2\/posts\/2073\/revisions"}],"wp:featuredmedia":[{"embeddable":true,"href":"https:\/\/www.salvatorianas.org.br\/blog\/wp-json\/wp\/v2\/media\/2205"}],"wp:attachment":[{"href":"https:\/\/www.salvatorianas.org.br\/blog\/wp-json\/wp\/v2\/media?parent=2073"}],"wp:term":[{"taxonomy":"category","embeddable":true,"href":"https:\/\/www.salvatorianas.org.br\/blog\/wp-json\/wp\/v2\/categories?post=2073"},{"taxonomy":"post_tag","embeddable":true,"href":"https:\/\/www.salvatorianas.org.br\/blog\/wp-json\/wp\/v2\/tags?post=2073"}],"curies":[{"name":"wp","href":"https:\/\/api.w.org\/{rel}","templated":true}]}}