{"id":20728,"date":"2023-08-14T01:47:00","date_gmt":"2023-08-14T01:47:00","guid":{"rendered":"https:\/\/www.salvatorianas.org.br\/blog\/?p=20728"},"modified":"2023-08-10T16:50:14","modified_gmt":"2023-08-10T16:50:14","slug":"sao-maximiliano-maria-kolbe-presbitero-e-martir-memoria","status":"publish","type":"post","link":"https:\/\/www.salvatorianas.org.br\/blog\/sao-maximiliano-maria-kolbe-presbitero-e-martir-memoria\/","title":{"rendered":"S\u00e3o Maximiliano Maria Kolbe, presb\u00edtero e m\u00e1rtir, Mem\u00f3ria"},"content":{"rendered":"\n<p>Vinde, benditos de meu Pai, diz o Senhor. Em verdade vos digo, tudo o que fizestes ao menor dos meus irm\u00e3os, foi a mim que o fizestes (Mt 25,34.40).<\/p>\n\n\n\n<p><em>Maximiliano nasceu na Pol\u00f4nia em 1894 e l\u00e1 faleceu em 1941. Ainda jovem, ingressou na Ordem dos Franciscanos Conventuais. Inspirado pelo desejo de cristianizar o mundo inteiro por meio de Maria, fundou o apostolado mariano chamado \u201cMil\u00edcia da Imaculada\u201d. Ordenado sacerdote, empenhou-se no an\u00fancio do Reino com os meios de comunica\u00e7\u00e3o social. M\u00e1rtir da caridade, ofereceu sua vida em troca da vida de um pai de fam\u00edlia em um campo de concentra\u00e7\u00e3o.&nbsp; &nbsp;<\/em><\/p>\n\n\n\n<p>Primeira Leitura:&nbsp;<strong>Deuteron\u00f4mio 10,12-22<\/strong><\/p>\n\n\n\n<p>Leitura do livro do Deuteron\u00f4mio \u2013 Mois\u00e9s falou ao povo, dizendo:&nbsp;<sup>12<\/sup>\u201cE agora, Israel, o que \u00e9 que o Senhor teu Deus te pede? Apenas que o temas e andes em seus caminhos; que ames e sirvas ao Senhor teu Deus com todo o teu cora\u00e7\u00e3o e com toda a tua alma,<sup>&nbsp;13<\/sup>e que guardes os mandamentos e preceitos do Senhor, que hoje te prescrevo, para que sejas feliz.<sup>&nbsp;14<\/sup>V\u00ea, \u00e9 ao Senhor teu Deus que pertencem os c\u00e9us, o mais alto dos c\u00e9us, a terra e tudo o que nela existe.<sup>&nbsp;15<\/sup>No entanto, foi a teus pais que o Senhor se afei\u00e7oou e amou; e, depois deles, foi \u00e0 sua descend\u00eancia, isto \u00e9, a v\u00f3s, que ele escolheu entre todos os povos, como hoje est\u00e1 provado.<sup>&nbsp;16<\/sup>Abri, pois, o vosso cora\u00e7\u00e3o e n\u00e3o endure\u00e7ais mais vossa cerviz,<sup>&nbsp;17<\/sup>porque o vosso Deus \u00e9 o Deus dos deuses e o Senhor dos senhores, o Deus grande, poderoso e terr\u00edvel, que n\u00e3o faz acep\u00e7\u00e3o de pessoas nem aceita suborno.<sup>&nbsp;18<\/sup>Ele faz justi\u00e7a ao \u00f3rf\u00e3o e \u00e0 vi\u00fava, ama o estrangeiro e lhe d\u00e1 alimento e roupa.<sup>&nbsp;19<\/sup>Portanto, amai os estrangeiros, porque v\u00f3s tamb\u00e9m fostes estrangeiros na terra do Egito.<sup>&nbsp;20<\/sup>Temer\u00e1s o Senhor teu Deus e s\u00f3 a ele servir\u00e1s; a ele te apegar\u00e1s e jurar\u00e1s por seu nome.<sup>&nbsp;21<\/sup>Ele \u00e9 o teu louvor, ele \u00e9 o teu Deus, que fez por ti essas coisas grandes e terr\u00edveis que viste com teus pr\u00f3prios olhos.&nbsp;<sup>22<\/sup>Ao descerem para o Egito, teus pais eram apenas setenta pessoas, e agora o Senhor teu Deus te fez t\u00e3o numeroso como as estrelas do c\u00e9u\u201d. \u2013 Palavra do Senhor.<\/p>\n\n\n\n<p>Salmo Responsorial:&nbsp;<strong>147(147B)<\/strong><\/p>\n\n\n\n<p><em><strong>Glorifica o Senhor, Jerusal\u00e9m!<\/strong><\/em><\/p>\n\n\n\n<p>1. Glorifica o Senhor, Jerusal\u00e9m!&nbsp;\/&nbsp;\u00d3 Si\u00e3o, canta louvores ao teu Deus!&nbsp;\/&nbsp;Pois refor\u00e7ou com seguran\u00e7a as tuas portas&nbsp;\/&nbsp;e os teus filhos em teu seio aben\u00e7oou.&nbsp;\u2013 R.<\/p>\n\n\n\n<p>2. A paz em teus limites garantiu&nbsp;\/&nbsp;e te d\u00e1 como alimento a flor do trigo.&nbsp;\/&nbsp;Ele envia suas ordens para a terra,&nbsp;\/&nbsp;e a palavra que ele diz corre veloz.&nbsp;\u2013 R.<\/p>\n\n\n\n<p>3. Anuncia a Jac\u00f3 sua palavra,&nbsp;\/&nbsp;seus preceitos e suas leis a Israel.&nbsp;\/&nbsp;Nenhum povo recebeu tanto carinho,&nbsp;\/&nbsp;a nenhum outro revelou os seus preceitos.&nbsp;\u2013 R.<\/p>\n\n\n\n<p>Evangelho:&nbsp;<strong>Mateus 17,22-27<\/strong><\/p>\n\n\n\n<p><strong>Aleluia, aleluia, aleluia.<\/strong><\/p>\n\n\n\n<p><strong>Pelo Evangelho o Pai nos chamou,&nbsp;\/&nbsp;a fim de alcan\u00e7armos a gl\u00f3ria de nosso Senhor Jesus Cristo (2Ts 2,14).&nbsp;\u2013 R.<\/strong><\/p>\n\n\n\n<p>Proclama\u00e7\u00e3o do Evangelho de Jesus Cristo segundo Mateus \u2013 Naquele tempo, 22quando Jesus e os seus disc\u00edpulos estavam reunidos na Galileia, ele lhes disse: \u201cO Filho do Homem vai ser entregue nas m\u00e3os dos homens. 23Eles o matar\u00e3o, mas no terceiro dia ele ressuscitar\u00e1\u201d. E os disc\u00edpulos ficaram muito tristes. 24Quando chegaram a Cafarnaum, os cobradores do imposto do templo aproximaram-se de Pedro e perguntaram: \u201cO vosso mestre n\u00e3o paga o imposto do templo?\u201d 25Pedro respondeu: \u201cSim, paga\u201d. Ao entrar em casa, Jesus adiantou-se e perguntou: \u201cSim\u00e3o, que te parece: os reis da terra cobram impostos ou taxas de quem: dos filhos ou dos estranhos?\u201d 26Pedro respondeu: \u201cDos estranhos!\u201d Ent\u00e3o Jesus disse: \u201cLogo os filhos s\u00e3o livres. 27Mas, para n\u00e3o escandalizar essa gente, vai ao mar, lan\u00e7a o anzol e abre a boca do primeiro peixe que tu pescares. Ali tu encontrar\u00e1s uma moeda; pega ent\u00e3o a moeda e vai entreg\u00e1-la a eles, por mim e por ti\u201d. \u2013 Palavra da salva\u00e7\u00e3o.<\/p>\n\n\n\n<p>Reflex\u00e3o:<\/p>\n\n\n\n<p><em>Jesus \u00e9 questionado pelos fiscais do templo: vai pagar ou n\u00e3o o imposto anual ao templo? Consta que os sacerdotes e muitos mestres estavam isentos de pagar esse imposto. Os fiscais querem saber se Jesus, que \u00e9 chamado Mestre, est\u00e1 se beneficiando da mesma mordomia. O fato de Jesus pagar mostra que ele n\u00e3o apoia uma sociedade injusta em que os grandes t\u00eam privil\u00e9gios \u00e0 custa dos pobres. Quanto ao imposto cobrado pelos reis, ou seja, as taxas cobradas pelos estrangeiros, Jesus denuncia a explora\u00e7\u00e3o internacional que empobrece os povos dominados e os faz viver na mis\u00e9ria. De qualquer forma, Jesus se serve da generosidade da natureza (peixe) e satisfaz a exig\u00eancia da lei. Quando n\u00e3o h\u00e1 explora\u00e7\u00e3o do povo e acumula\u00e7\u00f5es de bens, a natureza supre a necessidade de todos.<\/em><\/p>\n","protected":false},"excerpt":{"rendered":"<p>Vinde, benditos de meu Pai, diz o Senhor. Em verdade vos digo, tudo o que fizestes ao menor dos meus irm\u00e3os, foi a mim que o fizestes (Mt 25,34.40). Maximiliano nasceu na Pol\u00f4nia&#8230;<\/p>\n","protected":false},"author":2,"featured_media":20729,"comment_status":"open","ping_status":"open","sticky":false,"template":"","format":"standard","meta":[],"categories":[7],"tags":[],"_links":{"self":[{"href":"https:\/\/www.salvatorianas.org.br\/blog\/wp-json\/wp\/v2\/posts\/20728"}],"collection":[{"href":"https:\/\/www.salvatorianas.org.br\/blog\/wp-json\/wp\/v2\/posts"}],"about":[{"href":"https:\/\/www.salvatorianas.org.br\/blog\/wp-json\/wp\/v2\/types\/post"}],"author":[{"embeddable":true,"href":"https:\/\/www.salvatorianas.org.br\/blog\/wp-json\/wp\/v2\/users\/2"}],"replies":[{"embeddable":true,"href":"https:\/\/www.salvatorianas.org.br\/blog\/wp-json\/wp\/v2\/comments?post=20728"}],"version-history":[{"count":1,"href":"https:\/\/www.salvatorianas.org.br\/blog\/wp-json\/wp\/v2\/posts\/20728\/revisions"}],"predecessor-version":[{"id":20730,"href":"https:\/\/www.salvatorianas.org.br\/blog\/wp-json\/wp\/v2\/posts\/20728\/revisions\/20730"}],"wp:featuredmedia":[{"embeddable":true,"href":"https:\/\/www.salvatorianas.org.br\/blog\/wp-json\/wp\/v2\/media\/20729"}],"wp:attachment":[{"href":"https:\/\/www.salvatorianas.org.br\/blog\/wp-json\/wp\/v2\/media?parent=20728"}],"wp:term":[{"taxonomy":"category","embeddable":true,"href":"https:\/\/www.salvatorianas.org.br\/blog\/wp-json\/wp\/v2\/categories?post=20728"},{"taxonomy":"post_tag","embeddable":true,"href":"https:\/\/www.salvatorianas.org.br\/blog\/wp-json\/wp\/v2\/tags?post=20728"}],"curies":[{"name":"wp","href":"https:\/\/api.w.org\/{rel}","templated":true}]}}