{"id":20724,"date":"2023-08-13T01:46:00","date_gmt":"2023-08-13T01:46:00","guid":{"rendered":"https:\/\/www.salvatorianas.org.br\/blog\/?p=20724"},"modified":"2023-08-10T16:40:33","modified_gmt":"2023-08-10T16:40:33","slug":"19o-domingo-do-tempo-comum-ano-a","status":"publish","type":"post","link":"https:\/\/www.salvatorianas.org.br\/blog\/19o-domingo-do-tempo-comum-ano-a\/","title":{"rendered":"19\u00ba Domingo do Tempo Comum, Ano A"},"content":{"rendered":"\n<p>Considerai, Senhor, vossa Alian\u00e7a e n\u00e3o abandoneis para sempre o vosso povo. Levantai-vos, Senhor, defendei vossa causa e n\u00e3o desprezeis o clamor de quem vos busca (Sl 73,20.19.22s).<\/p>\n\n\n\n<p><em>Reunimo-nos para celebrar a p\u00e1scoa dominical e fazer experi\u00eancia do encontro com Jesus no sil\u00eancio do nosso cora\u00e7\u00e3o, de modo que, assim, aprendamos a caminhar do jeito dele. Presente na Palavra e na Eucaristia, o Senhor deseja fortalecer nossa f\u00e9 e ser nossa seguran\u00e7a nas tempestades que enfrentamos na vida. Celebremos em comunh\u00e3o com os vocacionados \u00e0 vida em fam\u00edlia, especialmente com os pais, neste seu dia.<\/em><\/p>\n\n\n\n<p>Primeira Leitura:&nbsp;<strong>1 Reis 19,9.11-13<\/strong><\/p>\n\n\n\n<p>Leitura do primeiro livro dos Reis \u2013 Naqueles dias, ao chegar a Horeb, o monte de Deus,&nbsp;<sup>9<\/sup>o profeta Elias entrou numa gruta, onde passou a noite. E eis que a palavra do Senhor lhe foi dirigida nestes termos:&nbsp;<sup>11<\/sup>\u201cSai e permanece sobre o monte diante do Senhor, porque o Senhor vai passar\u201d. Antes do Senhor, por\u00e9m, veio um vento impetuoso e forte, que desfazia as montanhas e quebrava os rochedos. Mas o Senhor n\u00e3o estava no vento. Depois do vento houve um terremoto. Mas o Senhor n\u00e3o estava no terremoto.&nbsp;<sup>12<\/sup>Passado o terremoto, veio um fogo. Mas o Senhor n\u00e3o estava no fogo. E, depois do fogo, ouviu-se o murm\u00fario de uma leve brisa.&nbsp;<sup>13<\/sup>Ouvindo isso, Elias cobriu o rosto com o manto, saiu e p\u00f4s-se \u00e0 entrada da gruta. \u2013 Palavra do Senhor.<\/p>\n\n\n\n<p>Salmo Responsorial:&nbsp;<strong>84(85)<\/strong><\/p>\n\n\n\n<p><em><strong>Mostrai-nos, \u00f3 Senhor, vossa bondade&nbsp;\/&nbsp;e a vossa salva\u00e7\u00e3o nos concedei!<\/strong><\/em><\/p>\n\n\n\n<p>1. Quero ouvir o que o Senhor ir\u00e1 falar:&nbsp;\/&nbsp;\u00e9 a paz que ele vai anunciar.&nbsp;\/&nbsp;Est\u00e1 perto a salva\u00e7\u00e3o dos que o temem,&nbsp;\/&nbsp;e a gl\u00f3ria habitar\u00e1 em nossa terra.&nbsp;\u2013 R.<\/p>\n\n\n\n<p>2. A verdade e o amor se encontrar\u00e3o,&nbsp;\/&nbsp;a justi\u00e7a e a paz se abra\u00e7ar\u00e3o;&nbsp;\/&nbsp;da terra brotar\u00e1 a fidelidade,&nbsp;\/&nbsp;e a justi\u00e7a olhar\u00e1 dos altos c\u00e9us.&nbsp;\u2013 R.<\/p>\n\n\n\n<p>3. O Senhor nos dar\u00e1 tudo o que \u00e9 bom,&nbsp;\/&nbsp;e a nossa terra nos dar\u00e1 suas colheitas;&nbsp;\/&nbsp;a justi\u00e7a andar\u00e1 na sua frente&nbsp;\/&nbsp;e a salva\u00e7\u00e3o h\u00e1 de seguir os passos seus.&nbsp;\u2013 R.<\/p>\n\n\n\n<p>Segunda Leitura:&nbsp;<strong>Romanos 9,1-5<\/strong><\/p>\n\n\n\n<p>Leitura da carta de S\u00e3o Paulo aos Romanos \u2013 Irm\u00e3os,&nbsp;<sup>1<\/sup>n\u00e3o estou mentindo, mas, em Cristo, digo a verdade, apoiado no testemunho do Esp\u00edrito Santo e da minha consci\u00eancia.&nbsp;<sup>2<\/sup>Tenho no cora\u00e7\u00e3o uma grande tristeza e uma dor cont\u00ednua,&nbsp;<sup>3<\/sup>a ponto de desejar ser eu mesmo segregado por Cristo em favor de meus irm\u00e3os, os de minha ra\u00e7a.&nbsp;<sup>4<\/sup>Eles s\u00e3o israelitas. A eles pertencem a filia\u00e7\u00e3o adotiva, a gl\u00f3ria, as alian\u00e7as, as leis, o culto, as promessas&nbsp;<sup>5<\/sup>e tamb\u00e9m os patriarcas. Deles \u00e9 que descende, quanto \u00e0 sua humanidade, Cristo, o qual est\u00e1 acima de todos, Deus bendito para sempre! Am\u00e9m! \u2013 Palavra do Senhor.<\/p>\n\n\n\n<p>Evangelho:&nbsp;<strong>Mateus 14,22-33<\/strong><\/p>\n\n\n\n<p><strong><em>Aleluia, aleluia, aleluia.<\/em><\/strong><\/p>\n\n\n\n<p><strong>Eu confio em nosso Senhor,&nbsp;\/&nbsp;com f\u00e9, esperan\u00e7a e amor;&nbsp;\/&nbsp;eu espero em sua Palavra,&nbsp;\/&nbsp;hosana, \u00f3 Senhor, vem, me salva! (Sl 129,5)&nbsp;\u2013 R.<\/strong><\/p>\n\n\n\n<p>Proclama\u00e7\u00e3o do Evangelho de Jesus Cristo segundo Mateus \u2013 Depois da multiplica\u00e7\u00e3o dos p\u00e3es,&nbsp;<sup>22<\/sup>Jesus mandou que os disc\u00edpulos entrassem na barca e seguissem, \u00e0 sua frente, para o outro lado do mar, enquanto ele despediria as multid\u00f5es.&nbsp;<sup>23<\/sup>Depois de despedi-las, Jesus subiu ao monte, para orar a s\u00f3s. A noite chegou, e Jesus continuava ali sozinho.&nbsp;<sup>24<\/sup>A barca, por\u00e9m, j\u00e1 longe da terra, era agitada pelas ondas, pois o vento era contr\u00e1rio.&nbsp;<sup>25<\/sup>Pelas tr\u00eas horas da manh\u00e3, Jesus veio at\u00e9 os disc\u00edpulos, andando sobre o mar.&nbsp;<sup>26<\/sup>Quando os disc\u00edpulos o avistaram andando sobre o mar, ficaram apavorados e disseram: \u201c\u00c9 um fantasma\u201d. E gritaram de medo.&nbsp;<sup>27<\/sup>Jesus, por\u00e9m, logo lhes disse: \u201cCoragem! Sou eu. N\u00e3o tenhais medo!\u201d&nbsp;<sup>28<\/sup>Ent\u00e3o Pedro lhe disse: \u201cSenhor, se \u00e9s tu, manda-me ir ao teu encontro, caminhando sobre a \u00e1gua\u201d.&nbsp;<sup>29<\/sup>E Jesus respondeu: \u201cVem!\u201d Pedro desceu da barca e come\u00e7ou a andar sobre a \u00e1gua, em dire\u00e7\u00e3o a Jesus.&nbsp;<sup>30<\/sup>Mas, quando sentiu o vento, ficou com medo e, come\u00e7ando a afundar, gritou: \u201cSenhor, salva-me!\u201d&nbsp;<sup>31<\/sup>Jesus logo estendeu a m\u00e3o, segurou Pedro e lhe disse: \u201cHomem fraco na f\u00e9, por que duvidaste?\u201d&nbsp;<sup>32<\/sup>Assim que subiram no barco, o vento se acalmou.&nbsp;<sup>33<\/sup>Os que estavam no barco prostraram-se diante dele, dizendo: \u201cVerdadeiramente, tu \u00e9s o Filho de Deus!\u201d \u2013 Palavra da salva\u00e7\u00e3o.<\/p>\n\n\n\n<p>Reflex\u00e3o:<\/p>\n\n\n\n<p><em>Ao caminhar sobre o mar, Jesus manifesta a presen\u00e7a e o dom\u00ednio de Deus sobre as for\u00e7as contr\u00e1rias. Diante dos disc\u00edpulos assustados, Jesus se apresenta com palavras familiares: \u201cCoragem! Sou eu. N\u00e3o tenham medo!\u201d. Dizendo \u201cSou eu\u201d, Jesus revela a presen\u00e7a salvadora de Deus. Pedro toma a iniciativa e pede permiss\u00e3o para caminhar at\u00e9 Jesus. Permiss\u00e3o concedida. Insuficiente, por\u00e9m, para que Pedro tenha sucesso. Em vez de se concentrar no poder de Jesus, o l\u00edder dos disc\u00edpulos se distrai com o \u201cvento forte\u201d. E come\u00e7a a afundar. No aperto, grita por socorro. \u201cJesus estendeu a m\u00e3o e o segurou.\u201d Quando Pedro e Jesus entram na barca, figura da Igreja, o vento cessa. Serenar tempestades \u00e9 tamb\u00e9m obra de Deus, reconhecida pelos disc\u00edpulos: \u201cTu \u00e9s verdadeiramente Filho de Deus!\u201d.<\/em><\/p>\n","protected":false},"excerpt":{"rendered":"<p>Considerai, Senhor, vossa Alian\u00e7a e n\u00e3o abandoneis para sempre o vosso povo. Levantai-vos, Senhor, defendei vossa causa e n\u00e3o desprezeis o clamor de quem vos busca (Sl 73,20.19.22s). Reunimo-nos para celebrar a p\u00e1scoa&#8230;<\/p>\n","protected":false},"author":2,"featured_media":20727,"comment_status":"open","ping_status":"open","sticky":false,"template":"","format":"standard","meta":[],"categories":[7],"tags":[],"_links":{"self":[{"href":"https:\/\/www.salvatorianas.org.br\/blog\/wp-json\/wp\/v2\/posts\/20724"}],"collection":[{"href":"https:\/\/www.salvatorianas.org.br\/blog\/wp-json\/wp\/v2\/posts"}],"about":[{"href":"https:\/\/www.salvatorianas.org.br\/blog\/wp-json\/wp\/v2\/types\/post"}],"author":[{"embeddable":true,"href":"https:\/\/www.salvatorianas.org.br\/blog\/wp-json\/wp\/v2\/users\/2"}],"replies":[{"embeddable":true,"href":"https:\/\/www.salvatorianas.org.br\/blog\/wp-json\/wp\/v2\/comments?post=20724"}],"version-history":[{"count":1,"href":"https:\/\/www.salvatorianas.org.br\/blog\/wp-json\/wp\/v2\/posts\/20724\/revisions"}],"predecessor-version":[{"id":20725,"href":"https:\/\/www.salvatorianas.org.br\/blog\/wp-json\/wp\/v2\/posts\/20724\/revisions\/20725"}],"wp:featuredmedia":[{"embeddable":true,"href":"https:\/\/www.salvatorianas.org.br\/blog\/wp-json\/wp\/v2\/media\/20727"}],"wp:attachment":[{"href":"https:\/\/www.salvatorianas.org.br\/blog\/wp-json\/wp\/v2\/media?parent=20724"}],"wp:term":[{"taxonomy":"category","embeddable":true,"href":"https:\/\/www.salvatorianas.org.br\/blog\/wp-json\/wp\/v2\/categories?post=20724"},{"taxonomy":"post_tag","embeddable":true,"href":"https:\/\/www.salvatorianas.org.br\/blog\/wp-json\/wp\/v2\/tags?post=20724"}],"curies":[{"name":"wp","href":"https:\/\/api.w.org\/{rel}","templated":true}]}}