{"id":20715,"date":"2023-08-12T01:54:00","date_gmt":"2023-08-12T01:54:00","guid":{"rendered":"https:\/\/www.salvatorianas.org.br\/blog\/?p=20715"},"modified":"2023-08-09T16:56:44","modified_gmt":"2023-08-09T16:56:44","slug":"18a-semana-do-tempo-comum-ano-impar-i-3","status":"publish","type":"post","link":"https:\/\/www.salvatorianas.org.br\/blog\/18a-semana-do-tempo-comum-ano-impar-i-3\/","title":{"rendered":"18\u00aa Semana do Tempo Comum, Ano \u00cdmpar (I)"},"content":{"rendered":"\n<p>Meu Deus, vinde libertar-me, apressai-vos, Senhor, em socorrer-me. V\u00f3s sois o meu socorro e o meu libertador; Senhor, n\u00e3o tardeis mais (Sl 69,2.6).<\/p>\n\n\n\n<p><em>A liturgia nos exorta: \u201cAmar\u00e1s o Senhor teu Deus com todo o teu cora\u00e7\u00e3o, com toda a tua alma e com todas as tuas for\u00e7as\u201d. Disponhamo-nos a crescer no amor e na f\u00e9, fazendo dos mandamentos divinos nossos companheiros e guias permanentes na caminhada.<\/em><\/p>\n\n\n\n<p>Primeira Leitura:&nbsp;<strong>Deuteron\u00f4mio 6,4-13<\/strong><\/p>\n\n\n\n<p>Leitura do livro do Deuteron\u00f4mio \u2013 Mois\u00e9s falou ao povo, dizendo:&nbsp;<sup>4<\/sup>\u201cOuve, Israel, o Senhor, nosso Deus, \u00e9 o \u00fanico Senhor.&nbsp;<sup>5<\/sup>Amar\u00e1s o Senhor teu Deus com todo o teu cora\u00e7\u00e3o, com toda a tua alma e com todas as tuas for\u00e7as.&nbsp;<sup>6<\/sup>E trar\u00e1s gravadas em teu cora\u00e7\u00e3o todas estas palavras que hoje te ordeno.&nbsp;<sup>7<\/sup>Tu as repetir\u00e1s com insist\u00eancia aos teus filhos e delas falar\u00e1s quando estiveres sentado em tua casa ou andando pelos caminhos, quando te deitares ou te levantares.&nbsp;<sup>8<\/sup>Tu as prender\u00e1s como sinal em tua m\u00e3o e as colocar\u00e1s como um sinal entre os teus olhos;&nbsp;<sup>9<\/sup>tu as escrever\u00e1s nas entradas da tua casa e nas portas da tua cidade.&nbsp;<sup>10<\/sup>Quando o Senhor te introduzir na terra que prometeu, com juramento, a teus pais, Abra\u00e3o, Isaac e Jac\u00f3, que te daria, com cidades grandes e belas que n\u00e3o edificaste,&nbsp;<sup>11<\/sup>casas cheias de toda esp\u00e9cie de bens que n\u00e3o acumulaste, cisternas j\u00e1 escavadas que n\u00e3o cavaste, vinhas e oliveiras que n\u00e3o plantaste; e, quando comeres e te fartares,&nbsp;<sup>12<\/sup>ent\u00e3o, cuida bem de n\u00e3o esqueceres o Senhor que te tirou do Egito, da casa da escravid\u00e3o.&nbsp;<sup>13<\/sup>Temer\u00e1s o Senhor teu Deus, a ele servir\u00e1s e s\u00f3 pelo seu nome jurar\u00e1s\u201d. \u2013 Palavra do Senhor.<\/p>\n\n\n\n<p>Salmo Responsorial:&nbsp;<strong>17(18)<\/strong><\/p>\n\n\n\n<p><em><strong>Eu vos amo, \u00f3 Senhor,&nbsp;\/&nbsp;sois minha for\u00e7a e salva\u00e7\u00e3o.<\/strong><\/em><\/p>\n\n\n\n<p>1. Eu vos amo, \u00f3 Senhor! Sois minha for\u00e7a,&nbsp;\/&nbsp;minha rocha, meu ref\u00fagio e salvador!&nbsp;\/&nbsp;\u00d3 meu Deus, sois o rochedo que me abriga,&nbsp;\/&nbsp;minha for\u00e7a e poderosa salva\u00e7\u00e3o.&nbsp;\u2013 R.<\/p>\n\n\n\n<p>2. \u00d3 meu Deus, sois o rochedo que me abriga,&nbsp;\/&nbsp;sois meu escudo e prote\u00e7\u00e3o: em v\u00f3s espero!&nbsp;\/&nbsp;Invocarei o meu Senhor: a ele a gl\u00f3ria!&nbsp;\/&nbsp;E dos meus perseguidores serei salvo!&nbsp;\u2013 R.<\/p>\n\n\n\n<p>3. Viva o Senhor! Bendito seja o meu rochedo!&nbsp;\/&nbsp;E louvado seja Deus, meu salvador!&nbsp;\/&nbsp;Concedeis ao vosso rei grandes vit\u00f3rias&nbsp;\/&nbsp;e mostrais miseric\u00f3rdia ao vosso ungido.&nbsp;\u2013 R.<\/p>\n\n\n\n<p>Evangelho:&nbsp;<strong>Mateus 17,14-20<\/strong><\/p>\n\n\n\n<p><strong><em>Aleluia, aleluia, aleluia.<\/em><\/strong><\/p>\n\n\n\n<p><strong>Jesus Cristo salvador destruiu o mal e a morte;&nbsp;\/&nbsp;fez brilhar, pelo Evangelho, a luz e a vida imperec\u00edveis (2Tm 1,10).&nbsp;\u2013 R.<\/strong><\/p>\n\n\n\n<p>Proclama\u00e7\u00e3o do Evangelho de Jesus Cristo segundo Mateus \u2013&nbsp;<sup>14<\/sup>Naquele tempo, chegando Jesus e seus disc\u00edpulos junto da multid\u00e3o, um homem aproximou-se de Jesus, ajoelhou-se e disse:&nbsp;<sup>15<\/sup>\u201cSenhor, tem piedade do meu filho. Ele \u00e9 epil\u00e9tico e sofre ataques t\u00e3o fortes, que muitas vezes cai no fogo ou na \u00e1gua.&nbsp;<sup>16<\/sup>Levei-o aos teus disc\u00edpulos, mas eles n\u00e3o conseguiram cur\u00e1-lo!\u201d&nbsp;<sup>17<\/sup>Jesus respondeu: \u201c\u00d3 gente sem f\u00e9 e perversa! At\u00e9 quando deverei ficar convosco? At\u00e9 quando vos suportarei? Trazei aqui o menino\u201d.&nbsp;<sup>18<\/sup>Ent\u00e3o Jesus o amea\u00e7ou e o dem\u00f4nio saiu dele. Na mesma hora, o menino ficou curado.&nbsp;<sup>19<\/sup>Ent\u00e3o, os disc\u00edpulos aproximaram-se de Jesus e lhe perguntaram em particular: \u201cPor que n\u00f3s n\u00e3o conseguimos expulsar o dem\u00f4nio?\u201d&nbsp;<sup>20<\/sup>Jesus respondeu: \u201cPorque a vossa f\u00e9 \u00e9 demasiado pequena. Em verdade vos digo, se v\u00f3s tiverdes f\u00e9 do tamanho de uma semente de mostarda, direis a esta montanha: \u2018Vai daqui para l\u00e1\u2019, e ela ir\u00e1. E nada vos ser\u00e1 imposs\u00edvel\u201d. \u2013 Palavra da salva\u00e7\u00e3o.<\/p>\n\n\n\n<p>Reflex\u00e3o:<\/p>\n\n\n\n<p><em>Jesus se encontra no meio da multid\u00e3o, quando o pai do menino epil\u00e9tico se apresenta. Tem um pedido a fazer ao Mestre e uma informa\u00e7\u00e3o a dar. O pedido \u00e9 que Jesus lhe cure o filho, que se agita, cai na \u00e1gua, \u00e0s vezes no fogo, isto \u00e9, est\u00e1 exposto a todo perigo. Um drama para qualquer fam\u00edlia. A informa\u00e7\u00e3o \u00e9 que os disc\u00edpulos de Jesus n\u00e3o deram conta de curar a crian\u00e7a. Por que n\u00e3o puderam? A raz\u00e3o \u00e9 a falta de f\u00e9 dos mesmos disc\u00edpulos. E pela explica\u00e7\u00e3o de Jesus, n\u00e3o se tratava de uma f\u00e9 extraordin\u00e1ria; uma f\u00e9 \u201ccomo um gr\u00e3o de mostarda\u201d seria suficiente para obter resultados surpreendentes, ou realizar coisas mais dif\u00edceis (transportar montanha). A falta de f\u00e9 dos disc\u00edpulos era na verdade a falta de compromisso com o Reino de Deus, o compromisso de libertar os oprimidos e marginalizados.<\/em><\/p>\n","protected":false},"excerpt":{"rendered":"<p>Meu Deus, vinde libertar-me, apressai-vos, Senhor, em socorrer-me. V\u00f3s sois o meu socorro e o meu libertador; Senhor, n\u00e3o tardeis mais (Sl 69,2.6). A liturgia nos exorta: \u201cAmar\u00e1s o Senhor teu Deus com&#8230;<\/p>\n","protected":false},"author":2,"featured_media":20716,"comment_status":"open","ping_status":"open","sticky":false,"template":"","format":"standard","meta":[],"categories":[7],"tags":[],"_links":{"self":[{"href":"https:\/\/www.salvatorianas.org.br\/blog\/wp-json\/wp\/v2\/posts\/20715"}],"collection":[{"href":"https:\/\/www.salvatorianas.org.br\/blog\/wp-json\/wp\/v2\/posts"}],"about":[{"href":"https:\/\/www.salvatorianas.org.br\/blog\/wp-json\/wp\/v2\/types\/post"}],"author":[{"embeddable":true,"href":"https:\/\/www.salvatorianas.org.br\/blog\/wp-json\/wp\/v2\/users\/2"}],"replies":[{"embeddable":true,"href":"https:\/\/www.salvatorianas.org.br\/blog\/wp-json\/wp\/v2\/comments?post=20715"}],"version-history":[{"count":1,"href":"https:\/\/www.salvatorianas.org.br\/blog\/wp-json\/wp\/v2\/posts\/20715\/revisions"}],"predecessor-version":[{"id":20717,"href":"https:\/\/www.salvatorianas.org.br\/blog\/wp-json\/wp\/v2\/posts\/20715\/revisions\/20717"}],"wp:featuredmedia":[{"embeddable":true,"href":"https:\/\/www.salvatorianas.org.br\/blog\/wp-json\/wp\/v2\/media\/20716"}],"wp:attachment":[{"href":"https:\/\/www.salvatorianas.org.br\/blog\/wp-json\/wp\/v2\/media?parent=20715"}],"wp:term":[{"taxonomy":"category","embeddable":true,"href":"https:\/\/www.salvatorianas.org.br\/blog\/wp-json\/wp\/v2\/categories?post=20715"},{"taxonomy":"post_tag","embeddable":true,"href":"https:\/\/www.salvatorianas.org.br\/blog\/wp-json\/wp\/v2\/tags?post=20715"}],"curies":[{"name":"wp","href":"https:\/\/api.w.org\/{rel}","templated":true}]}}