{"id":20710,"date":"2023-08-11T01:10:00","date_gmt":"2023-08-11T01:10:00","guid":{"rendered":"https:\/\/www.salvatorianas.org.br\/blog\/?p=20710"},"modified":"2023-08-09T16:54:06","modified_gmt":"2023-08-09T16:54:06","slug":"santa-clara-virgem-memoria","status":"publish","type":"post","link":"https:\/\/www.salvatorianas.org.br\/blog\/santa-clara-virgem-memoria\/","title":{"rendered":"Santa Clara, virgem, Mem\u00f3ria"},"content":{"rendered":"\n<p>Estes s\u00e3o os santos que receberam a b\u00ean\u00e7\u00e3o do Senhor e a miseric\u00f3rdia de Deus, seu salvador. \u00c9 a gera\u00e7\u00e3o dos que buscam a Deus (Sl 23,5s).<\/p>\n\n\n\n<p><em>Clara nasceu na It\u00e1lia em 1193 e l\u00e1 faleceu em 1253. Renunciou \u00e0 nobreza e \u00e0 riqueza para viver o ideal de pobreza de S\u00e3o Francisco de Assis. Com o esp\u00edrito imerso na piedade, na penit\u00eancia e na caridade, fundou a fraternidade feminina conhecida como Clarissas, cuja espiritualidade \u00e9 voltada para a pobreza, a ora\u00e7\u00e3o e a ajuda aos necessitados. Seu exemplo nos anime a ser, no mundo, um sinal vis\u00edvel da presen\u00e7a de Cristo.<\/em><\/p>\n\n\n\n<p>Primeira Leitura:&nbsp;<strong>Deuteron\u00f4mio 4,32-40<\/strong><\/p>\n\n\n\n<p>Leitura do livro do Deuteron\u00f4mio \u2013 Mois\u00e9s falou ao povo, dizendo:&nbsp;<sup>32<\/sup>\u201cInterroga os tempos antigos que te precederam, desde o dia em que Deus criou o homem sobre a terra, e investiga de um extremo ao outro dos c\u00e9us se houve jamais um acontecimento t\u00e3o grande ou se ouviu algo semelhante.&nbsp;<sup>33<\/sup>Existe, porventura, algum povo que tenha ouvido a voz de Deus falando-lhe do meio do fogo, como tu ouviste, e tenha permanecido vivo?&nbsp;<sup>34<\/sup>Ou ter\u00e1 vindo algum Deus escolher para si um povo entre as na\u00e7\u00f5es por meio de prova\u00e7\u00f5es, de sinais e prod\u00edgios, por meio de combates, com m\u00e3o forte e bra\u00e7o estendido, e por meio de grandes terrores, como tudo o que por ti o Senhor teu Deus fez no Egito, diante de teus pr\u00f3prios olhos?&nbsp;<sup>35<\/sup>A ti foi dado ver tudo isso, para que reconhe\u00e7as que o Senhor \u00e9, na verdade, Deus e que n\u00e3o h\u00e1 outro Deus fora ele.&nbsp;<sup>36<\/sup>Do c\u00e9u, ele te fez ouvir sua voz para te instruir e, sobre a terra, te fez ver o seu grande fogo; e do meio do fogo ouviste suas palavras,&nbsp;<sup>37<\/sup>porque amou teus pais e, depois deles, escolheu seus descendentes. Ele te fez sair do Egito por seu grande poder,&nbsp;<sup>38<\/sup>para expulsar, diante de ti, na\u00e7\u00f5es maiores e mais fortes do que tu e para te introduzir na terra deles e d\u00e1-la a ti como heran\u00e7a, como tu est\u00e1s vendo hoje.&nbsp;<sup>39<\/sup>Reconhece, pois, hoje, e grava-o em teu cora\u00e7\u00e3o, que o Senhor \u00e9 o Deus l\u00e1 em cima do c\u00e9u e c\u00e1 embaixo na terra e que n\u00e3o h\u00e1 outro al\u00e9m dele.&nbsp;<sup>40<\/sup>Guarda suas leis e seus mandamentos que hoje te prescrevo, para que sejas feliz, tu e teus filhos depois de ti, e vivas longos dias sobre a terra que o Senhor teu Deus te vai dar para sempre\u201d. \u2013 Palavra do Senhor.<\/p>\n\n\n\n<p>Salmo Responsorial:&nbsp;<strong>76(77)<\/strong><\/p>\n\n\n\n<p><em><strong>Penso em vossas maravilhas, \u00f3 Senhor!<\/strong><\/em><\/p>\n\n\n\n<p>1. Recordando os grandes feitos do passado,&nbsp;\/&nbsp;vossos prod\u00edgios eu relembro, \u00f3 Senhor;&nbsp;\/&nbsp;eu medito sobre as vossas maravilhas&nbsp;\/&nbsp;e sobre as obras grandiosas que fizestes.&nbsp;\u2013 R.<\/p>\n\n\n\n<p>2. S\u00e3o santos, \u00f3 Senhor, vossos caminhos!&nbsp;\/&nbsp;Haver\u00e1 deus que se compare ao nosso Deus?&nbsp;\/&nbsp;Sois o Deus que operastes maravilhas,&nbsp;\/&nbsp;vosso poder manifestastes entre os povos.&nbsp;\u2013 R.<\/p>\n\n\n\n<p>3. Com vosso bra\u00e7o, redimistes vosso povo,&nbsp;\/&nbsp;os filhos de Jac\u00f3 e de Jos\u00e9.&nbsp;\/&nbsp;Como um rebanho, conduzistes vosso povo&nbsp;\/&nbsp;e o guiastes por Mois\u00e9s e Aar\u00e3o.&nbsp;\u2013 R.<\/p>\n\n\n\n<p>Evangelho:&nbsp;<strong>Mateus 16,24-28<\/strong><\/p>\n\n\n\n<p><strong><em>Aleluia, aleluia, aleluia.<\/em><\/strong><\/p>\n\n\n\n<p><strong>Felizes os que s\u00e3o perseguidos por causa da justi\u00e7a do Senhor,&nbsp;\/&nbsp;porque o Reino dos C\u00e9us h\u00e1 de ser deles! (Mt 5,10)&nbsp;\u2013 R.<\/strong><\/p>\n\n\n\n<p>Proclama\u00e7\u00e3o do Evangelho de Jesus Cristo segundo Mateus \u2013 Naquele tempo,&nbsp;<sup>24<\/sup>Jesus disse aos disc\u00edpulos: \u201cSe algu\u00e9m quer me seguir, renuncie a si mesmo, tome a sua cruz e me siga.&nbsp;<sup>25<\/sup>Pois quem quiser salvar a sua vida vai perd\u00ea-la; e quem perder a sua vida por causa de mim vai encontr\u00e1-la.&nbsp;<sup>26<\/sup>De fato, que adianta ao homem ganhar o mundo inteiro, mas perder a sua vida? O que poder\u00e1 algu\u00e9m dar em troca de sua vida?&nbsp;<sup>27<\/sup>Porque o Filho do Homem vir\u00e1 na gl\u00f3ria do seu Pai, com os seus anjos, e ent\u00e3o retribuir\u00e1 a cada um de acordo com a sua conduta.&nbsp;<sup>28<\/sup>Em verdade vos digo, alguns daqueles que est\u00e3o aqui n\u00e3o morrer\u00e3o antes de verem o Filho do Homem vindo com o seu Reino\u201d. \u2013 Palavra da salva\u00e7\u00e3o.<\/p>\n\n\n\n<p>Reflex\u00e3o:<\/p>\n\n\n\n<p><em>Sem rodeios, Jesus apresenta a seus disc\u00edpulos as condi\u00e7\u00f5es do seguimento. Primeiramente, devem renunciar aos projetos pessoais para assumir as propostas do Reino de Deus. Depois, s\u00e3o convidados a tomar a cruz de cada dia, isto \u00e9, adotar as obriga\u00e7\u00f5es da nova comunidade de Jesus. N\u00e3o se trata de buscar a cruz em si mesma; ela aparece na vida do disc\u00edpulo como consequ\u00eancia da escolha, que \u00e9 lutar pela implanta\u00e7\u00e3o da justi\u00e7a no mundo. Enfim, o apelo para seguir o Mestre, nas inten\u00e7\u00f5es e nas obras. Quem enfrenta a cruz por causa de Jesus, encontrar\u00e1 a salva\u00e7\u00e3o. \u201cQuem perder a pr\u00f3pria vida por causa de mim, a encontrar\u00e1\u201d. Quem se desvia da cruz, pensando salvar-se, coloca-se no caminho da perdi\u00e7\u00e3o. No final da caminhada, Jesus dar\u00e1 \u201ca cada um de acordo com o seu comportamento\u201d.<\/em><\/p>\n","protected":false},"excerpt":{"rendered":"<p>Estes s\u00e3o os santos que receberam a b\u00ean\u00e7\u00e3o do Senhor e a miseric\u00f3rdia de Deus, seu salvador. \u00c9 a gera\u00e7\u00e3o dos que buscam a Deus (Sl 23,5s). Clara nasceu na It\u00e1lia em 1193&#8230;<\/p>\n","protected":false},"author":2,"featured_media":20711,"comment_status":"open","ping_status":"open","sticky":false,"template":"","format":"standard","meta":[],"categories":[7],"tags":[],"_links":{"self":[{"href":"https:\/\/www.salvatorianas.org.br\/blog\/wp-json\/wp\/v2\/posts\/20710"}],"collection":[{"href":"https:\/\/www.salvatorianas.org.br\/blog\/wp-json\/wp\/v2\/posts"}],"about":[{"href":"https:\/\/www.salvatorianas.org.br\/blog\/wp-json\/wp\/v2\/types\/post"}],"author":[{"embeddable":true,"href":"https:\/\/www.salvatorianas.org.br\/blog\/wp-json\/wp\/v2\/users\/2"}],"replies":[{"embeddable":true,"href":"https:\/\/www.salvatorianas.org.br\/blog\/wp-json\/wp\/v2\/comments?post=20710"}],"version-history":[{"count":1,"href":"https:\/\/www.salvatorianas.org.br\/blog\/wp-json\/wp\/v2\/posts\/20710\/revisions"}],"predecessor-version":[{"id":20712,"href":"https:\/\/www.salvatorianas.org.br\/blog\/wp-json\/wp\/v2\/posts\/20710\/revisions\/20712"}],"wp:featuredmedia":[{"embeddable":true,"href":"https:\/\/www.salvatorianas.org.br\/blog\/wp-json\/wp\/v2\/media\/20711"}],"wp:attachment":[{"href":"https:\/\/www.salvatorianas.org.br\/blog\/wp-json\/wp\/v2\/media?parent=20710"}],"wp:term":[{"taxonomy":"category","embeddable":true,"href":"https:\/\/www.salvatorianas.org.br\/blog\/wp-json\/wp\/v2\/categories?post=20710"},{"taxonomy":"post_tag","embeddable":true,"href":"https:\/\/www.salvatorianas.org.br\/blog\/wp-json\/wp\/v2\/tags?post=20710"}],"curies":[{"name":"wp","href":"https:\/\/api.w.org\/{rel}","templated":true}]}}