{"id":20706,"date":"2023-08-10T01:49:00","date_gmt":"2023-08-10T01:49:00","guid":{"rendered":"https:\/\/www.salvatorianas.org.br\/blog\/?p=20706"},"modified":"2023-08-07T17:09:29","modified_gmt":"2023-08-07T17:09:29","slug":"sao-lourenco-diacono-e-martir-festa-ano-a","status":"publish","type":"post","link":"https:\/\/www.salvatorianas.org.br\/blog\/sao-lourenco-diacono-e-martir-festa-ano-a\/","title":{"rendered":"S\u00e3o Louren\u00e7o, di\u00e1cono e m\u00e1rtir, Festa, Ano A"},"content":{"rendered":"\n<p>S\u00e3o Louren\u00e7o entregou-se a si mesmo ao servi\u00e7o da Igreja. Foi digno de sofrer o mart\u00edrio e de subir com alegria para junto do Senhor Jesus.<\/p>\n\n\n\n<p><em>Louren\u00e7o nasceu na It\u00e1lia em 225 e l\u00e1 faleceu em 258. Prestou aux\u00edlio ao papa Sisto 2\u00ba e administrou os tesouros da Igreja. Quando se agravaram as persegui\u00e7\u00f5es contra os crist\u00e3os, recolheu todos os bens, vendeu-os e distribuiu o dinheiro aos mais necessitados. Seu nome \u00e9 lembrado na 1\u00aa Ora\u00e7\u00e3o Eucar\u00edstica. No exemplo desse m\u00e1rtir, padroeiro dos di\u00e1conos, busquemos as for\u00e7as necess\u00e1rias para enfrentar as adversidades do cotidiano.<\/em><\/p>\n\n\n\n<p>Primeira Leitura:&nbsp;<strong>2 Cor\u00edntios 9,6-10<\/strong><\/p>\n\n\n\n<p>Leitura da segunda carta de S\u00e3o Paulo aos Cor\u00edntios \u2013 Irm\u00e3os,&nbsp;<sup>6<\/sup>\u201cquem semeia pouco colher\u00e1 tamb\u00e9m pouco, e quem semeia com largueza colher\u00e1 tamb\u00e9m com largueza\u201d.&nbsp;<sup>7<\/sup>D\u00ea cada um conforme tiver decidido em seu cora\u00e7\u00e3o, sem pesar nem constrangimento, pois Deus \u201cama quem d\u00e1 com alegria\u201d.&nbsp;<sup>8<\/sup>Deus \u00e9 poderoso para vos cumular de toda sorte de gra\u00e7as, para que, em tudo, tenhais sempre o necess\u00e1rio e ainda tenhais de sobra para toda obra boa,&nbsp;<sup>9<\/sup>como est\u00e1 escrito: \u201cDistribuiu generosamente, deu aos pobres; a sua justi\u00e7a permanece para sempre\u201d.&nbsp;<sup>10<\/sup>Aquele que d\u00e1 a semente ao semeador e lhe dar\u00e1 o p\u00e3o como alimento, ele mesmo multiplicar\u00e1 as vossas sementes e aumentar\u00e1 os frutos da vossa justi\u00e7a. \u2013 Palavra do Senhor.<\/p>\n\n\n\n<p>Salmo Responsorial:&nbsp;<strong>111(112)<\/strong><\/p>\n\n\n\n<p><em><strong>Feliz o homem caridoso e prestativo.<\/strong><\/em><\/p>\n\n\n\n<p>1. Feliz o homem que respeita o Senhor&nbsp;\/&nbsp;e que ama com carinho a sua lei!&nbsp;\/&nbsp;Sua descend\u00eancia ser\u00e1 forte sobre a terra,&nbsp;\/&nbsp;aben\u00e7oada a gera\u00e7\u00e3o dos homens retos!&nbsp;\u2013 R.<\/p>\n\n\n\n<p>2. Feliz o homem caridoso e prestativo,&nbsp;\/&nbsp;que resolve seus neg\u00f3cios com justi\u00e7a.&nbsp;\/&nbsp;Porque jamais vacilar\u00e1 o homem reto,&nbsp;\/&nbsp;sua lembran\u00e7a permanece eternamente!&nbsp;\u2013 R.<\/p>\n\n\n\n<p>3. Ele n\u00e3o teme receber not\u00edcias m\u00e1s:&nbsp;\/&nbsp;confiando em Deus, seu cora\u00e7\u00e3o est\u00e1 seguro.&nbsp;\/&nbsp;Seu cora\u00e7\u00e3o est\u00e1 tranquilo e nada teme,&nbsp;\/&nbsp;e confusos h\u00e1 de ver seus inimigos.&nbsp;\u2013 R.<\/p>\n\n\n\n<p>4. Ele reparte com os pobres os seus bens,&nbsp;\u2020&nbsp;permanece para sempre o bem que fez,&nbsp;\/&nbsp;e crescer\u00e3o a sua gl\u00f3ria e seu poder.&nbsp;\u2013 R.<\/p>\n\n\n\n<p>Evangelho:&nbsp;<strong>Jo\u00e3o 12,24-26<\/strong><\/p>\n\n\n\n<p><strong>Aleluia, aleluia, aleluia.<\/strong><\/p>\n\n\n\n<p><strong>Aquele que me segue n\u00e3o caminha entre as trevas,&nbsp;\/&nbsp;mas ter\u00e1 a luz da vida (Jo 8,12).&nbsp;\u2013 R.<\/strong><\/p>\n\n\n\n<p>Proclama\u00e7\u00e3o do Evangelho de Jesus Cristo segundo Jo\u00e3o \u2013 Naquele tempo, disse Jesus a seus disc\u00edpulos: 24\u2033Em verdade, em verdade vos digo, se o gr\u00e3o de trigo que cai na terra n\u00e3o morre, ele continua s\u00f3 um gr\u00e3o de trigo; mas, se morre, ent\u00e3o produz muito fruto. 25Quem se apega \u00e0 sua vida perde-a; mas quem faz pouca conta de sua vida neste mundo conserv\u00e1-la-\u00e1 para a vida eterna. 26Se algu\u00e9m me quer servir, siga-me, e onde eu estou estar\u00e1 tamb\u00e9m o meu servo. Se algu\u00e9m me serve, meu Pai o honrar\u00e1\u201d. \u2013 Palavra da salva\u00e7\u00e3o.<\/p>\n\n\n\n<p>Reflex\u00e3o:<\/p>\n\n\n\n<p><em>Louren\u00e7o \u00e9 um dos m\u00e1rtires mais conhecidos e venerados, j\u00e1 desde os primeiros s\u00e9culos. Encarregado de cuidar dos bens da Igreja, repartiu-os entre os pobres, j\u00e1 que pressentia pris\u00e3o iminente. Aprisionado junto com o papa Sisto II, n\u00e3o sofreu de imediato o mart\u00edrio, mas suportou corajosamente atrozes dores na grelha incandescente. Alguns escritos permitem introduzir aqui um gracejo de Louren\u00e7o. No meio de tormentos, ele teria dito ao carrasco: \u201cVira-me, pois deste lado j\u00e1 estou bem assado\u201d. Entretanto, a maioria dos escritores modernos julga que Louren\u00e7o tenha sido decapitado como o papa Sisto II, martirizado tr\u00eas dias antes. Morreu em 258 e foi sepultado no Campo Verano, na Via Tiburtina (Roma), onde Constantino edificou a bas\u00edlica que tem o seu nome.<\/em><\/p>\n","protected":false},"excerpt":{"rendered":"<p>S\u00e3o Louren\u00e7o entregou-se a si mesmo ao servi\u00e7o da Igreja. Foi digno de sofrer o mart\u00edrio e de subir com alegria para junto do Senhor Jesus. Louren\u00e7o nasceu na It\u00e1lia em 225 e&#8230;<\/p>\n","protected":false},"author":2,"featured_media":20707,"comment_status":"open","ping_status":"open","sticky":false,"template":"","format":"standard","meta":[],"categories":[7],"tags":[],"_links":{"self":[{"href":"https:\/\/www.salvatorianas.org.br\/blog\/wp-json\/wp\/v2\/posts\/20706"}],"collection":[{"href":"https:\/\/www.salvatorianas.org.br\/blog\/wp-json\/wp\/v2\/posts"}],"about":[{"href":"https:\/\/www.salvatorianas.org.br\/blog\/wp-json\/wp\/v2\/types\/post"}],"author":[{"embeddable":true,"href":"https:\/\/www.salvatorianas.org.br\/blog\/wp-json\/wp\/v2\/users\/2"}],"replies":[{"embeddable":true,"href":"https:\/\/www.salvatorianas.org.br\/blog\/wp-json\/wp\/v2\/comments?post=20706"}],"version-history":[{"count":1,"href":"https:\/\/www.salvatorianas.org.br\/blog\/wp-json\/wp\/v2\/posts\/20706\/revisions"}],"predecessor-version":[{"id":20708,"href":"https:\/\/www.salvatorianas.org.br\/blog\/wp-json\/wp\/v2\/posts\/20706\/revisions\/20708"}],"wp:featuredmedia":[{"embeddable":true,"href":"https:\/\/www.salvatorianas.org.br\/blog\/wp-json\/wp\/v2\/media\/20707"}],"wp:attachment":[{"href":"https:\/\/www.salvatorianas.org.br\/blog\/wp-json\/wp\/v2\/media?parent=20706"}],"wp:term":[{"taxonomy":"category","embeddable":true,"href":"https:\/\/www.salvatorianas.org.br\/blog\/wp-json\/wp\/v2\/categories?post=20706"},{"taxonomy":"post_tag","embeddable":true,"href":"https:\/\/www.salvatorianas.org.br\/blog\/wp-json\/wp\/v2\/tags?post=20706"}],"curies":[{"name":"wp","href":"https:\/\/api.w.org\/{rel}","templated":true}]}}