{"id":20689,"date":"2023-08-07T01:52:00","date_gmt":"2023-08-07T01:52:00","guid":{"rendered":"https:\/\/www.salvatorianas.org.br\/blog\/?p=20689"},"modified":"2023-08-04T18:02:47","modified_gmt":"2023-08-04T18:02:47","slug":"18a-semana-do-tempo-comum-ano-impar-i","status":"publish","type":"post","link":"https:\/\/www.salvatorianas.org.br\/blog\/18a-semana-do-tempo-comum-ano-impar-i\/","title":{"rendered":"18\u00aa Semana do Tempo Comum, Ano \u00cdmpar (I)"},"content":{"rendered":"\n<p>Meu Deus, vinde libertar-me, apressai-vos, Senhor, em socorrer-me. V\u00f3s sois o meu socorro e o meu libertador; Senhor, n\u00e3o tardeis mais (Sl 69,2.6).<\/p>\n\n\n\n<p><em>Os tempos de crise e de inseguran\u00e7a social podem ser boa ocasi\u00e3o para as pessoas refletirem sobre suas atitudes com rela\u00e7\u00e3o a Deus e ao pr\u00f3ximo. Talvez o Senhor esteja esperando de todos novo modo de vida: \u201cQuem me dera que meu povo me escutasse!\u201d<\/em><\/p>\n\n\n\n<p>Primeira Leitura:&nbsp;<strong>N\u00fameros 11,4-15<\/strong><\/p>\n\n\n\n<p>Leitura do livro dos N\u00fameros \u2013 Naqueles dias,&nbsp;<sup>4<\/sup>os filhos de Israel come\u00e7aram a lamentar-se, dizendo: \u201cQuem nos dar\u00e1 carne para comer?&nbsp;<sup>5<\/sup>V\u00eam-nos \u00e0 mem\u00f3ria os peixes que com\u00edamos de gra\u00e7a no Egito, os pepinos e os mel\u00f5es, as verduras, as cebolas e os alhos.&nbsp;<sup>6<\/sup>Aqui nada tem gosto ao nosso paladar, n\u00e3o vemos outra coisa a n\u00e3o ser o man\u00e1\u201d.&nbsp;<sup>7<\/sup>O man\u00e1 era parecido com a semente do coentro e amarelado como certa resina.&nbsp;<sup>8<\/sup>O povo se dispersava para o recolher e o mo\u00eda num moinho ou socava num pil\u00e3o. Depois o cozinhavam numa panela e faziam broas com gosto de p\u00e3o amassado com azeite.&nbsp;<sup>9<\/sup>\u00c0 noite, quando o orvalho ca\u00eda no acampamento, ca\u00eda tamb\u00e9m o man\u00e1.&nbsp;<sup>10<\/sup>Mois\u00e9s ouviu, pois, o povo lamentar-se em cada fam\u00edlia, cada um \u00e0 entrada de sua tenda.&nbsp;<sup>11<\/sup>Ent\u00e3o, o Senhor tomou-se de uma c\u00f3lera violenta, e Mois\u00e9s, achando tamb\u00e9m tal coisa intoler\u00e1vel, disse ao Senhor: \u201cPor que maltrataste assim o teu povo? Por que gozo t\u00e3o pouco do teu favor, a ponto de descarregares sobre mim o peso de todo este povo?&nbsp;<sup>12<\/sup>Acaso fui eu quem concebeu e deu \u00e0 luz todo este povo, para que me digas: \u2018Carrega-o ao colo, como a ama costuma fazer com a crian\u00e7a, e leva-o \u00e0 terra que juraste dar a seus pais\u2019?&nbsp;<sup>13<\/sup>Onde conseguirei carne para dar a toda esta gente? Pois se lamentam contra mim, dizendo: \u2018D\u00e1-nos carne para comer!\u2019&nbsp;<sup>14<\/sup>J\u00e1 n\u00e3o posso suportar sozinho o peso de todo este povo: \u00e9 grande demais para mim.&nbsp;<sup>15<\/sup>Se queres continuar a tratar-me assim, pe\u00e7o-te que me tires a vida, se achei gra\u00e7a a teus olhos, para que eu n\u00e3o veja mais tamanha desgra\u00e7a\u201d. \u2013 Palavra do Senhor.<\/p>\n\n\n\n<p>Salmo Responsorial:&nbsp;<strong>80(81)<\/strong><\/p>\n\n\n\n<p><em><strong>Exultai no Senhor, nossa for\u00e7a.<\/strong><\/em><\/p>\n\n\n\n<p>1. Mas meu povo n\u00e3o ouviu a minha voz,&nbsp;\/&nbsp;Israel n\u00e3o quis saber de obedecer-me.&nbsp;\/&nbsp;Deixei, ent\u00e3o, que eles seguissem seus caprichos,&nbsp;\/&nbsp;abandonei-os ao seu duro cora\u00e7\u00e3o.&nbsp;\u2013 R.<\/p>\n\n\n\n<p>2. Quem me dera que meu povo me escutasse!&nbsp;\/&nbsp;Que Israel andasse sempre em meus caminhos!&nbsp;\/&nbsp;Seus inimigos, sem demora, humilharia&nbsp;\/&nbsp;e voltaria minha m\u00e3o contra o opressor.&nbsp;\u2013 R.<\/p>\n\n\n\n<p>3. Os que odeiam o Senhor o adulariam,&nbsp;\/&nbsp;seria este seu destino para sempre;&nbsp;\/&nbsp;eu lhe daria de comer a flor do trigo,&nbsp;\/&nbsp;e com o mel que sai da rocha o fartaria.&nbsp;\u2013 R.<\/p>\n\n\n\n<p>Evangelho:&nbsp;<strong>Mateus 14,13-21<\/strong><\/p>\n\n\n\n<p><strong><em>Aleluia, aleluia, aleluia.<\/em><\/strong><\/p>\n\n\n\n<p><strong>O homem n\u00e3o vive somente de p\u00e3o,&nbsp;\/&nbsp;mas de toda palavra da boca de Deus (Mt 4,4).&nbsp;\u2013 R.<\/strong><\/p>\n\n\n\n<p>Proclama\u00e7\u00e3o do Evangelho de Jesus Cristo segundo Mateus \u2013 Naquele tempo,&nbsp;<sup>13<\/sup>quando soube da morte de Jo\u00e3o Batista, Jesus partiu e foi de barco para um lugar deserto e afastado. Mas quando as multid\u00f5es souberam disso, sa\u00edram das cidades e o seguiram a p\u00e9.&nbsp;<sup>14<\/sup>Ao sair da barca, Jesus viu uma grande multid\u00e3o. Encheu-se de compaix\u00e3o por eles e curou os que estavam doentes.&nbsp;<sup>15<\/sup>Ao entardecer, os disc\u00edpulos aproximaram-se de Jesus e disseram: \u201cEste lugar \u00e9 deserto e a hora j\u00e1 est\u00e1 adiantada. Despede as multid\u00f5es, para que possam ir aos povoados comprar comida!\u201d&nbsp;<sup>16<\/sup>Jesus, por\u00e9m, lhes disse: \u201cEles n\u00e3o precisam ir embora. Dai-lhes v\u00f3s mesmos de comer!\u201d&nbsp;<sup>17<\/sup>Os disc\u00edpulos responderam: \u201cS\u00f3 temos aqui cinco p\u00e3es e dois peixes\u201d.&nbsp;<sup>18<\/sup>Jesus disse: \u201cTrazei-os aqui\u201d.&nbsp;<sup>19<\/sup>Jesus mandou que as multid\u00f5es se sentassem na grama. Ent\u00e3o pegou os cinco p\u00e3es e os dois peixes, ergueu os olhos para o c\u00e9u e pronunciou a b\u00ean\u00e7\u00e3o. Em seguida, partiu os p\u00e3es e os deu aos disc\u00edpulos. Os disc\u00edpulos os distribu\u00edram \u00e0s multid\u00f5es.&nbsp;<sup>20<\/sup>Todos comeram e ficaram satisfeitos, e, dos peda\u00e7os que sobraram, recolheram ainda doze cestos cheios.&nbsp;<sup>21<\/sup>E os que haviam comido eram mais ou menos cinco mil homens, sem contar mulheres e crian\u00e7as. \u2013 Palavra da salva\u00e7\u00e3o.<\/p>\n\n\n\n<p>Reflex\u00e3o:<\/p>\n\n\n\n<p><em>Os sinais de Jesus se multiplicam. Antes, com poucos p\u00e3es e peixes, ele sacia a fome da multid\u00e3o faminta. Agora, caminha sobre as \u00e1guas em dire\u00e7\u00e3o \u00e0 barca dos disc\u00edpulos. Caminhar sobre as \u00e1guas \u00e9 uma prerrogativa divina. Somente Deus domina completamente as for\u00e7as ca\u00f3ticas que se desencadeiam no mundo e no cora\u00e7\u00e3o humano. Em nossa vida pessoal e na miss\u00e3o, deparamo-nos com obst\u00e1culos, entre os quais a nossa falta de f\u00e9, que nos paralisam e nos impedem de alcan\u00e7ar resultados satisfat\u00f3rios. Tamb\u00e9m as lideran\u00e7as religiosas, representadas por Pedro, correm o risco de perder a f\u00e9. Se, por\u00e9m, em vez de alimentar o medo e a inseguran\u00e7a, dermos espa\u00e7o \u00e0 presen\u00e7a e \u00e0 palavra de Cristo, ent\u00e3o as coisas poder\u00e3o mudar. A paz e a calma voltam ao cora\u00e7\u00e3o. E a miss\u00e3o pode tornar-se fecunda.<\/em><\/p>\n","protected":false},"excerpt":{"rendered":"<p>Meu Deus, vinde libertar-me, apressai-vos, Senhor, em socorrer-me. V\u00f3s sois o meu socorro e o meu libertador; Senhor, n\u00e3o tardeis mais (Sl 69,2.6). Os tempos de crise e de inseguran\u00e7a social podem ser&#8230;<\/p>\n","protected":false},"author":2,"featured_media":20690,"comment_status":"open","ping_status":"open","sticky":false,"template":"","format":"standard","meta":[],"categories":[7],"tags":[],"_links":{"self":[{"href":"https:\/\/www.salvatorianas.org.br\/blog\/wp-json\/wp\/v2\/posts\/20689"}],"collection":[{"href":"https:\/\/www.salvatorianas.org.br\/blog\/wp-json\/wp\/v2\/posts"}],"about":[{"href":"https:\/\/www.salvatorianas.org.br\/blog\/wp-json\/wp\/v2\/types\/post"}],"author":[{"embeddable":true,"href":"https:\/\/www.salvatorianas.org.br\/blog\/wp-json\/wp\/v2\/users\/2"}],"replies":[{"embeddable":true,"href":"https:\/\/www.salvatorianas.org.br\/blog\/wp-json\/wp\/v2\/comments?post=20689"}],"version-history":[{"count":1,"href":"https:\/\/www.salvatorianas.org.br\/blog\/wp-json\/wp\/v2\/posts\/20689\/revisions"}],"predecessor-version":[{"id":20691,"href":"https:\/\/www.salvatorianas.org.br\/blog\/wp-json\/wp\/v2\/posts\/20689\/revisions\/20691"}],"wp:featuredmedia":[{"embeddable":true,"href":"https:\/\/www.salvatorianas.org.br\/blog\/wp-json\/wp\/v2\/media\/20690"}],"wp:attachment":[{"href":"https:\/\/www.salvatorianas.org.br\/blog\/wp-json\/wp\/v2\/media?parent=20689"}],"wp:term":[{"taxonomy":"category","embeddable":true,"href":"https:\/\/www.salvatorianas.org.br\/blog\/wp-json\/wp\/v2\/categories?post=20689"},{"taxonomy":"post_tag","embeddable":true,"href":"https:\/\/www.salvatorianas.org.br\/blog\/wp-json\/wp\/v2\/tags?post=20689"}],"curies":[{"name":"wp","href":"https:\/\/api.w.org\/{rel}","templated":true}]}}