{"id":20686,"date":"2023-08-06T01:41:00","date_gmt":"2023-08-06T01:41:00","guid":{"rendered":"https:\/\/www.salvatorianas.org.br\/blog\/?p=20686"},"modified":"2023-08-04T18:04:25","modified_gmt":"2023-08-04T18:04:25","slug":"transfiguracao-do-senhor-festa-ano-a","status":"publish","type":"post","link":"https:\/\/www.salvatorianas.org.br\/blog\/transfiguracao-do-senhor-festa-ano-a\/","title":{"rendered":"Transfigura\u00e7\u00e3o do Senhor, Festa, Ano A"},"content":{"rendered":"\n<p>O Esp\u00edrito Santo apareceu na nuvem luminosa, e a voz do Pai se fez ouvir: Este \u00e9 o meu Filho amado, nele depositei todo o meu amor. Escutai-o (Mt 17,5).<\/p>\n\n\n\n<p><em>No monte Tabor, Jesus se manifesta aos disc\u00edpulos em todo o esplendor de sua vida divina, antecipando a gl\u00f3ria de sua ressurrei\u00e7\u00e3o. Nesta festa, somos convidados a nos deixarmos alcan\u00e7ar pela face luminosa do Filho amado de Deus, a ouvir sua voz e seguir seus passos. Na primeira semana deste m\u00eas vocacional, recordamos a voca\u00e7\u00e3o para o minist\u00e9rio ordenado: di\u00e1conos, padres e bispos. Celebremos em gratid\u00e3o pelo nosso p\u00e1roco e por todos os padres, neste seu dia, tendo presente tamb\u00e9m a Jornada Mundial da Juventude, que se encerra hoje em Portugal.<\/em><\/p>\n\n\n\n<p>Primeira Leitura:&nbsp;<strong>Daniel 7,9-10.13-14<\/strong><\/p>\n\n\n\n<p>Leitura da profecia de Daniel \u2013&nbsp;<sup>9<\/sup>Eu continuava olhando at\u00e9 que foram colocados uns tronos, e um anci\u00e3o de muitos dias a\u00ed tomou lugar. Sua veste era branca como neve e os cabelos da cabe\u00e7a, como l\u00e3 pura; seu trono eram chamas de fogo, e as rodas do trono, como fogo em brasa.&nbsp;<sup>10<\/sup>Derramava-se a\u00ed um rio de fogo que nascia diante dele; serviam-no milhares de milhares, e milh\u00f5es de milh\u00f5es assistiam-no ao trono; foi instalado o tribunal e os livros foram abertos.&nbsp;<sup>13<\/sup>Continuei insistindo na vis\u00e3o noturna, e eis que, entre as nuvens do c\u00e9u, vinha um como filho de homem, aproximando-se do anci\u00e3o de muitos dias, e foi conduzido \u00e0 sua presen\u00e7a.&nbsp;<sup>14<\/sup>Foram-lhe dados poder, gl\u00f3ria e realeza, e todos os povos, na\u00e7\u00f5es e l\u00ednguas o serviam: seu poder \u00e9 um poder eterno que n\u00e3o lhe ser\u00e1 tirado, e seu reino, um reino que n\u00e3o se dissolver\u00e1. \u2013 Palavra do Senhor.<\/p>\n\n\n\n<p>Salmo Responsorial:&nbsp;<strong>96(97)<\/strong><\/p>\n\n\n\n<p><em><strong>Deus \u00e9 rei, \u00e9 o Alt\u00edssimo,&nbsp;\/&nbsp;muito acima do universo.<\/strong><\/em><\/p>\n\n\n\n<p>1. Deus \u00e9 rei! Exulte a terra de alegria,&nbsp;\/&nbsp;e as ilhas numerosas rejubilem!&nbsp;\/&nbsp;Treva e nuvem o rodeiam no seu trono,&nbsp;\/&nbsp;que se apoia na justi\u00e7a e no direito.&nbsp;\u2013 R.<\/p>\n\n\n\n<p>2. As montanhas se derretem como cera&nbsp;\/&nbsp;ante a face do Senhor de toda a terra;&nbsp;\/&nbsp;e assim proclama o c\u00e9u sua justi\u00e7a,&nbsp;\/&nbsp;todos os povos podem ver a sua gl\u00f3ria.&nbsp;\u2013 R.<\/p>\n\n\n\n<p>3. Porque v\u00f3s sois o Alt\u00edssimo, Senhor,&nbsp;\u2020&nbsp;muito acima do universo que criastes,&nbsp;\/&nbsp;e de muito superais todos os deuses.&nbsp;\u2013 R.<\/p>\n\n\n\n<p>Segunda Leitura:&nbsp;<strong>2 Pedro 1,16-19<\/strong><\/p>\n\n\n\n<p>Leitura da segunda carta de S\u00e3o Pedro \u2013 Car\u00edssimos,&nbsp;<sup>16<\/sup>n\u00e3o foi seguindo f\u00e1bulas habilmente inventadas que vos demos a conhecer o poder e a vinda de nosso Senhor Jesus Cristo, mas, sim, por termos sido testemunhas oculares da sua majestade.&nbsp;<sup>17<\/sup>Efetivamente, ele recebeu honra e gl\u00f3ria da parte de Deus Pai, quando do seio da espl\u00eandida gl\u00f3ria se fez ouvir aquela voz que dizia: \u201cEste \u00e9 o meu Filho bem-amado, no qual ponho o meu benquerer\u201d.&nbsp;<sup>18<\/sup>Esta voz, n\u00f3s a ouvimos, vinda do c\u00e9u, quando est\u00e1vamos com ele no monte santo.&nbsp;<sup>19<\/sup>E assim se nos tornou ainda mais firme a palavra da profecia, que fazeis bem em ter diante dos olhos, como l\u00e2mpada que brilha em lugar escuro, at\u00e9 clarear o dia e levantar-se a estrela da manh\u00e3 em vossos cora\u00e7\u00f5es. \u2013 Palavra do Senhor.<\/p>\n\n\n\n<p>Evangelho:&nbsp;<strong>Mateus 17,1-9<\/strong><\/p>\n\n\n\n<p><strong><em>Aleluia, aleluia, aleluia.<\/em><\/strong><\/p>\n\n\n\n<p><strong>Eis meu Filho muito amado, nele est\u00e1 meu benquerer,&nbsp;\/&nbsp;escutai-o, todos v\u00f3s! (Mt 17,5).&nbsp;\u2013 R.<\/strong><\/p>\n\n\n\n<p>Proclama\u00e7\u00e3o do Evangelho de Jesus Cristo segundo Mateus \u2013 Naquele tempo,&nbsp;<sup>1<\/sup>Jesus tomou consigo Pedro, Tiago e Jo\u00e3o, seu irm\u00e3o, e os levou a um lugar \u00e0 parte, sobre uma alta montanha.&nbsp;<sup>2<\/sup>E foi transfigurado diante deles; o seu rosto brilhou como o sol e as suas roupas ficaram brancas como a luz.&nbsp;<sup>3<\/sup>Nisto apareceram-lhes Mois\u00e9s e Elias, conversando com Jesus.&nbsp;<sup>4<\/sup>Ent\u00e3o Pedro tomou a palavra e disse: \u201cSenhor, \u00e9 bom ficarmos aqui. Se queres, vou fazer aqui tr\u00eas tendas: uma para ti, outra para Mois\u00e9s e outra para Elias\u201d.&nbsp;<sup>5<\/sup>Pedro ainda estava falando quando uma nuvem luminosa os cobriu com sua sombra. E da nuvem uma voz dizia: \u201cEste \u00e9 o meu Filho amado, no qual eu pus todo meu agrado. Escutai-o!\u201d&nbsp;<sup>6<\/sup>Quando ouviram isso, os disc\u00edpulos ficaram muito assustados e ca\u00edram com o rosto em terra.&nbsp;<sup>7<\/sup>Jesus se aproximou, tocou neles e disse: \u201cLevantai-vos e n\u00e3o tenhais medo\u201d.&nbsp;<sup>8<\/sup>Os disc\u00edpulos ergueram os olhos e n\u00e3o viram mais ningu\u00e9m, a n\u00e3o ser somente Jesus.&nbsp;<sup>9<\/sup>Quando desciam da montanha, Jesus ordenou-lhes: \u201cN\u00e3o conteis a ningu\u00e9m esta vis\u00e3o at\u00e9 que o Filho do homem tenha ressuscitado dos mortos\u201d. \u2013 Palavra da salva\u00e7\u00e3o.<\/p>\n\n\n\n<p>Reflex\u00e3o:<\/p>\n\n\n\n<p><em>Jesus, junto com Pedro, Tiago e Jo\u00e3o, sobe a montanha e l\u00e1 se transfigura (transforma) diante deles. O Mestre aparece na sua gl\u00f3ria (seu rosto brilha e suas roupas ficam brancas) e se mostra vitorioso contra as for\u00e7as do mal. Mois\u00e9s e Elias simbolizam o Antigo Testamento: a Lei e os Profetas. Os disc\u00edpulos caem na tenta\u00e7\u00e3o de permanecer nessa realidade fascinante, mas precisam voltar \u00e0 miss\u00e3o, que se realiza na plan\u00edcie. Da nuvem sai a confirma\u00e7\u00e3o de que Jesus \u00e9 o Filho amado de Deus. \u00c9 necess\u00e1rio ouvi-lo, pois ele revela o projeto de seu Pai. O desejo de Pedro \u00e9 a grande tenta\u00e7\u00e3o de todos os tempos: buscar na religi\u00e3o conforto e seguran\u00e7a. Eles precisam levantar-se e abandonar o medo para enfrentar a realidade da miss\u00e3o, nem sempre f\u00e1cil. O medo \u00e9 grande obst\u00e1culo que paralisa a Igreja e a impede de assumir sua miss\u00e3o prof\u00e9tica, acomodando-a a uma vida tranquila e desobrigando-a de se preocupar com a realidade do povo.<\/em><\/p>\n","protected":false},"excerpt":{"rendered":"<p>O Esp\u00edrito Santo apareceu na nuvem luminosa, e a voz do Pai se fez ouvir: Este \u00e9 o meu Filho amado, nele depositei todo o meu amor. Escutai-o (Mt 17,5). No monte Tabor,&#8230;<\/p>\n","protected":false},"author":2,"featured_media":20687,"comment_status":"open","ping_status":"open","sticky":false,"template":"","format":"standard","meta":[],"categories":[7],"tags":[],"_links":{"self":[{"href":"https:\/\/www.salvatorianas.org.br\/blog\/wp-json\/wp\/v2\/posts\/20686"}],"collection":[{"href":"https:\/\/www.salvatorianas.org.br\/blog\/wp-json\/wp\/v2\/posts"}],"about":[{"href":"https:\/\/www.salvatorianas.org.br\/blog\/wp-json\/wp\/v2\/types\/post"}],"author":[{"embeddable":true,"href":"https:\/\/www.salvatorianas.org.br\/blog\/wp-json\/wp\/v2\/users\/2"}],"replies":[{"embeddable":true,"href":"https:\/\/www.salvatorianas.org.br\/blog\/wp-json\/wp\/v2\/comments?post=20686"}],"version-history":[{"count":1,"href":"https:\/\/www.salvatorianas.org.br\/blog\/wp-json\/wp\/v2\/posts\/20686\/revisions"}],"predecessor-version":[{"id":20688,"href":"https:\/\/www.salvatorianas.org.br\/blog\/wp-json\/wp\/v2\/posts\/20686\/revisions\/20688"}],"wp:featuredmedia":[{"embeddable":true,"href":"https:\/\/www.salvatorianas.org.br\/blog\/wp-json\/wp\/v2\/media\/20687"}],"wp:attachment":[{"href":"https:\/\/www.salvatorianas.org.br\/blog\/wp-json\/wp\/v2\/media?parent=20686"}],"wp:term":[{"taxonomy":"category","embeddable":true,"href":"https:\/\/www.salvatorianas.org.br\/blog\/wp-json\/wp\/v2\/categories?post=20686"},{"taxonomy":"post_tag","embeddable":true,"href":"https:\/\/www.salvatorianas.org.br\/blog\/wp-json\/wp\/v2\/tags?post=20686"}],"curies":[{"name":"wp","href":"https:\/\/api.w.org\/{rel}","templated":true}]}}