{"id":20676,"date":"2023-08-05T01:12:00","date_gmt":"2023-08-05T01:12:00","guid":{"rendered":"https:\/\/www.salvatorianas.org.br\/blog\/?p=20676"},"modified":"2023-07-31T17:13:46","modified_gmt":"2023-07-31T17:13:46","slug":"17a-semana-do-tempo-comum-ano-impar-i-3","status":"publish","type":"post","link":"https:\/\/www.salvatorianas.org.br\/blog\/17a-semana-do-tempo-comum-ano-impar-i-3\/","title":{"rendered":"17\u00aa Semana do Tempo Comum, Ano \u00cdmpar (I)"},"content":{"rendered":"\n<p>Deus habita em seu templo santo, re\u00fane seus filhos em sua casa; \u00e9 ele que d\u00e1 for\u00e7a e poder a seu povo (Sl 67,6s.36).<\/p>\n\n\n\n<p><em>Deus se preocupa com o bem-estar de seus filhos e filhas e os quer livres e libertos de todo sistema e poder promotores de morte. Podemos unir-nos ao salmista, que engrandece o Senhor, proclamando: \u201cOs povos governais com retid\u00e3o e guiais, em toda a terra, as na\u00e7\u00f5es\u201d.<\/em><\/p>\n\n\n\n<p>Primeira Leitura:&nbsp;<strong>Lev\u00edtico 25,1.8-17<\/strong><\/p>\n\n\n\n<p>Leitura do livro do Lev\u00edtico \u2013&nbsp;<sup>1<\/sup>O Senhor falou a Mois\u00e9s no monte Sinai, dizendo:&nbsp;<sup>8<\/sup>\u201cContar\u00e1s sete semanas de anos, ou seja, sete vezes sete anos, o que dar\u00e1 quarenta e nove anos.&nbsp;<sup>9<\/sup>Ent\u00e3o far\u00e1s soar a trombeta no d\u00e9cimo dia do s\u00e9timo m\u00eas. No dia da Expia\u00e7\u00e3o, fareis soar a trombeta por todo o pa\u00eds.&nbsp;<sup>10<\/sup>Declarareis santo o quinquag\u00e9simo ano e proclamareis a liberta\u00e7\u00e3o para todos os habitantes do pa\u00eds: ser\u00e1 para v\u00f3s um jubileu. Cada um de v\u00f3s poder\u00e1 retornar \u00e0 sua propriedade e voltar para a sua fam\u00edlia.&nbsp;<sup>11<\/sup>O quinquag\u00e9simo ano ser\u00e1 para v\u00f3s um ano de jubileu: n\u00e3o semeareis, nem colhereis o que a terra produzir espontaneamente, nem colhereis as uvas da vinha n\u00e3o podada;&nbsp;<sup>12<\/sup>pois \u00e9 um ano de jubileu, sagrado para v\u00f3s, mas podereis comer o que produziram os campos n\u00e3o cultivados.&nbsp;<sup>13<\/sup>Nesse ano de jubileu, cada um poder\u00e1 retornar \u00e0 sua propriedade.&nbsp;<sup>14<\/sup>Se venderes ao teu conterr\u00e2neo ou dele comprares alguma coisa, que ningu\u00e9m explore o seu irm\u00e3o;&nbsp;<sup>15<\/sup>de acordo com o n\u00famero de anos decorridos ap\u00f3s o jubileu, o teu conterr\u00e2neo fixar\u00e1 para ti o pre\u00e7o de compra e, de acordo com os anos de colheita, ele fixar\u00e1 o pre\u00e7o de venda.&nbsp;<sup>16<\/sup>Quanto maior o n\u00famero de anos que restarem ap\u00f3s o jubileu, tanto maior ser\u00e1 o pre\u00e7o da terra; quanto menor o n\u00famero de anos, tanto menor ser\u00e1 o seu pre\u00e7o, pois ele te vende de acordo com o n\u00famero de colheitas.&nbsp;<sup>17<\/sup>N\u00e3o vos leseis uns aos outros entre irm\u00e3os, mas temei o vosso Deus. Eu sou o Senhor, vosso Deus\u201d. \u2013 Palavra do Senhor.<\/p>\n\n\n\n<p>Salmo Responsorial:&nbsp;<strong>66(67)<\/strong><\/p>\n\n\n\n<p><strong><em>Que as na\u00e7\u00f5es vos glorifiquem, \u00f3 Senhor,&nbsp;\/&nbsp;que todas as na\u00e7\u00f5es vos glorifiquem.<\/em><\/strong><\/p>\n\n\n\n<p>1. Que Deus nos d\u00ea a sua gra\u00e7a e sua b\u00ean\u00e7\u00e3o,&nbsp;\/&nbsp;e sua face resplande\u00e7a sobre n\u00f3s!&nbsp;\/&nbsp;Que na terra se conhe\u00e7a o seu caminho&nbsp;\/&nbsp;e a sua salva\u00e7\u00e3o por entre os povos.&nbsp;\u2013 R.<\/p>\n\n\n\n<p>2. Exulte de alegria a terra inteira,&nbsp;\/&nbsp;pois julgais o universo com justi\u00e7a;&nbsp;\/&nbsp;os povos governais com retid\u00e3o&nbsp;\/&nbsp;e guiais, em toda a terra, as na\u00e7\u00f5es.&nbsp;\u2013 R.<\/p>\n\n\n\n<p>3. A terra produziu sua colheita:&nbsp;\/&nbsp;o Senhor e nosso Deus nos aben\u00e7oa.&nbsp;\/&nbsp;Que o Senhor e nosso Deus nos aben\u00e7oe,&nbsp;\/&nbsp;e o respeitem os confins de toda a terra!&nbsp;\u2013 R.<\/p>\n\n\n\n<p>Evangelho:&nbsp;<strong>Mateus 14,1-12<\/strong><\/p>\n\n\n\n<p><strong><em>Aleluia, aleluia, aleluia.<\/em><\/strong><\/p>\n\n\n\n<p><strong>Felizes os que s\u00e3o perseguidos por causa da justi\u00e7a do Senhor,&nbsp;\/&nbsp;porque o Reino dos C\u00e9us h\u00e1 de ser deles! (Mt 5,10)&nbsp;\u2013 R.<\/strong><\/p>\n\n\n\n<p>Proclama\u00e7\u00e3o do Evangelho de Jesus Cristo segundo Mateus \u2013&nbsp;<sup>1<\/sup>Naquele tempo, a fama de Jesus chegou aos ouvidos do governador Herodes.&nbsp;<sup>2<\/sup>Ele disse a seus servidores: \u201c\u00c9 Jo\u00e3o Batista, que ressuscitou dos mortos; e, por isso, os poderes miraculosos atuam nele\u201d.&nbsp;<sup>3<\/sup>De fato, Herodes tinha mandado prender Jo\u00e3o, amarr\u00e1-lo e coloc\u00e1-lo na pris\u00e3o por causa de Herod\u00edades, a mulher de seu irm\u00e3o Filipe.&nbsp;<sup>4<\/sup>Pois Jo\u00e3o tinha dito a Herodes: \u201cN\u00e3o te \u00e9 permitido t\u00ea-la como esposa\u201d.&nbsp;<sup>5<\/sup>Herodes queria matar Jo\u00e3o, mas tinha medo do povo, que o considerava como profeta.&nbsp;<sup>6<\/sup>Por ocasi\u00e3o do anivers\u00e1rio de Herodes, a filha de Herod\u00edades dan\u00e7ou diante de todos e agradou tanto a Herodes,&nbsp;<sup>7<\/sup>que ele prometeu, com juramento, dar a ela tudo o que pedisse.&nbsp;<sup>8<\/sup>Instigada pela m\u00e3e, ela disse: \u201cD\u00e1-me aqui, num prato, a cabe\u00e7a de Jo\u00e3o Batista\u201d.&nbsp;<sup>9<\/sup>O rei ficou triste, mas, por causa do juramento diante dos convidados, ordenou que atendessem o pedido dela.&nbsp;<sup>10<\/sup>E mandou cortar a cabe\u00e7a de Jo\u00e3o no c\u00e1rcere.&nbsp;<sup>11<\/sup>Depois a cabe\u00e7a foi trazida num prato, entregue \u00e0 mo\u00e7a, e esta a levou para a sua m\u00e3e.&nbsp;<sup>12<\/sup>Os disc\u00edpulos de Jo\u00e3o foram buscar o corpo e o enterraram. Depois foram contar tudo a Jesus. \u2013 Palavra da salva\u00e7\u00e3o.<\/p>\n\n\n\n<p>Reflex\u00e3o:<\/p>\n\n\n\n<p><em>Jo\u00e3o Batista fora decapitado por ordem do rei Herodes, que n\u00e3o conseguia apagar da mem\u00f3ria a gigantesca figura do precursor do Messias. Tanto assim que, ao ser informado sobre a fama de Jesus, Herodes logo pensa tratar-se de Jo\u00e3o ressuscitado dos mortos. Ao mostrar a preocupa\u00e7\u00e3o de Herodes com os sinais operados por Jesus, o evangelista introduz a narrativa sobre a morte de Jo\u00e3o Batista. \u00c9 degolado no c\u00e1rcere, por determina\u00e7\u00e3o de Herodes, no contexto de um banquete para celebrar a vida e de uma promessa absurda feita \u00e0 filha de Herod\u00edades. M\u00e3e e filha, possu\u00eddas por maligno instinto, pedem a morte de Jo\u00e3o. Irresponsabilidade, insensatez e crueldade de Herodes concorreram para fazer rolar a cabe\u00e7a do Profeta. Ao m\u00e1rtir de Cristo, a gl\u00f3ria eterna!<\/em><\/p>\n","protected":false},"excerpt":{"rendered":"<p>Deus habita em seu templo santo, re\u00fane seus filhos em sua casa; \u00e9 ele que d\u00e1 for\u00e7a e poder a seu povo (Sl 67,6s.36). Deus se preocupa com o bem-estar de seus filhos&#8230;<\/p>\n","protected":false},"author":2,"featured_media":20677,"comment_status":"open","ping_status":"open","sticky":false,"template":"","format":"standard","meta":[],"categories":[7],"tags":[],"_links":{"self":[{"href":"https:\/\/www.salvatorianas.org.br\/blog\/wp-json\/wp\/v2\/posts\/20676"}],"collection":[{"href":"https:\/\/www.salvatorianas.org.br\/blog\/wp-json\/wp\/v2\/posts"}],"about":[{"href":"https:\/\/www.salvatorianas.org.br\/blog\/wp-json\/wp\/v2\/types\/post"}],"author":[{"embeddable":true,"href":"https:\/\/www.salvatorianas.org.br\/blog\/wp-json\/wp\/v2\/users\/2"}],"replies":[{"embeddable":true,"href":"https:\/\/www.salvatorianas.org.br\/blog\/wp-json\/wp\/v2\/comments?post=20676"}],"version-history":[{"count":1,"href":"https:\/\/www.salvatorianas.org.br\/blog\/wp-json\/wp\/v2\/posts\/20676\/revisions"}],"predecessor-version":[{"id":20678,"href":"https:\/\/www.salvatorianas.org.br\/blog\/wp-json\/wp\/v2\/posts\/20676\/revisions\/20678"}],"wp:featuredmedia":[{"embeddable":true,"href":"https:\/\/www.salvatorianas.org.br\/blog\/wp-json\/wp\/v2\/media\/20677"}],"wp:attachment":[{"href":"https:\/\/www.salvatorianas.org.br\/blog\/wp-json\/wp\/v2\/media?parent=20676"}],"wp:term":[{"taxonomy":"category","embeddable":true,"href":"https:\/\/www.salvatorianas.org.br\/blog\/wp-json\/wp\/v2\/categories?post=20676"},{"taxonomy":"post_tag","embeddable":true,"href":"https:\/\/www.salvatorianas.org.br\/blog\/wp-json\/wp\/v2\/tags?post=20676"}],"curies":[{"name":"wp","href":"https:\/\/api.w.org\/{rel}","templated":true}]}}