{"id":20673,"date":"2023-08-04T01:10:00","date_gmt":"2023-08-04T01:10:00","guid":{"rendered":"https:\/\/www.salvatorianas.org.br\/blog\/?p=20673"},"modified":"2023-07-31T17:15:39","modified_gmt":"2023-07-31T17:15:39","slug":"sao-joao-maria-vianney-presbitero-memoria","status":"publish","type":"post","link":"https:\/\/www.salvatorianas.org.br\/blog\/sao-joao-maria-vianney-presbitero-memoria\/","title":{"rendered":"S\u00e3o Jo\u00e3o Maria Vianney, presb\u00edtero, Mem\u00f3ria"},"content":{"rendered":"\n<p>Eu vos darei pastores segundo o meu cora\u00e7\u00e3o, que vos conduzam com intelig\u00eancia e sabedoria (Jr 3,15).<\/p>\n\n\n\n<p><em>Jo\u00e3o Maria nasceu na Fran\u00e7a em 1786 e l\u00e1 faleceu em 1859. Ordenado presb\u00edtero, foi enviado \u00e0 aldeia de Ars, onde se tornou imagem viva do Bom Pastor que d\u00e1 a vida pelas suas ovelhas. Dedicou-se \u00e0 prega\u00e7\u00e3o e \u00e0 convers\u00e3o n\u00e3o somente junto a seus conterr\u00e2neos, mas tamb\u00e9m em favor de outras regi\u00f5es, cujos habitantes compareciam para ouvir suas orienta\u00e7\u00f5es e dele receber o sacramento do perd\u00e3o. Foi proclamado pela Igreja padroeiro dos sacerdotes. A celebra\u00e7\u00e3o de sua mem\u00f3ria nos anime a vivenciar os valores crist\u00e3os na fam\u00edlia e na sociedade.<\/em><\/p>\n\n\n\n<p>Primeira Leitura:&nbsp;<strong>Lev\u00edtico 23,1.4-11.15-16.27.34-37<\/strong><\/p>\n\n\n\n<p>Leitura do livro do Lev\u00edtico \u2013&nbsp;<sup>1<\/sup>O Senhor falou a Mois\u00e9s, dizendo:&nbsp;<sup>4<\/sup>\u201cS\u00e3o estas as solenidades do Senhor em que convocareis santas assembleias no devido tempo:&nbsp;<sup>5<\/sup>no dia catorze do primeiro m\u00eas, ao entardecer, \u00e9 a P\u00e1scoa do Senhor.&nbsp;<sup>6<\/sup>No dia quinze do mesmo m\u00eas \u00e9 a festa dos \u00c1zimos, em honra do Senhor. Durante sete dias comereis p\u00e3es \u00e1zimos.&nbsp;<sup>7<\/sup>No primeiro dia, tereis uma santa assembleia, n\u00e3o fareis nenhum trabalho servil;&nbsp;<sup>8<\/sup>oferecereis ao Senhor sacrif\u00edcios pelo fogo durante sete dias. No s\u00e9timo dia haver\u00e1 uma santa assembleia, e n\u00e3o fareis tamb\u00e9m nenhum trabalho servil\u201d.&nbsp;<sup>9<\/sup>O Senhor falou a Mois\u00e9s, dizendo:&nbsp;<sup>10<\/sup>\u201cFala aos filhos de Israel e dize-lhes: \u2018Quando tiverdes entrado na terra que vos darei e tiverdes feito a colheita, levareis ao sacerdote um feixe de espigas como primeiros frutos da vossa colheita.&nbsp;<sup>11<\/sup>O sacerdote elevar\u00e1 esse feixe de espigas diante do Senhor, para que ele vos seja favor\u00e1vel: e far\u00e1 isso no dia seguinte ao s\u00e1bado.&nbsp;<sup>15<\/sup>A partir do dia seguinte ao s\u00e1bado, desde o dia em que tiverdes trazido o feixe de espigas para ser apresentado, contareis sete semanas completas.&nbsp;<sup>16<\/sup>Contareis cinquenta dias at\u00e9 o dia seguinte ao s\u00e9timo s\u00e1bado e apresentareis ao Senhor uma nova oferta.&nbsp;<sup>27<\/sup>O d\u00e9cimo dia do s\u00e9timo m\u00eas \u00e9 o dia da Expia\u00e7\u00e3o. Nele tereis uma santa assembleia, jejuareis e oferecereis ao Senhor um sacrif\u00edcio pelo fogo.&nbsp;<sup>34<\/sup>No dia quinze desse s\u00e9timo m\u00eas, come\u00e7a a festa das Tendas, que dura sete dias, em honra do Senhor.&nbsp;<sup>35<\/sup>No primeiro dia haver\u00e1 uma santa assembleia e n\u00e3o fareis nenhum trabalho servil.&nbsp;<sup>36<\/sup>Durante sete dias oferecereis ao Senhor sacrif\u00edcios pelo fogo. No oitavo dia, tereis uma santa assembleia e oferecereis ao Senhor um sacrif\u00edcio pelo fogo. \u00c9 dia de reuni\u00e3o festiva: n\u00e3o fareis nenhum trabalho servil.&nbsp;<sup>37<\/sup>Estas s\u00e3o as solenidades do Senhor, nas quais convocareis santas assembleias para oferecer ao Senhor sacrif\u00edcios pelo fogo, holocaustos e obla\u00e7\u00f5es, v\u00edtimas e liba\u00e7\u00f5es, cada qual no dia prescrito&#8217;\u201d. \u2013 Palavra do Senhor.<\/p>\n\n\n\n<p>Salmo Responsorial:&nbsp;<strong>80(81)<\/strong><\/p>\n\n\n\n<p><strong><em>Exultai no Senhor, nossa for\u00e7a.<\/em><\/strong><\/p>\n\n\n\n<p>1. Cantai salmos, tocai tamborim,&nbsp;\/&nbsp;harpa e lira suaves tocai!&nbsp;\/&nbsp;Na lua nova soai a trombeta,&nbsp;\/&nbsp;na lua cheia, na festa solene!&nbsp;\u2013 R.<\/p>\n\n\n\n<p>2. Porque isso \u00e9 costume em Jac\u00f3,&nbsp;\/&nbsp;um preceito do Deus de Israel;&nbsp;\/&nbsp;uma lei que foi dada a Jos\u00e9&nbsp;\/&nbsp;quando o povo saiu do Egito.&nbsp;\u2013 R.<\/p>\n\n\n\n<p>3. Em teu meio n\u00e3o exista um deus estranho,&nbsp;\/&nbsp;nem adores a um deus desconhecido!&nbsp;\/&nbsp;Porque eu sou o teu Deus e teu Senhor,&nbsp;\/&nbsp;que da terra do Egito te arranquei.&nbsp;\u2013 R.<\/p>\n\n\n\n<p>Evangelho:&nbsp;<strong>Mateus 13,54-58<\/strong><\/p>\n\n\n\n<p><strong><em>Aleluia, aleluia, aleluia.<\/em><\/strong><\/p>\n\n\n\n<p><strong>A Palavra do Senhor permanece eternamente,&nbsp;\/&nbsp;e esta \u00e9 a Palavra que vos foi anunciada (1Pd 1,25).&nbsp;\u2013 R.<\/strong><\/p>\n\n\n\n<p>Proclama\u00e7\u00e3o do Evangelho de Jesus Cristo segundo Mateus \u2013 Naquele tempo,&nbsp;<sup>54<\/sup>dirigindo-se para a sua terra, Jesus ensinava na sinagoga, de modo que ficavam admirados. E diziam: \u201cDe onde lhe vem essa sabedoria e esses milagres?&nbsp;<sup>55<\/sup>N\u00e3o \u00e9 ele o filho do carpinteiro? Sua m\u00e3e n\u00e3o se chama Maria, e seus irm\u00e3os n\u00e3o s\u00e3o Tiago, Jos\u00e9, Sim\u00e3o e Judas?&nbsp;<sup>56<\/sup>E suas irm\u00e3s n\u00e3o moram conosco? Ent\u00e3o, de onde lhe vem tudo isso?\u201d&nbsp;<sup>57<\/sup>E ficaram escandalizados por causa dele. Jesus, por\u00e9m, disse: \u201cUm profeta s\u00f3 n\u00e3o \u00e9 estimado em sua pr\u00f3pria p\u00e1tria e em sua fam\u00edlia!\u201d&nbsp;<sup>58<\/sup>E Jesus n\u00e3o fez ali muitos milagres, porque eles n\u00e3o tinham f\u00e9. \u2013 Palavra da salva\u00e7\u00e3o.<\/p>\n\n\n\n<p>Reflex\u00e3o:<\/p>\n\n\n\n<p><em>Jesus volta \u00e0 sua terra. O epis\u00f3dio nos possibilita saber que Jesus pertencia a uma fam\u00edlia simples, bem conhecida, do mesmo n\u00edvel social que a maioria dos moradores do lugarejo. Conheciam Maria, a m\u00e3e de Jesus, e sabiam o nome de cada parente dele. Entretanto, esses dados e a proximidade deles em rela\u00e7\u00e3o a Jesus n\u00e3o lhe facilitaram o trabalho mission\u00e1rio. Por um lado, admiravam sua brilhante sabedoria e os milagres que realizava. Por outro lado, aos nazarenos faltou f\u00e9 para chegarem a Deus por meio do humano. O pessoal se colocou numa posi\u00e7\u00e3o t\u00e3o inflex\u00edvel, que Jesus ficou sem condi\u00e7\u00f5es de operar milagres entre eles. O ditado popular afirma que \u201csanto de casa n\u00e3o faz milagres\u201d. Por baixo da obstinada rea\u00e7\u00e3o dos conterr\u00e2neos de Jesus, havia sem d\u00favida uma pitada de inveja, ou muita!<\/em><\/p>\n","protected":false},"excerpt":{"rendered":"<p>Eu vos darei pastores segundo o meu cora\u00e7\u00e3o, que vos conduzam com intelig\u00eancia e sabedoria (Jr 3,15). Jo\u00e3o Maria nasceu na Fran\u00e7a em 1786 e l\u00e1 faleceu em 1859. Ordenado presb\u00edtero, foi enviado&#8230;<\/p>\n","protected":false},"author":2,"featured_media":20679,"comment_status":"open","ping_status":"open","sticky":false,"template":"","format":"standard","meta":[],"categories":[7,1],"tags":[],"_links":{"self":[{"href":"https:\/\/www.salvatorianas.org.br\/blog\/wp-json\/wp\/v2\/posts\/20673"}],"collection":[{"href":"https:\/\/www.salvatorianas.org.br\/blog\/wp-json\/wp\/v2\/posts"}],"about":[{"href":"https:\/\/www.salvatorianas.org.br\/blog\/wp-json\/wp\/v2\/types\/post"}],"author":[{"embeddable":true,"href":"https:\/\/www.salvatorianas.org.br\/blog\/wp-json\/wp\/v2\/users\/2"}],"replies":[{"embeddable":true,"href":"https:\/\/www.salvatorianas.org.br\/blog\/wp-json\/wp\/v2\/comments?post=20673"}],"version-history":[{"count":1,"href":"https:\/\/www.salvatorianas.org.br\/blog\/wp-json\/wp\/v2\/posts\/20673\/revisions"}],"predecessor-version":[{"id":20674,"href":"https:\/\/www.salvatorianas.org.br\/blog\/wp-json\/wp\/v2\/posts\/20673\/revisions\/20674"}],"wp:featuredmedia":[{"embeddable":true,"href":"https:\/\/www.salvatorianas.org.br\/blog\/wp-json\/wp\/v2\/media\/20679"}],"wp:attachment":[{"href":"https:\/\/www.salvatorianas.org.br\/blog\/wp-json\/wp\/v2\/media?parent=20673"}],"wp:term":[{"taxonomy":"category","embeddable":true,"href":"https:\/\/www.salvatorianas.org.br\/blog\/wp-json\/wp\/v2\/categories?post=20673"},{"taxonomy":"post_tag","embeddable":true,"href":"https:\/\/www.salvatorianas.org.br\/blog\/wp-json\/wp\/v2\/tags?post=20673"}],"curies":[{"name":"wp","href":"https:\/\/api.w.org\/{rel}","templated":true}]}}