{"id":20667,"date":"2023-08-02T01:07:00","date_gmt":"2023-08-02T01:07:00","guid":{"rendered":"https:\/\/www.salvatorianas.org.br\/blog\/?p=20667"},"modified":"2023-07-31T17:08:58","modified_gmt":"2023-07-31T17:08:58","slug":"17a-semana-do-tempo-comum-ano-impar-i","status":"publish","type":"post","link":"https:\/\/www.salvatorianas.org.br\/blog\/17a-semana-do-tempo-comum-ano-impar-i\/","title":{"rendered":"17\u00aa Semana do Tempo Comum, Ano \u00cdmpar (I)"},"content":{"rendered":"\n<p>Deus habita em seu templo santo, re\u00fane seus filhos em sua casa; \u00e9 ele que d\u00e1 for\u00e7a e poder a seu povo (Sl 67,6s.36).<\/p>\n\n\n\n<p><em>A luz que brilha no rosto de Mois\u00e9s \u00e9 imagem de outra, mais perene, que resplandece na face de Cristo, doador do Reino. Deixemo-nos banhar pelo conforto da luz do Senhor que nos vem da Palavra e da Eucaristia.<\/em><\/p>\n\n\n\n<p>Primeira Leitura:&nbsp;<strong>\u00caxodo 34,29-35<\/strong><\/p>\n\n\n\n<p>Leitura do livro do \u00caxodo \u2013&nbsp;<sup>29<\/sup>Quando Mois\u00e9s desceu da montanha do Sinai, trazendo nas m\u00e3os as duas t\u00e1buas da Alian\u00e7a, n\u00e3o sabia que a pele do seu rosto resplandecia por ter falado com o Senhor.&nbsp;<sup>30<\/sup>Aar\u00e3o e os filhos de Israel, vendo o rosto de Mois\u00e9s resplandecente, tiveram medo de se aproximar.&nbsp;<sup>31<\/sup>Ent\u00e3o Mois\u00e9s os chamou, e tanto Aar\u00e3o como os chefes da comunidade foram para junto dele. E, depois que lhes falou,&nbsp;<sup>32<\/sup>todos os filhos de Israel tamb\u00e9m se aproximaram dele, e Mois\u00e9s transmitiu-lhes todas as ordens que tinha recebido do Senhor no monte Sinai.&nbsp;<sup>33<\/sup>Quando Mois\u00e9s acabou de lhes falar, cobriu o rosto com um v\u00e9u.&nbsp;<sup>34<\/sup>Todas as vezes que Mois\u00e9s se apresentava ao Senhor para falar com ele, retirava o v\u00e9u, at\u00e9 a hora de sair; depois sa\u00eda e dizia aos filhos de Israel tudo o que lhe tinha sido ordenado.&nbsp;<sup>35<\/sup>E eles viam a pele do rosto de Mois\u00e9s resplandecer; mas ele voltava a cobrir o rosto com o v\u00e9u, at\u00e9 o momento em que entrava para falar com o Senhor. \u2013 Palavra do Senhor.<\/p>\n\n\n\n<p>Salmo Responsorial:&nbsp;<strong>98(99)<\/strong><\/p>\n\n\n\n<p><em><strong>Santo \u00e9 o Senhor nosso Deus!<\/strong><\/em><\/p>\n\n\n\n<p>1. Exaltai o Senhor nosso Deus&nbsp;\u2020&nbsp;e prostrai-vos perante seus p\u00e9s,&nbsp;\/&nbsp;pois \u00e9 santo o Senhor nosso Deus!&nbsp;\u2013 R.<\/p>\n\n\n\n<p>2. Eis Mois\u00e9s e Aar\u00e3o entre os seus sacerdotes.&nbsp;\u2020&nbsp;E tamb\u00e9m Samuel invocava seu nome,&nbsp;\/&nbsp;e ele mesmo, o Senhor, os ouvia.&nbsp;\u2013 R.<\/p>\n\n\n\n<p>3. Da coluna de nuvem falava com eles.&nbsp;\u2020&nbsp;E guardavam a lei e os preceitos divinos&nbsp;\/&nbsp;que o Senhor nosso Deus tinha dado.&nbsp;\u2013 R.<\/p>\n\n\n\n<p>4. Exaltai o Senhor nosso Deus&nbsp;\u2020&nbsp;e prostrai-vos perante seu monte,&nbsp;\/&nbsp;pois \u00e9 santo o Senhor nosso Deus!&nbsp;\u2013 R.<\/p>\n\n\n\n<p>Evangelho:&nbsp;<strong>Mateus 13,44-46<\/strong><\/p>\n\n\n\n<p><strong><em>Aleluia, aleluia, aleluia.<\/em><\/strong><\/p>\n\n\n\n<p><strong>Eu vos chamo meus amigos,&nbsp;\/&nbsp;pois vos dei a conhecer o que o Pai me revelou (Jo 15,15).&nbsp;\u2013 R.<\/strong><\/p>\n\n\n\n<p>Proclama\u00e7\u00e3o do Evangelho de Jesus Cristo segundo Mateus \u2013 Naquele tempo, disse Jesus \u00e0 multid\u00e3o:&nbsp;<sup>44<\/sup>\u201cO Reino dos C\u00e9us \u00e9 como um tesouro escondido no campo. Um homem o encontra e o mant\u00e9m escondido. Cheio de alegria, ele vai, vende todos os seus bens e compra aquele campo.&nbsp;<sup>45<\/sup>O Reino dos C\u00e9us tamb\u00e9m \u00e9 como um comprador que procura p\u00e9rolas preciosas.&nbsp;<sup>46<\/sup>Quando encontra uma p\u00e9rola de grande valor, ele vai, vende todos os seus bens e compra aquela p\u00e9rola\u201d. \u2013 Palavra da salva\u00e7\u00e3o.<\/p>\n\n\n\n<p>Reflex\u00e3o:<\/p>\n\n\n\n<p><em>Duas compara\u00e7\u00f5es aplicadas ao Reino dos c\u00e9us. Em ambas, destacam-se: uma descoberta muito valiosa (tesouro e p\u00e9rola) e venda de todas as posses em vista de comprar o bem maior rec\u00e9m-encontrado. Assim \u00e9 o Reino dos c\u00e9us: uma realidade de suma import\u00e2ncia. N\u00e3o basta, por\u00e9m, tomar conhecimento de sua preciosidade; \u00e9 necess\u00e1rio largar os bens materiais, a fim de entregar-se totalmente \u00e0 nova descoberta. Jesus quer nos enriquecer de bens superiores, por isso pede que renunciemos aos bens inferiores. S\u00e3o Paulo reconhece: \u201cConsidero tudo como perda, diante do bem superior que \u00e9 o conhecimento de Cristo Jesus\u201d (Fl 3,8). Quem come\u00e7a a fazer parte do Reino de Deus experimenta indiz\u00edvel alegria com a certeza de estar fazendo a melhor aplica\u00e7\u00e3o de sua vida.<\/em><\/p>\n","protected":false},"excerpt":{"rendered":"<p>Deus habita em seu templo santo, re\u00fane seus filhos em sua casa; \u00e9 ele que d\u00e1 for\u00e7a e poder a seu povo (Sl 67,6s.36). A luz que brilha no rosto de Mois\u00e9s \u00e9&#8230;<\/p>\n","protected":false},"author":2,"featured_media":20668,"comment_status":"open","ping_status":"open","sticky":false,"template":"","format":"standard","meta":[],"categories":[7],"tags":[],"_links":{"self":[{"href":"https:\/\/www.salvatorianas.org.br\/blog\/wp-json\/wp\/v2\/posts\/20667"}],"collection":[{"href":"https:\/\/www.salvatorianas.org.br\/blog\/wp-json\/wp\/v2\/posts"}],"about":[{"href":"https:\/\/www.salvatorianas.org.br\/blog\/wp-json\/wp\/v2\/types\/post"}],"author":[{"embeddable":true,"href":"https:\/\/www.salvatorianas.org.br\/blog\/wp-json\/wp\/v2\/users\/2"}],"replies":[{"embeddable":true,"href":"https:\/\/www.salvatorianas.org.br\/blog\/wp-json\/wp\/v2\/comments?post=20667"}],"version-history":[{"count":1,"href":"https:\/\/www.salvatorianas.org.br\/blog\/wp-json\/wp\/v2\/posts\/20667\/revisions"}],"predecessor-version":[{"id":20669,"href":"https:\/\/www.salvatorianas.org.br\/blog\/wp-json\/wp\/v2\/posts\/20667\/revisions\/20669"}],"wp:featuredmedia":[{"embeddable":true,"href":"https:\/\/www.salvatorianas.org.br\/blog\/wp-json\/wp\/v2\/media\/20668"}],"wp:attachment":[{"href":"https:\/\/www.salvatorianas.org.br\/blog\/wp-json\/wp\/v2\/media?parent=20667"}],"wp:term":[{"taxonomy":"category","embeddable":true,"href":"https:\/\/www.salvatorianas.org.br\/blog\/wp-json\/wp\/v2\/categories?post=20667"},{"taxonomy":"post_tag","embeddable":true,"href":"https:\/\/www.salvatorianas.org.br\/blog\/wp-json\/wp\/v2\/tags?post=20667"}],"curies":[{"name":"wp","href":"https:\/\/api.w.org\/{rel}","templated":true}]}}