{"id":20632,"date":"2023-07-27T01:02:00","date_gmt":"2023-07-27T01:02:00","guid":{"rendered":"https:\/\/www.salvatorianas.org.br\/blog\/?p=20632"},"modified":"2023-07-26T17:05:13","modified_gmt":"2023-07-26T17:05:13","slug":"16a-semana-do-tempo-comum-ano-impar-i-2","status":"publish","type":"post","link":"https:\/\/www.salvatorianas.org.br\/blog\/16a-semana-do-tempo-comum-ano-impar-i-2\/","title":{"rendered":"16\u00aa Semana do Tempo Comum, Ano \u00cdmpar (I)"},"content":{"rendered":"\n<p>\u00c9 Deus quem me ajuda, \u00e9 o Senhor quem defende a minha vida. Senhor, de todo o cora\u00e7\u00e3o hei de vos oferecer o sacrif\u00edcio e dar gra\u00e7as ao vosso nome, porque sois bom (Sl 53,6.8).<\/p>\n\n\n\n<p><em>Na B\u00edblia, a montanha \u00e9 o lugar em que o Senhor se revela. Subir ao monte pode significar o itiner\u00e1rio espiritual que toda pessoa necessita percorrer rumo \u00e0 Fonte da liberdade e da vida. Entremos nesse processo de convers\u00e3o, acolhendo e celebrando os mist\u00e9rios de Deus e de seu Reino.<\/em><\/p>\n\n\n\n<p>Primeira Leitura:&nbsp;<strong>\u00caxodo 19,1-2.9-11.16-20<\/strong><\/p>\n\n\n\n<p>Leitura do livro do \u00caxodo \u2013&nbsp;<sup>1<\/sup>No dia em que se cumpriam tr\u00eas meses da sa\u00edda do Egito, Israel chegou ao deserto do Sinai.&nbsp;<sup>2<\/sup>Partindo de Rafidim, chegaram ao deserto do Sinai, onde acamparam. Israel armou ali suas tendas, defronte da montanha.&nbsp;<sup>9<\/sup>E o Senhor falou a Mois\u00e9s: \u201cVirei a ti numa nuvem escura, para que o povo ou\u00e7a quando eu falar contigo e creia sempre em ti\u201d.&nbsp;<sup>10<\/sup>Tendo Mois\u00e9s transmitido ao Senhor as palavras do povo, o Senhor lhe disse: \u201cVai ao povo e santifica-os hoje e amanh\u00e3. Eles devem lavar as suas vestes&nbsp;<sup>11<\/sup>e estar prontos para o terceiro dia, pois nesse dia o Senhor descer\u00e1 diante de todo o povo sobre a montanha do Sinai\u201d.&nbsp;<sup>16<\/sup>Quando chegou o terceiro dia, ao raiar da manh\u00e3, houve trov\u00f5es e rel\u00e2mpagos. Uma nuvem espessa cobriu a montanha, e um fort\u00edssimo som de trombetas se fez ouvir. No acampamento o povo se p\u00f4s a tremer.&nbsp;<sup>17<\/sup>Mois\u00e9s fez o povo sair do acampamento ao encontro de Deus, e eles pararam ao p\u00e9 da montanha.&nbsp;<sup>18<\/sup>Todo o monte Sinai fumegava, pois o Senhor descera sobre ele em meio ao fogo. A fuma\u00e7a subia como de uma fornalha, e todo o monte tremia violentamente.&nbsp;<sup>19<\/sup>O som da trombeta ia aumentando cada vez mais. Mois\u00e9s falava e o Senhor lhe respondia atrav\u00e9s do trov\u00e3o.&nbsp;<sup>20<\/sup>O Senhor desceu sobre o monte Sinai e chamou Mois\u00e9s ao cume do monte. E Mois\u00e9s subiu. \u2013 Palavra do Senhor.<\/p>\n\n\n\n<p>Salmo Responsorial:&nbsp;<strong>Dn 3<\/strong><\/p>\n\n\n\n<p><strong><em>A v\u00f3s louvor, honra e gl\u00f3ria eternamente!<\/em><\/strong><\/p>\n\n\n\n<p>1. Sede bendito, Senhor Deus de nossos pais.&nbsp;\/&nbsp;A v\u00f3s louvor, honra e gl\u00f3ria eternamente!&nbsp;\/&nbsp;Sede bendito, nome santo e glorioso.&nbsp;\/&nbsp;A v\u00f3s louvor, honra e gl\u00f3ria eternamente!&nbsp;\u2013 R.<\/p>\n\n\n\n<p>2. No templo santo onde refulge a vossa gl\u00f3ria.&nbsp;\/&nbsp;A v\u00f3s louvor, honra e gl\u00f3ria eternamente!&nbsp;\/&nbsp;E em vosso trono de poder vitorioso.&nbsp;\/&nbsp;A v\u00f3s louvor, honra e gl\u00f3ria eternamente!&nbsp;\u2013 R.<\/p>\n\n\n\n<p>3. Sede bendito, que sondais as profundezas.&nbsp;\/&nbsp;A v\u00f3s louvor, honra e gl\u00f3ria eternamente!&nbsp;\/&nbsp;E superior aos querubins vos assentais.&nbsp;\/&nbsp;A v\u00f3s louvor, honra e gl\u00f3ria eternamente!&nbsp;\u2013 R.<\/p>\n\n\n\n<p>4. Sede bendito no celeste firmamento.&nbsp;\/&nbsp;A v\u00f3s louvor, honra e gl\u00f3ria eternamente!&nbsp;\u2013 R.<\/p>\n\n\n\n<p>5. Obras todas do Senhor, glorificai-o.&nbsp;\/&nbsp;A ele louvor, honra e gl\u00f3ria eternamente!&nbsp;\u2013 R.<\/p>\n\n\n\n<p>Evangelho:&nbsp;<strong>Mateus 13,10-17<\/strong><\/p>\n\n\n\n<p><strong><em>Aleluia, aleluia, aleluia.<\/em><\/strong><\/p>\n\n\n\n<p><strong>Gra\u00e7as te dou, \u00f3 Pai,&nbsp;\/&nbsp;Senhor do c\u00e9u e da terra,&nbsp;\/&nbsp;pois revelaste os mist\u00e9rios do teu Reino aos pequeninos,&nbsp;\/&nbsp;escondendo-os aos doutores! (Mt 11,25)&nbsp;\u2013 R.<\/strong><\/p>\n\n\n\n<p>Proclama\u00e7\u00e3o do Evangelho de Jesus Cristo segundo Mateus \u2013 Naquele tempo,&nbsp;<sup>10<\/sup>os disc\u00edpulos aproximaram-se e disseram a Jesus: \u201cPor que tu falas ao povo em par\u00e1bolas?\u201d&nbsp;<sup>11<\/sup>Jesus respondeu: \u201cPorque a v\u00f3s foi dado o conhecimento dos mist\u00e9rios do Reino dos C\u00e9us, mas a eles n\u00e3o \u00e9 dado.&nbsp;<sup>12<\/sup>Pois \u00e0 pessoa que tem ser\u00e1 dado ainda mais, e ter\u00e1 em abund\u00e2ncia; mas \u00e0 pessoa que n\u00e3o tem ser\u00e1 tirado at\u00e9 o pouco que tem.&nbsp;<sup>13<\/sup>\u00c9 por isso que eu lhes falo em par\u00e1bolas: porque, olhando, eles n\u00e3o veem e, ouvindo, eles n\u00e3o escutam nem compreendem.&nbsp;<sup>14<\/sup>Desse modo se cumpre neles a profecia de Isa\u00edas: \u2018Havereis de ouvir sem nada entender. Havereis de olhar sem nada ver.&nbsp;<sup>15<\/sup>Porque o cora\u00e7\u00e3o deste povo se tornou insens\u00edvel. Eles ouviram com m\u00e1 vontade e fecharam seus olhos para n\u00e3o ver com os olhos, nem ouvir com os ouvidos, nem compreender com o cora\u00e7\u00e3o, de modo que se convertam e eu os cure\u2019.&nbsp;<sup>16<\/sup>Felizes sois v\u00f3s, porque vossos olhos veem e vossos ouvidos ouvem.&nbsp;<sup>17<\/sup>Em verdade vos digo, muitos profetas e justos desejaram ver o que vedes e n\u00e3o viram, desejaram ouvir o que ouvis e n\u00e3o ouviram\u201d. \u2013 Palavra da salva\u00e7\u00e3o.<\/p>\n\n\n\n<p>Reflex\u00e3o:<\/p>\n\n\n\n<p><em>\u201cO cora\u00e7\u00e3o deste povo ficou insens\u00edvel.\u201d Essa cita\u00e7\u00e3o de Isa\u00edas parece resumir a passagem evang\u00e9lica que estamos meditando. Jesus a utiliza para mostrar como as multid\u00f5es (os de fora) n\u00e3o t\u00eam as disposi\u00e7\u00f5es necess\u00e1rias para compreender sua mensagem e menos ainda para aderir \u00e0 proposta do Reino de Deus. Muitos est\u00e3o ao redor de Jesus por mera curiosidade, para verem seus prod\u00edgios ou por outros interesses, menos pela vontade firme de tornar-se disc\u00edpulo ou disc\u00edpula dele. Correspondem ao terreno pedregoso que n\u00e3o oferece condi\u00e7\u00e3o para a semente (a Palavra) penetrar e produzir frutos. Olhando para essa multid\u00e3o, o que Jesus percebe \u00e9 uma rejei\u00e7\u00e3o \u00e0 sua pessoa. Por isso continua investindo no grupo escolhido, os ap\u00f3stolos, aos quais \u201c\u00e9 dado conhecer os mist\u00e9rios do Reino dos c\u00e9us\u201d.<\/em><\/p>\n","protected":false},"excerpt":{"rendered":"<p>\u00c9 Deus quem me ajuda, \u00e9 o Senhor quem defende a minha vida. Senhor, de todo o cora\u00e7\u00e3o hei de vos oferecer o sacrif\u00edcio e dar gra\u00e7as ao vosso nome, porque sois bom&#8230;<\/p>\n","protected":false},"author":2,"featured_media":20634,"comment_status":"open","ping_status":"open","sticky":false,"template":"","format":"standard","meta":[],"categories":[7],"tags":[],"_links":{"self":[{"href":"https:\/\/www.salvatorianas.org.br\/blog\/wp-json\/wp\/v2\/posts\/20632"}],"collection":[{"href":"https:\/\/www.salvatorianas.org.br\/blog\/wp-json\/wp\/v2\/posts"}],"about":[{"href":"https:\/\/www.salvatorianas.org.br\/blog\/wp-json\/wp\/v2\/types\/post"}],"author":[{"embeddable":true,"href":"https:\/\/www.salvatorianas.org.br\/blog\/wp-json\/wp\/v2\/users\/2"}],"replies":[{"embeddable":true,"href":"https:\/\/www.salvatorianas.org.br\/blog\/wp-json\/wp\/v2\/comments?post=20632"}],"version-history":[{"count":1,"href":"https:\/\/www.salvatorianas.org.br\/blog\/wp-json\/wp\/v2\/posts\/20632\/revisions"}],"predecessor-version":[{"id":20633,"href":"https:\/\/www.salvatorianas.org.br\/blog\/wp-json\/wp\/v2\/posts\/20632\/revisions\/20633"}],"wp:featuredmedia":[{"embeddable":true,"href":"https:\/\/www.salvatorianas.org.br\/blog\/wp-json\/wp\/v2\/media\/20634"}],"wp:attachment":[{"href":"https:\/\/www.salvatorianas.org.br\/blog\/wp-json\/wp\/v2\/media?parent=20632"}],"wp:term":[{"taxonomy":"category","embeddable":true,"href":"https:\/\/www.salvatorianas.org.br\/blog\/wp-json\/wp\/v2\/categories?post=20632"},{"taxonomy":"post_tag","embeddable":true,"href":"https:\/\/www.salvatorianas.org.br\/blog\/wp-json\/wp\/v2\/tags?post=20632"}],"curies":[{"name":"wp","href":"https:\/\/api.w.org\/{rel}","templated":true}]}}