{"id":20629,"date":"2023-07-25T11:32:23","date_gmt":"2023-07-25T11:32:23","guid":{"rendered":"https:\/\/www.salvatorianas.org.br\/blog\/?p=20629"},"modified":"2023-07-25T11:32:24","modified_gmt":"2023-07-25T11:32:24","slug":"formacao-liam-da-pastoral-da-juventude","status":"publish","type":"post","link":"https:\/\/www.salvatorianas.org.br\/blog\/formacao-liam-da-pastoral-da-juventude\/","title":{"rendered":"Forma\u00e7\u00e3o LIAM da Pastoral da Juventude"},"content":{"rendered":"\n<p>A PJ da diocese de Humait\u00e1-AM, realizou nos dias 21, 22 e 23 de julho uma forma\u00e7\u00e3o em prepara\u00e7\u00e3o de novos l\u00edderes de grupos de base. Contou com a colabora\u00e7\u00e3o da equipe de assessores diocesanos da pastoral e membros de grupos para conduzir esse momento hist\u00f3rico em que celebramos os 50 anos da PJ. Despertando esse chamado no cora\u00e7\u00e3o dos jovens, homens e mulheres, a evangelizar nesse solo amaz\u00f4nico. Com f\u00e9, esperan\u00e7a e amor.<br>&#8220;Uma s\u00f3 for\u00e7a, um s\u00f3 pensamento e um s\u00f3 cora\u00e7\u00e3o&#8221;\u00a0\u2764\u00a0|\u00a0PJ\u00a0\u2764\u200d<\/p>\n\n\n\n<div class=\"wp-block-media-text alignwide is-stacked-on-mobile\"><figure class=\"wp-block-media-text__media\"><video controls src=\"https:\/\/www.salvatorianas.org.br\/blog\/wp-content\/uploads\/2023\/07\/Video-do-WhatsApp-de-2023-07-25-as-08.29.55.mp4\"><\/video><\/figure><div class=\"wp-block-media-text__content\">\n<p><\/p>\n<\/div><\/div>\n","protected":false},"excerpt":{"rendered":"<p>A PJ da diocese de Humait\u00e1-AM, realizou nos dias 21, 22 e 23 de julho uma forma\u00e7\u00e3o em prepara\u00e7\u00e3o de novos l\u00edderes de grupos de base. Contou com a colabora\u00e7\u00e3o da equipe de&#8230;<\/p>\n","protected":false},"author":2,"featured_media":0,"comment_status":"open","ping_status":"open","sticky":false,"template":"","format":"standard","meta":[],"categories":[1],"tags":[],"_links":{"self":[{"href":"https:\/\/www.salvatorianas.org.br\/blog\/wp-json\/wp\/v2\/posts\/20629"}],"collection":[{"href":"https:\/\/www.salvatorianas.org.br\/blog\/wp-json\/wp\/v2\/posts"}],"about":[{"href":"https:\/\/www.salvatorianas.org.br\/blog\/wp-json\/wp\/v2\/types\/post"}],"author":[{"embeddable":true,"href":"https:\/\/www.salvatorianas.org.br\/blog\/wp-json\/wp\/v2\/users\/2"}],"replies":[{"embeddable":true,"href":"https:\/\/www.salvatorianas.org.br\/blog\/wp-json\/wp\/v2\/comments?post=20629"}],"version-history":[{"count":1,"href":"https:\/\/www.salvatorianas.org.br\/blog\/wp-json\/wp\/v2\/posts\/20629\/revisions"}],"predecessor-version":[{"id":20631,"href":"https:\/\/www.salvatorianas.org.br\/blog\/wp-json\/wp\/v2\/posts\/20629\/revisions\/20631"}],"wp:attachment":[{"href":"https:\/\/www.salvatorianas.org.br\/blog\/wp-json\/wp\/v2\/media?parent=20629"}],"wp:term":[{"taxonomy":"category","embeddable":true,"href":"https:\/\/www.salvatorianas.org.br\/blog\/wp-json\/wp\/v2\/categories?post=20629"},{"taxonomy":"post_tag","embeddable":true,"href":"https:\/\/www.salvatorianas.org.br\/blog\/wp-json\/wp\/v2\/tags?post=20629"}],"curies":[{"name":"wp","href":"https:\/\/api.w.org\/{rel}","templated":true}]}}