{"id":20619,"date":"2023-07-25T10:48:03","date_gmt":"2023-07-25T10:48:03","guid":{"rendered":"https:\/\/www.salvatorianas.org.br\/blog\/?p=20619"},"modified":"2023-07-25T10:48:04","modified_gmt":"2023-07-25T10:48:04","slug":"rede-um-grito-pela-vida","status":"publish","type":"post","link":"https:\/\/www.salvatorianas.org.br\/blog\/rede-um-grito-pela-vida\/","title":{"rendered":"REDE UM GRITO PELA VIDA\u00a0"},"content":{"rendered":"\n<figure class=\"wp-block-image size-large is-resized\"><img decoding=\"async\" loading=\"lazy\" src=\"https:\/\/www.salvatorianas.org.br\/blog\/wp-content\/uploads\/2023\/07\/0-1024x683.jpg\" alt=\"\" class=\"wp-image-20620\" width=\"840\" height=\"560\" srcset=\"https:\/\/www.salvatorianas.org.br\/blog\/wp-content\/uploads\/2023\/07\/0-1024x683.jpg 1024w, https:\/\/www.salvatorianas.org.br\/blog\/wp-content\/uploads\/2023\/07\/0-300x200.jpg 300w, https:\/\/www.salvatorianas.org.br\/blog\/wp-content\/uploads\/2023\/07\/0-768x512.jpg 768w, https:\/\/www.salvatorianas.org.br\/blog\/wp-content\/uploads\/2023\/07\/0-1536x1024.jpg 1536w, https:\/\/www.salvatorianas.org.br\/blog\/wp-content\/uploads\/2023\/07\/0-2048x1365.jpg 2048w\" sizes=\"(max-width: 840px) 100vw, 840px\" \/><\/figure>\n\n\n\n<p>O m\u00eas de julho \u00e9 dedicado \u00e0 Campanha Cora\u00e7\u00e3o Azul. No dia 30 de Julho vivenciamos o Dia Mundial de Combate ao Tr\u00e1fico de Pessoas.&nbsp;<\/p>\n\n\n\n<p>Tendo presentes as motiva\u00e7\u00f5es dessas datas, o N\u00facleo da Rede Um Grito pela Vida do Regional Curitiba-PR, realizou, no dia 15 de julho, na Par\u00f3quia Santo Ant\u00f4nio, S\u00e3o Jos\u00e9 dos Pinhais-PR, com apoio do P\u00e1roco, Pe. C\u00e9sar A. C. de Barro (Salvatoriano), uma tarde de forma\u00e7\u00e3o para as Lideran\u00e7as Pastorais da referida Par\u00f3quia com o objetivo de conscientizar, alertar e orientar sobre o Tr\u00e1fico de Pessoas.<\/p>\n\n\n\n<p>Irm\u00e3 Marfiza M. Silva (Divina Provid\u00eancia), Coordenadora Referencial Sul II, fez assessoria com o tema: TR\u00c1FICO HUMANO, DESPERTE PARA ESTA REALIDADE. Participaram, tamb\u00e9m, pela RUGPV, as irm\u00e3s Ilva Maria Ogliari (Salvatoriana)&nbsp;e Vilma de Oliveira (S\u00e3o Jos\u00e9 de Chambery). Foi uma tarde rica e iluminadora com ora\u00e7\u00e3o, partilhas, debates, teatros, testemunhos e esclarecimentos de v\u00e1rias quest\u00f5es. Ir. Ilva Maria fez todo o processo de organiza\u00e7\u00e3o com a equipe de jovens e lideran\u00e7as da comunidade. &nbsp;<\/p>\n\n\n\n<p>Participaram do Encontro sessenta e duas pessoas. Alguns jovens e adultos tiveram uma participa\u00e7\u00e3o especial, encenando situa\u00e7\u00f5es de tr\u00e1fico humano, evidenciando o sofrimento que atinge a tantos, gerando dor, humilha\u00e7\u00e3o, explora\u00e7\u00e3o e morte.<\/p>\n\n\n\n<p>Precisamos somar for\u00e7as e dizer \u201cBASTA!\u201d a esse crime. A vida humana n\u00e3o pode continuar sendo v\u00edtima do tr\u00e1fico, motivado pela gan\u00e2ncia, pelo lucro e ego\u00edsmo de redes nacionais e internacionais que destroem os sonhos e a vida de milhares de pessoas.&nbsp;<\/p>\n\n\n\n<p>\u201c<em>Um grito pela vida, t\u00e3o sofrida, quero ouvir! Milhares de outras vozes, solid\u00e1rias, v\u00e3o se unir! N\u00e3o mais o trabalho escravo! N\u00e3o mais a explora\u00e7\u00e3o! No grito, a dor e o pranto do canto-liberta\u00e7\u00e3o!\u201d<\/em>&nbsp;<\/p>\n\n\n\n<p>Santa Bakhita, padroeira das pessoas v\u00edtimas do tr\u00e1fico humano, rogai por n\u00f3s!&nbsp;<\/p>\n\n\n\n<p>(Ir. Ilva Maria Ogliari)\u00a0<\/p>\n\n\n\n<p><\/p>\n\n\n\n<figure class=\"wp-block-image size-large\"><img decoding=\"async\" loading=\"lazy\" width=\"1024\" height=\"683\" src=\"https:\/\/www.salvatorianas.org.br\/blog\/wp-content\/uploads\/2023\/07\/1-1024x683.jpg\" alt=\"\" class=\"wp-image-20621\" srcset=\"https:\/\/www.salvatorianas.org.br\/blog\/wp-content\/uploads\/2023\/07\/1-1024x683.jpg 1024w, https:\/\/www.salvatorianas.org.br\/blog\/wp-content\/uploads\/2023\/07\/1-300x200.jpg 300w, https:\/\/www.salvatorianas.org.br\/blog\/wp-content\/uploads\/2023\/07\/1-768x512.jpg 768w, https:\/\/www.salvatorianas.org.br\/blog\/wp-content\/uploads\/2023\/07\/1-1536x1024.jpg 1536w, https:\/\/www.salvatorianas.org.br\/blog\/wp-content\/uploads\/2023\/07\/1-2048x1365.jpg 2048w\" sizes=\"(max-width: 1024px) 100vw, 1024px\" \/><\/figure>\n\n\n\n<figure class=\"wp-block-image size-large\"><img decoding=\"async\" loading=\"lazy\" width=\"1024\" height=\"683\" src=\"https:\/\/www.salvatorianas.org.br\/blog\/wp-content\/uploads\/2023\/07\/2-1024x683.jpg\" alt=\"\" class=\"wp-image-20622\" srcset=\"https:\/\/www.salvatorianas.org.br\/blog\/wp-content\/uploads\/2023\/07\/2-1024x683.jpg 1024w, https:\/\/www.salvatorianas.org.br\/blog\/wp-content\/uploads\/2023\/07\/2-300x200.jpg 300w, https:\/\/www.salvatorianas.org.br\/blog\/wp-content\/uploads\/2023\/07\/2-768x512.jpg 768w, https:\/\/www.salvatorianas.org.br\/blog\/wp-content\/uploads\/2023\/07\/2-1536x1024.jpg 1536w, https:\/\/www.salvatorianas.org.br\/blog\/wp-content\/uploads\/2023\/07\/2-2048x1365.jpg 2048w\" sizes=\"(max-width: 1024px) 100vw, 1024px\" \/><\/figure>\n\n\n\n<figure class=\"wp-block-image size-large\"><img decoding=\"async\" loading=\"lazy\" width=\"1024\" height=\"683\" src=\"https:\/\/www.salvatorianas.org.br\/blog\/wp-content\/uploads\/2023\/07\/3-1024x683.jpg\" alt=\"\" class=\"wp-image-20623\" srcset=\"https:\/\/www.salvatorianas.org.br\/blog\/wp-content\/uploads\/2023\/07\/3-1024x683.jpg 1024w, https:\/\/www.salvatorianas.org.br\/blog\/wp-content\/uploads\/2023\/07\/3-300x200.jpg 300w, https:\/\/www.salvatorianas.org.br\/blog\/wp-content\/uploads\/2023\/07\/3-768x512.jpg 768w, https:\/\/www.salvatorianas.org.br\/blog\/wp-content\/uploads\/2023\/07\/3-1536x1024.jpg 1536w, https:\/\/www.salvatorianas.org.br\/blog\/wp-content\/uploads\/2023\/07\/3-2048x1365.jpg 2048w\" sizes=\"(max-width: 1024px) 100vw, 1024px\" \/><\/figure>\n\n\n\n<figure class=\"wp-block-image size-large\"><img decoding=\"async\" loading=\"lazy\" width=\"1024\" height=\"683\" src=\"https:\/\/www.salvatorianas.org.br\/blog\/wp-content\/uploads\/2023\/07\/4-1024x683.jpg\" alt=\"\" class=\"wp-image-20624\" srcset=\"https:\/\/www.salvatorianas.org.br\/blog\/wp-content\/uploads\/2023\/07\/4-1024x683.jpg 1024w, https:\/\/www.salvatorianas.org.br\/blog\/wp-content\/uploads\/2023\/07\/4-300x200.jpg 300w, https:\/\/www.salvatorianas.org.br\/blog\/wp-content\/uploads\/2023\/07\/4-768x512.jpg 768w, https:\/\/www.salvatorianas.org.br\/blog\/wp-content\/uploads\/2023\/07\/4-1536x1024.jpg 1536w, https:\/\/www.salvatorianas.org.br\/blog\/wp-content\/uploads\/2023\/07\/4-2048x1365.jpg 2048w\" sizes=\"(max-width: 1024px) 100vw, 1024px\" \/><\/figure>\n\n\n\n<figure class=\"wp-block-image size-large\"><img decoding=\"async\" loading=\"lazy\" width=\"1024\" height=\"683\" src=\"https:\/\/www.salvatorianas.org.br\/blog\/wp-content\/uploads\/2023\/07\/5-1024x683.jpg\" alt=\"\" class=\"wp-image-20625\" srcset=\"https:\/\/www.salvatorianas.org.br\/blog\/wp-content\/uploads\/2023\/07\/5-1024x683.jpg 1024w, https:\/\/www.salvatorianas.org.br\/blog\/wp-content\/uploads\/2023\/07\/5-300x200.jpg 300w, https:\/\/www.salvatorianas.org.br\/blog\/wp-content\/uploads\/2023\/07\/5-768x512.jpg 768w, https:\/\/www.salvatorianas.org.br\/blog\/wp-content\/uploads\/2023\/07\/5-1536x1024.jpg 1536w, https:\/\/www.salvatorianas.org.br\/blog\/wp-content\/uploads\/2023\/07\/5-2048x1365.jpg 2048w\" sizes=\"(max-width: 1024px) 100vw, 1024px\" \/><\/figure>\n\n\n\n<figure class=\"wp-block-image size-large\"><img decoding=\"async\" loading=\"lazy\" width=\"683\" height=\"1024\" src=\"https:\/\/www.salvatorianas.org.br\/blog\/wp-content\/uploads\/2023\/07\/6-683x1024.jpg\" alt=\"\" class=\"wp-image-20626\" srcset=\"https:\/\/www.salvatorianas.org.br\/blog\/wp-content\/uploads\/2023\/07\/6-683x1024.jpg 683w, https:\/\/www.salvatorianas.org.br\/blog\/wp-content\/uploads\/2023\/07\/6-200x300.jpg 200w, https:\/\/www.salvatorianas.org.br\/blog\/wp-content\/uploads\/2023\/07\/6-768x1152.jpg 768w, https:\/\/www.salvatorianas.org.br\/blog\/wp-content\/uploads\/2023\/07\/6-1024x1536.jpg 1024w, https:\/\/www.salvatorianas.org.br\/blog\/wp-content\/uploads\/2023\/07\/6-1365x2048.jpg 1365w, https:\/\/www.salvatorianas.org.br\/blog\/wp-content\/uploads\/2023\/07\/6-scaled.jpg 1707w\" sizes=\"(max-width: 683px) 100vw, 683px\" \/><\/figure>\n\n\n\n<figure class=\"wp-block-image size-large\"><img decoding=\"async\" loading=\"lazy\" width=\"1024\" height=\"683\" src=\"https:\/\/www.salvatorianas.org.br\/blog\/wp-content\/uploads\/2023\/07\/7-1024x683.jpg\" alt=\"\" class=\"wp-image-20627\" srcset=\"https:\/\/www.salvatorianas.org.br\/blog\/wp-content\/uploads\/2023\/07\/7-1024x683.jpg 1024w, https:\/\/www.salvatorianas.org.br\/blog\/wp-content\/uploads\/2023\/07\/7-300x200.jpg 300w, https:\/\/www.salvatorianas.org.br\/blog\/wp-content\/uploads\/2023\/07\/7-768x512.jpg 768w, https:\/\/www.salvatorianas.org.br\/blog\/wp-content\/uploads\/2023\/07\/7-1536x1024.jpg 1536w, https:\/\/www.salvatorianas.org.br\/blog\/wp-content\/uploads\/2023\/07\/7-2048x1365.jpg 2048w\" sizes=\"(max-width: 1024px) 100vw, 1024px\" \/><\/figure>\n","protected":false},"excerpt":{"rendered":"<p>O m\u00eas de julho \u00e9 dedicado \u00e0 Campanha Cora\u00e7\u00e3o Azul. No dia 30 de Julho vivenciamos o Dia Mundial de Combate ao Tr\u00e1fico de Pessoas.&nbsp; Tendo presentes as motiva\u00e7\u00f5es dessas datas, o N\u00facleo&#8230;<\/p>\n","protected":false},"author":2,"featured_media":0,"comment_status":"open","ping_status":"open","sticky":false,"template":"","format":"standard","meta":[],"categories":[1],"tags":[],"_links":{"self":[{"href":"https:\/\/www.salvatorianas.org.br\/blog\/wp-json\/wp\/v2\/posts\/20619"}],"collection":[{"href":"https:\/\/www.salvatorianas.org.br\/blog\/wp-json\/wp\/v2\/posts"}],"about":[{"href":"https:\/\/www.salvatorianas.org.br\/blog\/wp-json\/wp\/v2\/types\/post"}],"author":[{"embeddable":true,"href":"https:\/\/www.salvatorianas.org.br\/blog\/wp-json\/wp\/v2\/users\/2"}],"replies":[{"embeddable":true,"href":"https:\/\/www.salvatorianas.org.br\/blog\/wp-json\/wp\/v2\/comments?post=20619"}],"version-history":[{"count":1,"href":"https:\/\/www.salvatorianas.org.br\/blog\/wp-json\/wp\/v2\/posts\/20619\/revisions"}],"predecessor-version":[{"id":20628,"href":"https:\/\/www.salvatorianas.org.br\/blog\/wp-json\/wp\/v2\/posts\/20619\/revisions\/20628"}],"wp:attachment":[{"href":"https:\/\/www.salvatorianas.org.br\/blog\/wp-json\/wp\/v2\/media?parent=20619"}],"wp:term":[{"taxonomy":"category","embeddable":true,"href":"https:\/\/www.salvatorianas.org.br\/blog\/wp-json\/wp\/v2\/categories?post=20619"},{"taxonomy":"post_tag","embeddable":true,"href":"https:\/\/www.salvatorianas.org.br\/blog\/wp-json\/wp\/v2\/tags?post=20619"}],"curies":[{"name":"wp","href":"https:\/\/api.w.org\/{rel}","templated":true}]}}