{"id":20612,"date":"2023-07-25T01:24:00","date_gmt":"2023-07-25T01:24:00","guid":{"rendered":"https:\/\/www.salvatorianas.org.br\/blog\/?p=20612"},"modified":"2023-07-24T19:33:54","modified_gmt":"2023-07-24T19:33:54","slug":"sao-tiago-apostolo-festa-ano-a","status":"publish","type":"post","link":"https:\/\/www.salvatorianas.org.br\/blog\/sao-tiago-apostolo-festa-ano-a\/","title":{"rendered":"S\u00e3o Tiago, Ap\u00f3stolo, Festa, Ano A"},"content":{"rendered":"\n<p>Andando ao longo do mar da Galileia, Jesus viu Tiago, filho de Zebedeu, e Jo\u00e3o, seu irm\u00e3o, que consertavam suas redes. E ele os chamou (Mt 4,18.21).<\/p>\n\n\n\n<p><em>Tiago, o Maior, era filho de Zebedeu e irm\u00e3o do ap\u00f3stolo Jo\u00e3o. Chamado pelo Mestre enquanto pescava com o pai e o irm\u00e3o, recebeu a miss\u00e3o de ser \u201cpescador de gente\u201d. Participou intensamente da vida p\u00fablica do Senhor, tornando-se testemunha de v\u00e1rios milagres e acontecimentos, como a cura da sogra de Pedro, a transfigura\u00e7\u00e3o, a ressurrei\u00e7\u00e3o da filha de Jairo e a agonia de Jesus no horto das Oliveiras. \u00c9 o primeiro ap\u00f3stolo a derramar seu sangue pela f\u00e9 em Cristo. A seu exemplo, abandonemo-nos nas m\u00e3os de Deus com renovada confian\u00e7a e singular esperan\u00e7a.<\/em><\/p>\n\n\n\n<p>Primeira Leitura:&nbsp;<strong>2 Cor\u00edntios 4,7-15<\/strong><\/p>\n\n\n\n<p>Leitura da segunda carta de S\u00e3o Paulo aos Cor\u00edntios \u2013 Irm\u00e3os,&nbsp;<sup>7<\/sup>trazemos esse tesouro em vasos de barro, para que todos reconhe\u00e7am que esse poder extraordin\u00e1rio vem de Deus e n\u00e3o de n\u00f3s.&nbsp;<sup>8<\/sup>Somos afligidos de todos os lados, mas n\u00e3o vencidos pela ang\u00fastia; postos entre os maiores apuros, mas sem perder a esperan\u00e7a;&nbsp;<sup>9<\/sup>perseguidos, mas n\u00e3o desamparados; derrubados, mas n\u00e3o aniquilados;&nbsp;<sup>10<\/sup>por toda parte e sempre, levamos em n\u00f3s mesmos os sofrimentos mortais de Jesus, para que tamb\u00e9m a vida de Jesus seja manifestada em nossos corpos.&nbsp;<sup>11<\/sup>De fato, n\u00f3s, os vivos, somos continuamente entregues \u00e0 morte por causa de Jesus, para que tamb\u00e9m a vida de Jesus seja manifestada em nossa natureza mortal.&nbsp;<sup>12<\/sup>Assim, a morte age em n\u00f3s, enquanto a vida age em v\u00f3s.&nbsp;<sup>13<\/sup>Mas, sustentados pelo mesmo esp\u00edrito de f\u00e9, conforme o que est\u00e1 escrito: \u201cEu creio e, por isso, falei\u201d, n\u00f3s tamb\u00e9m cremos e, por isso, falamos,&nbsp;<sup>14<\/sup>certos de que aquele que ressuscitou o Senhor Jesus nos ressuscitar\u00e1 tamb\u00e9m com Jesus e nos colocar\u00e1 ao seu lado, juntamente convosco.&nbsp;<sup>15<\/sup>E tudo isso \u00e9 por causa de v\u00f3s, para que a abund\u00e2ncia da gra\u00e7a em um n\u00famero maior de pessoas fa\u00e7a crescer a a\u00e7\u00e3o de gra\u00e7as para a gl\u00f3ria de Deus. \u2013 Palavra do Senhor.<\/p>\n\n\n\n<p>Salmo Responsorial:&nbsp;<strong>125(126)<\/strong><\/p>\n\n\n\n<p><em><strong>Os que lan\u00e7am as sementes entre l\u00e1grimas&nbsp;\/&nbsp;ceifar\u00e3o com alegria.<\/strong><\/em><\/p>\n\n\n\n<p>1. Quando o Senhor reconduziu nossos cativos,&nbsp;\/&nbsp;parec\u00edamos sonhar;&nbsp;\/&nbsp;encheu-se de sorriso nossa boca,&nbsp;\/&nbsp;nossos l\u00e1bios, de can\u00e7\u00f5es.&nbsp;\u2013 R.<\/p>\n\n\n\n<p>2. Entre os gentios se dizia: \u201cMaravilhas&nbsp;\/&nbsp;fez com eles o Senhor!\u201d&nbsp;\/&nbsp;Sim, maravilhas fez conosco o Senhor,&nbsp;\/&nbsp;exultemos de alegria!&nbsp;\u2013 R.<\/p>\n\n\n\n<p>3. Mudai a nossa sorte, \u00f3 Senhor,&nbsp;\/&nbsp;como torrentes no deserto.&nbsp;\/&nbsp;Os que lan\u00e7am as sementes entre l\u00e1grimas&nbsp;\/&nbsp;ceifar\u00e3o com alegria.&nbsp;\u2013 R.<\/p>\n\n\n\n<p>4. Chorando de tristeza, sair\u00e3o,&nbsp;\/&nbsp;espalhando suas sementes;&nbsp;\/&nbsp;cantando de alegria, voltar\u00e3o,&nbsp;\/&nbsp;carregando os seus feixes!&nbsp;\u2013 R.<\/p>\n\n\n\n<p>Evangelho:&nbsp;<strong>Mateus 20,20-28<\/strong><\/p>\n\n\n\n<p><strong><em>Aleluia, aleluia, aleluia.<\/em><\/strong><\/p>\n\n\n\n<p><strong>Eu vos designei para que vades e deis frutos,&nbsp;\/&nbsp;e o vosso fruto permane\u00e7a, assim disse o Senhor (Jo 15,16).&nbsp;\u2013 R.<\/strong><\/p>\n\n\n\n<p>Proclama\u00e7\u00e3o do Evangelho de Jesus Cristo segundo Mateus \u2013 Naquele tempo,&nbsp;<sup>20<\/sup>a m\u00e3e dos filhos de Zebedeu aproximou-se de Jesus com seus filhos e ajoelhou-se com a inten\u00e7\u00e3o de fazer um pedido.&nbsp;<sup>21<\/sup>Jesus perguntou: \u201cO que tu queres?\u201d Ela respondeu: \u201cManda que estes meus dois filhos se sentem, no teu Reino, um \u00e0 tua direita e outro \u00e0 tua esquerda\u201d.&nbsp;<sup>22<\/sup>Jesus, ent\u00e3o, respondeu-lhes: \u201cN\u00e3o sabeis o que estais pedindo. Por acaso podeis beber o c\u00e1lice que eu vou beber?\u201d Eles responderam: \u201cPodemos\u201d.&nbsp;<sup>23<\/sup>Ent\u00e3o Jesus lhes disse: \u201cDe fato, v\u00f3s bebereis do meu c\u00e1lice, mas n\u00e3o depende de mim conceder o lugar \u00e0 minha direita ou \u00e0 minha esquerda. Meu Pai \u00e9 quem dar\u00e1 esses lugares \u00e0queles para os quais ele os preparou\u201d.&nbsp;<sup>24<\/sup>Quando os outros dez disc\u00edpulos ouviram isso, ficaram irritados contra os dois irm\u00e3os.&nbsp;<sup>25<\/sup>Jesus, por\u00e9m, chamou-os e disse: \u201cV\u00f3s sabeis que os chefes das na\u00e7\u00f5es t\u00eam poder sobre elas e os grandes as oprimem.&nbsp;<sup>26<\/sup>Entre v\u00f3s n\u00e3o dever\u00e1 ser assim. Quem quiser tornar-se grande torne-se vosso servidor;&nbsp;<sup>27<\/sup>quem quiser ser o primeiro seja vosso servo.&nbsp;<sup>28<\/sup>Pois o Filho do Homem n\u00e3o veio para ser servido, mas para servir e dar a sua vida como resgate em favor de muitos\u201d. \u2013 Palavra da salva\u00e7\u00e3o.<\/p>\n\n\n\n<p>Reflex\u00e3o:<\/p>\n\n\n\n<p><em>Tiago, dito o Maior, filho de Zebedeu, foi chamado por Jesus junto com o irm\u00e3o Jo\u00e3o. Tiago, Jo\u00e3o e Pedro figuram como testemunhas privilegiadas de v\u00e1rios epis\u00f3dios da miss\u00e3o de Jesus: a cura da sogra de Pedro, a ressurrei\u00e7\u00e3o da filha de Jairo, a transfigura\u00e7\u00e3o, a agonia no horto das Oliveiras. A profecia que Jesus fizera a Tiago, prenunciando que haveria de beber com ele o c\u00e1lice do sacrif\u00edcio, realizou-se plenamente ao ser decapitado por Herodes Agripa, por volta do ano 44 (cf. At 12,1-2). Foi o primeiro ap\u00f3stolo m\u00e1rtir. Segundo antiga tradi\u00e7\u00e3o, Tiago teria sido evangelizador da Espanha. A partir do s\u00e9culo IX, S\u00e3o Tiago recebe culto extraordin\u00e1rio em Compostela, Espanha. A\u00ed erigiu-se um santu\u00e1rio que se tornou para a Europa um dos maiores lugares de peregrina\u00e7\u00e3o a partir da Idade M\u00e9dia.<\/em><\/p>\n","protected":false},"excerpt":{"rendered":"<p>Andando ao longo do mar da Galileia, Jesus viu Tiago, filho de Zebedeu, e Jo\u00e3o, seu irm\u00e3o, que consertavam suas redes. E ele os chamou (Mt 4,18.21). Tiago, o Maior, era filho de&#8230;<\/p>\n","protected":false},"author":2,"featured_media":20613,"comment_status":"open","ping_status":"open","sticky":false,"template":"","format":"standard","meta":[],"categories":[7],"tags":[],"_links":{"self":[{"href":"https:\/\/www.salvatorianas.org.br\/blog\/wp-json\/wp\/v2\/posts\/20612"}],"collection":[{"href":"https:\/\/www.salvatorianas.org.br\/blog\/wp-json\/wp\/v2\/posts"}],"about":[{"href":"https:\/\/www.salvatorianas.org.br\/blog\/wp-json\/wp\/v2\/types\/post"}],"author":[{"embeddable":true,"href":"https:\/\/www.salvatorianas.org.br\/blog\/wp-json\/wp\/v2\/users\/2"}],"replies":[{"embeddable":true,"href":"https:\/\/www.salvatorianas.org.br\/blog\/wp-json\/wp\/v2\/comments?post=20612"}],"version-history":[{"count":1,"href":"https:\/\/www.salvatorianas.org.br\/blog\/wp-json\/wp\/v2\/posts\/20612\/revisions"}],"predecessor-version":[{"id":20614,"href":"https:\/\/www.salvatorianas.org.br\/blog\/wp-json\/wp\/v2\/posts\/20612\/revisions\/20614"}],"wp:featuredmedia":[{"embeddable":true,"href":"https:\/\/www.salvatorianas.org.br\/blog\/wp-json\/wp\/v2\/media\/20613"}],"wp:attachment":[{"href":"https:\/\/www.salvatorianas.org.br\/blog\/wp-json\/wp\/v2\/media?parent=20612"}],"wp:term":[{"taxonomy":"category","embeddable":true,"href":"https:\/\/www.salvatorianas.org.br\/blog\/wp-json\/wp\/v2\/categories?post=20612"},{"taxonomy":"post_tag","embeddable":true,"href":"https:\/\/www.salvatorianas.org.br\/blog\/wp-json\/wp\/v2\/tags?post=20612"}],"curies":[{"name":"wp","href":"https:\/\/api.w.org\/{rel}","templated":true}]}}