{"id":20596,"date":"2023-07-24T01:48:00","date_gmt":"2023-07-24T01:48:00","guid":{"rendered":"https:\/\/www.salvatorianas.org.br\/blog\/?p=20596"},"modified":"2023-07-19T16:50:53","modified_gmt":"2023-07-19T16:50:53","slug":"16a-semana-do-tempo-comum-ano-impar-i","status":"publish","type":"post","link":"https:\/\/www.salvatorianas.org.br\/blog\/16a-semana-do-tempo-comum-ano-impar-i\/","title":{"rendered":"16\u00aa Semana do Tempo Comum, Ano \u00cdmpar (I)"},"content":{"rendered":"\n<p>\u00c9 Deus quem me ajuda, \u00e9 o Senhor quem defende a minha vida. Senhor, de todo o cora\u00e7\u00e3o hei de vos oferecer o sacrif\u00edcio e dar gra\u00e7as ao vosso nome, porque sois bom (Sl 53,6.8).<\/p>\n\n\n\n<p><em>Mesmo diante de obst\u00e1culos que parecem insuper\u00e1veis, somos convidados a depositar total confian\u00e7a em Deus, com base nas palavras da liturgia: \u201cO Senhor combater\u00e1 por v\u00f3s, e v\u00f3s, ficai tranquilos\u201d. Cantemos ao Senhor, que, dia a dia, acompanha nossa vida com sinais do seu amor.<\/em><\/p>\n\n\n\n<p>Primeira Leitura:&nbsp;<strong>\u00caxodo 14,5-18<\/strong><\/p>\n\n\n\n<p>Leitura do livro do \u00caxodo \u2013 Naqueles dias,&nbsp;<sup>5<\/sup>foi anunciado ao rei dos eg\u00edpcios que o povo tinha fugido. Ent\u00e3o, mudaram-se contra ele os sentimentos do fara\u00f3 e dos seus servos, os quais disseram: \u201cQue fizemos? Como deixamos Israel escapar, privando-nos assim dos seus servi\u00e7os?\u201d&nbsp;<sup>6<\/sup>O fara\u00f3 mandou atrelar o seu carro e levou consigo o seu povo.&nbsp;<sup>7<\/sup>Tomou seiscentos carros escolhidos e todos os carros do Egito, com os respectivos escudeiros.&nbsp;<sup>8<\/sup>O Senhor endureceu o cora\u00e7\u00e3o do fara\u00f3, rei do Egito, que foi no encal\u00e7o dos filhos de Israel, enquanto estes tinham sa\u00eddo de bra\u00e7o erguido.&nbsp;<sup>9<\/sup>Os eg\u00edpcios perseguiram os filhos de Israel com todos os cavalos e carros do fara\u00f3, seus cavaleiros e seu ex\u00e9rcito, e encontraram-nos acampados junto do mar, perto de Fiairot, defronte de Beel-Sefon.&nbsp;<sup>10<\/sup>Como o fara\u00f3 se aproximasse, levantando os olhos, os filhos de Israel viram os eg\u00edpcios \u00e0s suas costas. Aterrorizados, eles clamaram ao Senhor.&nbsp;<sup>11<\/sup>E disseram a Mois\u00e9s: \u201cFoi por n\u00e3o haver sepulturas no Egito que tu nos trouxeste para morrermos no deserto? De que nos valeu ter sido tirados do Egito?&nbsp;<sup>12<\/sup>N\u00e3o era isto que te diz\u00edamos l\u00e1: \u2018Deixa-nos em paz servir os eg\u00edpcios\u2019? Porque era muito melhor servir aos eg\u00edpcios do que morrer no deserto\u201d.&nbsp;<sup>13<\/sup>Mois\u00e9s disse ao povo: \u201cN\u00e3o temais! Permanecei firmes e vereis o que o Senhor far\u00e1 hoje para vos salvar; os eg\u00edpcios, que hoje estais vendo, nunca mais os tornareis a ver.<sup>&nbsp;14<\/sup>O Senhor combater\u00e1 por v\u00f3s, e v\u00f3s, ficai tranquilos\u201d.&nbsp;<sup>15<\/sup>O Senhor disse a Mois\u00e9s: \u201cPor que clamas a mim por socorro? Dize aos filhos de Israel que se ponham em marcha.&nbsp;<sup>16<\/sup>Quanto a ti, ergue a vara, estende o bra\u00e7o sobre o mar e divide-o, para que os filhos de Israel caminhem em seco pelo meio do mar.&nbsp;<sup>17<\/sup>De minha parte, endurecerei o cora\u00e7\u00e3o dos eg\u00edpcios, para que sigam atr\u00e1s deles, e eu serei glorificado \u00e0s custas do fara\u00f3 e de todo o seu ex\u00e9rcito, dos seus carros e cavaleiros.&nbsp;<sup>18<\/sup>E os eg\u00edpcios saber\u00e3o que eu sou o Senhor, quando eu for glorificado \u00e0s custas do fara\u00f3, dos seus carros e cavaleiros\u201d. \u2013 Palavra do Senhor.<\/p>\n\n\n\n<p>Salmo Responsorial:&nbsp;<strong>Ex 15<\/strong><\/p>\n\n\n\n<p><em><strong>Ao Senhor quero cantar, pois fez brilhar a sua gl\u00f3ria!<\/strong><\/em><\/p>\n\n\n\n<p>1. Ao Senhor quero cantar, pois fez brilhar a sua gl\u00f3ria:&nbsp;\/&nbsp;precipitou no mar Vermelho o cavalo e o cavaleiro!&nbsp;\/&nbsp;O Senhor \u00e9 minha for\u00e7a, \u00e9 a raz\u00e3o do meu cantar,&nbsp;\u2020&nbsp;pois foi ele, neste dia, para mim liberta\u00e7\u00e3o!&nbsp;\/&nbsp;Ele \u00e9 meu Deus e o louvarei, Deus de meu pai e o honrarei.&nbsp;\u2013 R.<\/p>\n\n\n\n<p>2. O Senhor \u00e9 um Deus guerreiro, o seu nome \u00e9 \u201conipotente\u201d:&nbsp;\u2020&nbsp;os soldados e os carros do fara\u00f3 jogou no mar.&nbsp;\/&nbsp;Seus melhores capit\u00e3es afogou no mar Vermelho.&nbsp;\u2013 R.<\/p>\n\n\n\n<p>3. Afundaram como pedras e as ondas os cobriram.&nbsp;\u2020&nbsp;\u00d3 Senhor, o vosso bra\u00e7o \u00e9 duma for\u00e7a insuper\u00e1vel!&nbsp;\/&nbsp;\u00d3 Senhor, o vosso bra\u00e7o esmigalhou os inimigos!&nbsp;\u2013 R.<\/p>\n\n\n\n<p>Evangelho:&nbsp;<strong>Mateus 12,38-42<\/strong><\/p>\n\n\n\n<p><strong><em>Aleluia, aleluia, aleluia.<\/em><\/strong><\/p>\n\n\n\n<p><strong>Oxal\u00e1 ouv\u00edsseis hoje a sua voz:&nbsp;\/&nbsp;N\u00e3o fecheis os cora\u00e7\u00f5es como em Meriba! (Sl 94,8)&nbsp;\u2013 R.<\/strong><\/p>\n\n\n\n<p>Proclama\u00e7\u00e3o do Evangelho de Jesus Cristo segundo Mateus \u2013 Naquele tempo,<sup>&nbsp;38<\/sup>alguns mestres da Lei e fariseus disseram a Jesus: \u201cMestre, queremos ver um sinal realizado por ti\u201d.&nbsp;<sup>39<\/sup>Jesus respondeu-lhes: \u201cUma gera\u00e7\u00e3o m\u00e1 e ad\u00faltera busca um sinal, mas nenhum sinal lhe ser\u00e1 dado, a n\u00e3o ser o sinal do profeta Jonas.&nbsp;<sup>40<\/sup>Com efeito, assim como Jonas esteve tr\u00eas dias e tr\u00eas noites no ventre da baleia, assim tamb\u00e9m o Filho do Homem estar\u00e1 tr\u00eas dias e tr\u00eas noites no seio da terra.&nbsp;<sup>41<\/sup>No dia do ju\u00edzo, os habitantes de N\u00ednive se levantar\u00e3o contra esta gera\u00e7\u00e3o e a condenar\u00e3o, porque se converteram diante da prega\u00e7\u00e3o de Jonas. E aqui est\u00e1 quem \u00e9 maior do que Jonas.&nbsp;<sup>42<\/sup>No dia do ju\u00edzo, a rainha do Sul se levantar\u00e1 contra esta gera\u00e7\u00e3o e a condenar\u00e1, porque veio dos confins da terra para ouvir a sabedoria de Salom\u00e3o, e aqui est\u00e1 quem \u00e9 maior do que Salom\u00e3o\u201d. \u2013 Palavra da salva\u00e7\u00e3o.<\/p>\n\n\n\n<p>Reflex\u00e3o:<\/p>\n\n\n\n<p><em>Alguns doutores da Lei e fariseus pedem a Jesus um sinal que d\u00ea credibilidade \u00e0 sua miss\u00e3o. Na verdade, Jesus havia realizado publicamente numerosos prod\u00edgios pelo poder do Esp\u00edrito Santo. Mas esses l\u00edderes permaneceram fechados e, por vezes, perigosos em rela\u00e7\u00e3o ao Mestre. Em sua resposta, ele evoca a figura de Jonas, que vive uma experi\u00eancia de morte, vida e an\u00fancio de salva\u00e7\u00e3o aos ninivitas. Como crit\u00e9rio habitual para obter a f\u00e9, Jesus prop\u00f5e, n\u00e3o os milagres, mas a aceita\u00e7\u00e3o de sua morte e ressurrei\u00e7\u00e3o. A morte de Cristo completada por seu sepultamento ser\u00e1, portanto, o sinal messi\u00e2nico por excel\u00eancia. A f\u00e9 nos coloca em contato com o Deus que sofreu por n\u00f3s e que hoje vive, e n\u00e3o apenas com um Deus que teve poder e fez milagres.<\/em><\/p>\n","protected":false},"excerpt":{"rendered":"<p>\u00c9 Deus quem me ajuda, \u00e9 o Senhor quem defende a minha vida. Senhor, de todo o cora\u00e7\u00e3o hei de vos oferecer o sacrif\u00edcio e dar gra\u00e7as ao vosso nome, porque sois bom&#8230;<\/p>\n","protected":false},"author":2,"featured_media":20597,"comment_status":"open","ping_status":"open","sticky":false,"template":"","format":"standard","meta":[],"categories":[7],"tags":[],"_links":{"self":[{"href":"https:\/\/www.salvatorianas.org.br\/blog\/wp-json\/wp\/v2\/posts\/20596"}],"collection":[{"href":"https:\/\/www.salvatorianas.org.br\/blog\/wp-json\/wp\/v2\/posts"}],"about":[{"href":"https:\/\/www.salvatorianas.org.br\/blog\/wp-json\/wp\/v2\/types\/post"}],"author":[{"embeddable":true,"href":"https:\/\/www.salvatorianas.org.br\/blog\/wp-json\/wp\/v2\/users\/2"}],"replies":[{"embeddable":true,"href":"https:\/\/www.salvatorianas.org.br\/blog\/wp-json\/wp\/v2\/comments?post=20596"}],"version-history":[{"count":1,"href":"https:\/\/www.salvatorianas.org.br\/blog\/wp-json\/wp\/v2\/posts\/20596\/revisions"}],"predecessor-version":[{"id":20598,"href":"https:\/\/www.salvatorianas.org.br\/blog\/wp-json\/wp\/v2\/posts\/20596\/revisions\/20598"}],"wp:featuredmedia":[{"embeddable":true,"href":"https:\/\/www.salvatorianas.org.br\/blog\/wp-json\/wp\/v2\/media\/20597"}],"wp:attachment":[{"href":"https:\/\/www.salvatorianas.org.br\/blog\/wp-json\/wp\/v2\/media?parent=20596"}],"wp:term":[{"taxonomy":"category","embeddable":true,"href":"https:\/\/www.salvatorianas.org.br\/blog\/wp-json\/wp\/v2\/categories?post=20596"},{"taxonomy":"post_tag","embeddable":true,"href":"https:\/\/www.salvatorianas.org.br\/blog\/wp-json\/wp\/v2\/tags?post=20596"}],"curies":[{"name":"wp","href":"https:\/\/api.w.org\/{rel}","templated":true}]}}