{"id":20594,"date":"2023-07-23T01:47:00","date_gmt":"2023-07-23T01:47:00","guid":{"rendered":"https:\/\/www.salvatorianas.org.br\/blog\/?p=20594"},"modified":"2023-07-19T16:52:40","modified_gmt":"2023-07-19T16:52:40","slug":"16o-domingo-do-tempo-comum-ano-a","status":"publish","type":"post","link":"https:\/\/www.salvatorianas.org.br\/blog\/16o-domingo-do-tempo-comum-ano-a\/","title":{"rendered":"16\u00ba Domingo do Tempo Comum, Ano A"},"content":{"rendered":"\n<p>\u00c9 Deus quem me ajuda, \u00e9 o Senhor quem defende a minha vida. Senhor, de todo o cora\u00e7\u00e3o hei de vos oferecer o sacrif\u00edcio e dar gra\u00e7as ao vosso nome, porque sois bom (Sl 53,6.8).<\/p>\n\n\n\n<p><em>Na Eucaristia fazemos a experi\u00eancia da bondade e da justi\u00e7a de Deus. Paciente e misericordioso conosco, ele vem em nosso aux\u00edlio com seu Esp\u00edrito, para que o joio existente em nosso interior e \u00e0 nossa volta n\u00e3o nos desanime do an\u00fancio do seu Reino. Celebremos, agradecidos ao Senhor \u2013 que \u00e9 bom, clemente e fiel -, tendo presentes, em especial, nossos av\u00f3s e todos os idosos, neste dia a eles dedicado.<\/em><\/p>\n\n\n\n<p>Primeira Leitura:&nbsp;<strong>Sabedoria 12,13.16-19<\/strong><\/p>\n\n\n\n<p>Leitura do livro da Sabedoria \u2013&nbsp;<sup>13<\/sup>N\u00e3o h\u00e1, al\u00e9m de ti, outro Deus que cuide de todas as coisas e a quem devas mostrar que teu julgamento n\u00e3o foi injusto.&nbsp;<sup>16<\/sup>A tua for\u00e7a \u00e9 princ\u00edpio da tua justi\u00e7a, e o teu dom\u00ednio sobre todos te faz para com todos indulgente.&nbsp;<sup>17<\/sup>Mostras a tua for\u00e7a a quem n\u00e3o cr\u00ea na perfei\u00e7\u00e3o do teu poder; e nos que te conhecem, castigas o seu atrevimento.&nbsp;<sup>18<\/sup>No entanto, dominando tua pr\u00f3pria for\u00e7a, julgas com clem\u00eancia e nos governas com grande considera\u00e7\u00e3o, pois, quando quiseres, est\u00e1 ao teu alcance fazer uso do teu poder.&nbsp;<sup>19<\/sup>Assim procedendo, ensinaste ao teu povo que o justo deve ser humano; e a teus filhos deste a confortadora esperan\u00e7a de que concedes o perd\u00e3o aos pecadores. \u2013 Palavra do Senhor.<\/p>\n\n\n\n<p>Salmo Responsorial:&nbsp;<strong>85(86)<\/strong><\/p>\n\n\n\n<p><em><strong>\u00d3 Senhor, v\u00f3s sois bom, sois clemente e fiel!<\/strong><\/em><\/p>\n\n\n\n<p>1. \u00d3 Senhor, v\u00f3s sois bom e clemente,&nbsp;\/&nbsp;sois perd\u00e3o para quem vos invoca.&nbsp;\/&nbsp;Escutai, \u00f3 Senhor, minha prece,&nbsp;\/&nbsp;o lamento da minha ora\u00e7\u00e3o!&nbsp;\u2013 R.<\/p>\n\n\n\n<p>2. As na\u00e7\u00f5es que criastes vir\u00e3o&nbsp;\/&nbsp;adorar e louvar vosso nome.&nbsp;\/&nbsp;Sois t\u00e3o grande e fazeis maravilhas:&nbsp;\/&nbsp;v\u00f3s somente sois Deus e Senhor!&nbsp;\u2013 R.<\/p>\n\n\n\n<p>3. V\u00f3s, por\u00e9m, sois clemente e fiel,&nbsp;\/&nbsp;sois amor, paci\u00eancia e perd\u00e3o.&nbsp;\/&nbsp;Tende pena e olhai para mim!&nbsp;\/&nbsp;Confirmai com vigor vosso servo.&nbsp;\u2013 R.<\/p>\n\n\n\n<p>Segunda Leitura:&nbsp;<strong>Romanos 8,26-27<\/strong><\/p>\n\n\n\n<p>Leitura da carta de S\u00e3o Paulo aos Romanos \u2013 Irm\u00e3os,&nbsp;<sup>26<\/sup>o Esp\u00edrito vem em socorro da nossa fraqueza. Pois n\u00f3s n\u00e3o sabemos o que pedir nem como pedir; \u00e9 o pr\u00f3prio Esp\u00edrito que intercede em nosso favor com gemidos inef\u00e1veis.&nbsp;<sup>27<\/sup>E aquele que penetra o \u00edntimo dos cora\u00e7\u00f5es sabe qual \u00e9 a inten\u00e7\u00e3o do Esp\u00edrito. Pois \u00e9 sempre segundo Deus que o Esp\u00edrito intercede em favor dos santos. \u2013 Palavra do Senhor.<\/p>\n\n\n\n<p>Evangelho:&nbsp;<strong>Mateus 13,24-43 ou 24-30<\/strong><\/p>\n\n\n\n<p><strong>[A forma breve est\u00e1 entre colchetes.]<\/strong><\/p>\n\n\n\n<p><strong><em>Aleluia, aleluia, aleluia.<\/em><\/strong><\/p>\n\n\n\n<p><strong>Eu te louvo, \u00f3 Pai santo,&nbsp;\/&nbsp;Deus do c\u00e9u, Senhor da terra:&nbsp;\/&nbsp;os mist\u00e9rios do teu Reino&nbsp;\/&nbsp;aos pequenos, Pai, revelas! (Mt 11,25)&nbsp;\u2013 R.<\/strong><\/p>\n\n\n\n<p>Proclama\u00e7\u00e3o do Evangelho de Jesus Cristo segundo Mateus \u2013&nbsp;<strong>[<\/strong>Naquele tempo,&nbsp;<sup>24<\/sup>Jesus contou outra par\u00e1bola \u00e0 multid\u00e3o: \u201cO Reino dos C\u00e9us \u00e9 como um homem que semeou boa semente no seu campo.&nbsp;<sup>25<\/sup>Enquanto todos dormiam, veio seu inimigo, semeou joio no meio do trigo e foi embora.&nbsp;<sup>26<\/sup>Quando o trigo cresceu e as espigas come\u00e7aram a se formar, apareceu tamb\u00e9m o joio.&nbsp;<sup>27<\/sup>Os empregados foram procurar o dono e lhe disseram: \u2018Senhor, n\u00e3o semeaste boa semente no teu campo? Donde veio ent\u00e3o o joio?\u2019&nbsp;<sup>28<\/sup>O dono respondeu: \u2018Foi algum inimigo que fez isso\u2019. Os empregados lhe perguntaram: \u2018Queres que vamos arrancar o joio?\u2019&nbsp;<sup>29<\/sup>O dono respondeu: \u2018N\u00e3o! Pode acontecer que, arrancando o joio, arranqueis tamb\u00e9m o trigo.&nbsp;<sup>30<\/sup>Deixai crescer um e outro at\u00e9 a colheita! E, no tempo da colheita, direi aos que cortam o trigo: arrancai primeiro o joio e amarrai-o em feixes para ser queimado! Recolhei, por\u00e9m, o trigo no meu celeiro!&#8217;\u201d<strong>]&nbsp;<\/strong><sup>31<\/sup>Jesus contou-lhes outra par\u00e1bola: \u201cO Reino dos C\u00e9us \u00e9 como uma semente de mostarda que um homem pega e semeia no seu campo.&nbsp;<sup>32<\/sup>Embora ela seja a menor de todas as sementes, quando cresce, fica maior do que as outras plantas. E torna-se uma \u00e1rvore, de modo que os p\u00e1ssaros v\u00eam e fazem ninhos em seus ramos\u201d.&nbsp;<sup>33<\/sup>Jesus contou-lhes ainda outra par\u00e1bola: \u201cO Reino dos C\u00e9us \u00e9 como o fermento que uma mulher pega e mistura com tr\u00eas por\u00e7\u00f5es de farinha, at\u00e9 que tudo fique fermentado\u201d.&nbsp;<sup>34<\/sup>Tudo isso Jesus falava em par\u00e1bolas \u00e0s multid\u00f5es. Nada lhes falava sem usar par\u00e1bolas,&nbsp;<sup>35<\/sup>para se cumprir o que foi dito pelo profeta: \u201cAbrirei a boca para falar em par\u00e1bolas; vou proclamar coisas escondidas desde a cria\u00e7\u00e3o do mundo\u201d.&nbsp;<sup>36<\/sup>Ent\u00e3o Jesus deixou as multid\u00f5es e foi para casa. Seus disc\u00edpulos aproximaram-se dele e disseram: \u201cExplica-nos a par\u00e1bola do joio!\u201d&nbsp;<sup>37<\/sup>Jesus respondeu: \u201cAquele que semeia a boa semente \u00e9 o Filho do Homem.&nbsp;<sup>38<\/sup>O campo \u00e9 o mundo. A boa semente s\u00e3o os que pertencem ao Reino. O joio s\u00e3o os que pertencem ao maligno.&nbsp;<sup>39<\/sup>O inimigo que semeou o joio \u00e9 o diabo. A colheita \u00e9 o fim dos tempos. Os ceifeiros s\u00e3o os anjos.&nbsp;<sup>40<\/sup>Como o joio \u00e9 recolhido e queimado ao fogo, assim tamb\u00e9m acontecer\u00e1 no fim dos tempos:&nbsp;<sup>41<\/sup>o Filho do Homem enviar\u00e1 os seus anjos e eles retirar\u00e3o do seu Reino todos os que fazem outros pecar e os que praticam o mal;&nbsp;<sup>42<\/sup>e depois os lan\u00e7ar\u00e3o na fornalha de fogo. A\u00ed haver\u00e1 choro e ranger de dentes.&nbsp;<sup>43<\/sup>Ent\u00e3o os justos brilhar\u00e3o como o sol no Reino de seu Pai. Quem tem ouvidos ou\u00e7a\u201d. \u2013 Palavra da salva\u00e7\u00e3o.<\/p>\n\n\n\n<p>Reflex\u00e3o:<\/p>\n\n\n\n<p><em>A par\u00e1bola do joio e do trigo p\u00f5e em destaque a paci\u00eancia de Deus, que se mostra tolerante com o ser humano, que \u00e9 fraco e pecador. Conv\u00e9m lembrar que o bem e o mal est\u00e3o n\u00e3o somente fora de n\u00f3s, mas tamb\u00e9m dentro de n\u00f3s. Joio e trigo crescem juntos. \u201c\u00c9-me imposs\u00edvel pesar o bem e o mal e, ao extirpar o mal, arrisco-me a mandar o bem para a fornalha\u201d (Exup\u00e9ry). Por isso, o propriet\u00e1rio sabiamente mant\u00e9m joio e trigo (injusti\u00e7a e justi\u00e7a). No tempo da colheita (final da hist\u00f3ria), ser\u00e1 mais f\u00e1cil identificar um e outro e dar o devido destino a cada um. Diante dos obst\u00e1culos, os disc\u00edpulos do Reino podem cair na tenta\u00e7\u00e3o de desanimar. A par\u00e1bola da semente de mostarda e a do fermento v\u00eam nos confortar. Importante \u00e9 fazer o bem; n\u00e3o se pode inutilizar a semente nem deixar o fermento estragar!&nbsp;<\/em><\/p>\n","protected":false},"excerpt":{"rendered":"<p>\u00c9 Deus quem me ajuda, \u00e9 o Senhor quem defende a minha vida. Senhor, de todo o cora\u00e7\u00e3o hei de vos oferecer o sacrif\u00edcio e dar gra\u00e7as ao vosso nome, porque sois bom&#8230;<\/p>\n","protected":false},"author":2,"featured_media":20599,"comment_status":"open","ping_status":"open","sticky":false,"template":"","format":"standard","meta":[],"categories":[7],"tags":[],"_links":{"self":[{"href":"https:\/\/www.salvatorianas.org.br\/blog\/wp-json\/wp\/v2\/posts\/20594"}],"collection":[{"href":"https:\/\/www.salvatorianas.org.br\/blog\/wp-json\/wp\/v2\/posts"}],"about":[{"href":"https:\/\/www.salvatorianas.org.br\/blog\/wp-json\/wp\/v2\/types\/post"}],"author":[{"embeddable":true,"href":"https:\/\/www.salvatorianas.org.br\/blog\/wp-json\/wp\/v2\/users\/2"}],"replies":[{"embeddable":true,"href":"https:\/\/www.salvatorianas.org.br\/blog\/wp-json\/wp\/v2\/comments?post=20594"}],"version-history":[{"count":1,"href":"https:\/\/www.salvatorianas.org.br\/blog\/wp-json\/wp\/v2\/posts\/20594\/revisions"}],"predecessor-version":[{"id":20595,"href":"https:\/\/www.salvatorianas.org.br\/blog\/wp-json\/wp\/v2\/posts\/20594\/revisions\/20595"}],"wp:featuredmedia":[{"embeddable":true,"href":"https:\/\/www.salvatorianas.org.br\/blog\/wp-json\/wp\/v2\/media\/20599"}],"wp:attachment":[{"href":"https:\/\/www.salvatorianas.org.br\/blog\/wp-json\/wp\/v2\/media?parent=20594"}],"wp:term":[{"taxonomy":"category","embeddable":true,"href":"https:\/\/www.salvatorianas.org.br\/blog\/wp-json\/wp\/v2\/categories?post=20594"},{"taxonomy":"post_tag","embeddable":true,"href":"https:\/\/www.salvatorianas.org.br\/blog\/wp-json\/wp\/v2\/tags?post=20594"}],"curies":[{"name":"wp","href":"https:\/\/api.w.org\/{rel}","templated":true}]}}