{"id":20591,"date":"2023-07-22T01:46:00","date_gmt":"2023-07-22T01:46:00","guid":{"rendered":"https:\/\/www.salvatorianas.org.br\/blog\/?p=20591"},"modified":"2023-07-19T16:47:24","modified_gmt":"2023-07-19T16:47:24","slug":"santa-maria-madalena-festa-ano-a","status":"publish","type":"post","link":"https:\/\/www.salvatorianas.org.br\/blog\/santa-maria-madalena-festa-ano-a\/","title":{"rendered":"Santa Maria Madalena, Festa, Ano A"},"content":{"rendered":"\n<p>O Senhor disse a Maria Madalena: Vai a meus irm\u00e3os e anuncia-lhes: Subo a meu Pai e vosso Pai, a meu Deus e vosso Deus (Jo 20,17).<\/p>\n\n\n\n<p><em>Maria, natural de Magdala, cidade situada na Galileia, \u00e9 a fiel disc\u00edpula que, com disponibilidade, se p\u00f4s a servi\u00e7o de Jesus, ap\u00f3s ter sido curada por ele. Estava presente ao lado da bem-aventurada Virgem Maria junto \u00e0 cruz. Por seu ardente amor, foi recompensada com a apari\u00e7\u00e3o do Senhor ressuscitado. O testemunho desta santa seja sustento para nossa miss\u00e3o de seguir fielmente o Divino Mestre.<\/em><\/p>\n\n\n\n<p>Primeira Leitura:&nbsp;<strong>C\u00e2ntico 3,1-4<\/strong><\/p>\n\n\n\n<p>Leitura do livro do C\u00e2ntico dos C\u00e2nticos \u2013 Eis o que diz a noiva:&nbsp;<sup>1<\/sup>\u201cEm meu leito, durante a noite, busquei o amor de minha vida: procurei-o e n\u00e3o o encontrei.&nbsp;<sup>2<\/sup>Vou levantar-me e percorrer a cidade, procurando, pelas ruas e pra\u00e7as, o amor de minha vida: procurei-o e n\u00e3o o encontrei.&nbsp;<sup>3<\/sup>Encontraram-me os guardas que faziam a ronda pela cidade. \u2018Vistes porventura o amor de minha vida?\u2019&nbsp;<sup>4<\/sup>E logo que passei por eles, encontrei o amor de minha vida\u201d. \u2013 Palavra do Senhor.<\/p>\n\n\n\n<p><strong>Leitura opcional: 1 Cor\u00edntios 5,14-17.<\/strong><\/p>\n\n\n\n<p>Salmo Responsorial:&nbsp;<strong>62(63)<\/strong><\/p>\n\n\n\n<p><em><strong>A minha alma tem sede de v\u00f3s, Senhor!<\/strong><\/em><\/p>\n\n\n\n<p>1. Sois v\u00f3s, \u00f3 Senhor, o meu Deus!&nbsp;\/&nbsp;Desde a aurora, ansioso vos busco!&nbsp;\/&nbsp;A minha alma tem sede de v\u00f3s, \u2020 minha carne tamb\u00e9m vos deseja,&nbsp;\/&nbsp;como terra sedenta e sem \u00e1gua!&nbsp;\u2013 R.<\/p>\n\n\n\n<p>2. Venho, assim, contemplar-vos no templo&nbsp;\/&nbsp;para ver vossa gl\u00f3ria e poder.&nbsp;\/&nbsp;Vosso amor vale mais do que a vida,&nbsp;\/&nbsp;e por isso meus l\u00e1bios vos louvam.&nbsp;\u2013 R.<\/p>\n\n\n\n<p>3. Quero, pois, vos louvar pela vida&nbsp;\/&nbsp;e elevar para v\u00f3s minhas m\u00e3os!&nbsp;\/&nbsp;A minha alma ser\u00e1 saciada,&nbsp;\/&nbsp;como em grande banquete de festa;&nbsp;\/&nbsp;cantar\u00e1 a alegria em meus l\u00e1bios&nbsp;\/&nbsp;ao cantar para v\u00f3s meu louvor!&nbsp;\u2013 R.<\/p>\n\n\n\n<p>4. Para mim fostes sempre um socorro;&nbsp;\/&nbsp;de vossas asas \u00e0 sombra eu exulto!&nbsp;\/&nbsp;Minha alma se agarra em v\u00f3s;&nbsp;\/&nbsp;com poder vossa m\u00e3o me sustenta.&nbsp;\u2013 R.<\/p>\n\n\n\n<p>Evangelho:&nbsp;<strong>Jo\u00e3o 20,1-2.11-18<\/strong><\/p>\n\n\n\n<p><strong><em>Aleluia, aleluia, aleluia.<\/em><\/strong><\/p>\n\n\n\n<p><strong>Responde-nos, \u00f3 Maria,&nbsp;\/&nbsp;no teu caminho o que havia?&nbsp;\/&nbsp;Vi Cristo ressuscitado,&nbsp;\/&nbsp;o t\u00famulo abandonado!&nbsp;\u2013 R.<\/strong><\/p>\n\n\n\n<p>Proclama\u00e7\u00e3o do Evangelho de Jesus Cristo segundo Jo\u00e3o \u2013&nbsp;<sup>1<\/sup>No primeiro dia da semana, Maria Madalena foi ao t\u00famulo de Jesus, bem de madrugada, quando ainda estava escuro, e viu que a pedra tinha sido retirada do t\u00famulo.&nbsp;<sup>2<\/sup>Ent\u00e3o ela saiu correndo e foi encontrar Sim\u00e3o Pedro e o outro disc\u00edpulo, aquele que Jesus amava, e lhes disse: \u201cTiraram o Senhor do t\u00famulo, e n\u00e3o sabemos onde o colocaram\u201d.&nbsp;<sup>11<\/sup>Maria estava do lado de fora do t\u00famulo, chorando. Enquanto chorava, inclinou-se e olhou para dentro do t\u00famulo.&nbsp;<sup>12<\/sup>Viu, ent\u00e3o, dois anjos vestidos de branco, sentados onde tinha sido posto o corpo de Jesus, um \u00e0 cabeceira e outro aos p\u00e9s.&nbsp;<sup>13<\/sup>Os anjos perguntaram: \u201cMulher, por que choras?\u201d Ela respondeu: \u201cLevaram o meu Senhor e n\u00e3o sei onde o colocaram\u201d.&nbsp;<sup>14<\/sup>Tendo dito isso, Maria voltou-se para tr\u00e1s e viu Jesus, de p\u00e9. Mas n\u00e3o sabia que era Jesus.&nbsp;<sup>15<\/sup>Jesus perguntou-lhe: \u201cMulher, por que choras? A quem procuras?\u201d Pensando que era o jardineiro, Maria disse: \u201cSenhor, se foste tu que o levaste, dize-me onde o colocaste, e eu o irei buscar\u201d.&nbsp;<sup>16<\/sup>Ent\u00e3o Jesus disse: \u201cMaria!\u201d Ela voltou-se e exclamou em hebraico: \u201cRabunni\u201d (que quer dizer: Mestre).&nbsp;<sup>17<\/sup>Jesus disse: \u201cN\u00e3o me segures. Ainda n\u00e3o subi para junto do Pai. Mas vai dizer aos meus irm\u00e3os: subo para junto do meu Pai e vosso Pai, meu Deus e vosso Deus\u201d.&nbsp;<sup>18<\/sup>Ent\u00e3o Maria Madalena foi anunciar aos disc\u00edpulos: \u201cEu vi o Senhor!\u201d e contou o que Jesus lhe tinha dito. \u2013 Palavra da salva\u00e7\u00e3o.<\/p>\n\n\n\n<p>Reflex\u00e3o:<\/p>\n\n\n\n<p><em>Maria de Magdala \u00e9 a mulher que seguiu Jesus desde a Galileia at\u00e9 a Judeia. Esteve presente \u00e0 morte e ao sepultamento de Jesus. Enquanto chorava por n\u00e3o encontrar o amigo morto, Jesus ressuscitado se dirige a ela chamando-a pelo nome \u201cMaria\u201d. Ao reconhecer o Mestre, acaba o choro, e a alegria inunda-lhe o ser. Jesus controla o \u00edmpeto de Maria, que quer segur\u00e1-lo, talvez como demonstra\u00e7\u00e3o de imenso carinho. Os disc\u00edpulos, doravante, dever\u00e3o reconhecer Jesus n\u00e3o mais pelo contato f\u00edsico, mas pelo caminho da f\u00e9. Jesus ent\u00e3o lhe confia o an\u00fancio do grande mist\u00e9rio: \u201cV\u00e1 encontrar os meus irm\u00e3os e diga a eles: \u2018Eu estou subindo para junto do meu Pai e Pai de voc\u00eas, do meu Deus e Deus de voc\u00eas&#8217;\u201d. Esta \u00e9 Boa Not\u00edcia do Ressuscitado, de quem ela \u00e9 testemunha ocular e fidedigna: \u201cEu vi o Senhor\u201d.<\/em><\/p>\n","protected":false},"excerpt":{"rendered":"<p>O Senhor disse a Maria Madalena: Vai a meus irm\u00e3os e anuncia-lhes: Subo a meu Pai e vosso Pai, a meu Deus e vosso Deus (Jo 20,17). Maria, natural de Magdala, cidade situada&#8230;<\/p>\n","protected":false},"author":2,"featured_media":20592,"comment_status":"open","ping_status":"open","sticky":false,"template":"","format":"standard","meta":[],"categories":[7],"tags":[],"_links":{"self":[{"href":"https:\/\/www.salvatorianas.org.br\/blog\/wp-json\/wp\/v2\/posts\/20591"}],"collection":[{"href":"https:\/\/www.salvatorianas.org.br\/blog\/wp-json\/wp\/v2\/posts"}],"about":[{"href":"https:\/\/www.salvatorianas.org.br\/blog\/wp-json\/wp\/v2\/types\/post"}],"author":[{"embeddable":true,"href":"https:\/\/www.salvatorianas.org.br\/blog\/wp-json\/wp\/v2\/users\/2"}],"replies":[{"embeddable":true,"href":"https:\/\/www.salvatorianas.org.br\/blog\/wp-json\/wp\/v2\/comments?post=20591"}],"version-history":[{"count":1,"href":"https:\/\/www.salvatorianas.org.br\/blog\/wp-json\/wp\/v2\/posts\/20591\/revisions"}],"predecessor-version":[{"id":20593,"href":"https:\/\/www.salvatorianas.org.br\/blog\/wp-json\/wp\/v2\/posts\/20591\/revisions\/20593"}],"wp:featuredmedia":[{"embeddable":true,"href":"https:\/\/www.salvatorianas.org.br\/blog\/wp-json\/wp\/v2\/media\/20592"}],"wp:attachment":[{"href":"https:\/\/www.salvatorianas.org.br\/blog\/wp-json\/wp\/v2\/media?parent=20591"}],"wp:term":[{"taxonomy":"category","embeddable":true,"href":"https:\/\/www.salvatorianas.org.br\/blog\/wp-json\/wp\/v2\/categories?post=20591"},{"taxonomy":"post_tag","embeddable":true,"href":"https:\/\/www.salvatorianas.org.br\/blog\/wp-json\/wp\/v2\/tags?post=20591"}],"curies":[{"name":"wp","href":"https:\/\/api.w.org\/{rel}","templated":true}]}}