{"id":20588,"date":"2023-07-21T01:45:00","date_gmt":"2023-07-21T01:45:00","guid":{"rendered":"https:\/\/www.salvatorianas.org.br\/blog\/?p=20588"},"modified":"2023-07-19T16:46:35","modified_gmt":"2023-07-19T16:46:35","slug":"15a-semana-do-tempo-comum-ano-impar-i-4","status":"publish","type":"post","link":"https:\/\/www.salvatorianas.org.br\/blog\/15a-semana-do-tempo-comum-ano-impar-i-4\/","title":{"rendered":"15\u00aa Semana do Tempo Comum, Ano \u00cdmpar (I)"},"content":{"rendered":"\n<p>Contemplarei, justificado, a vossa face; e serei saciado quando se manifestar a vossa gl\u00f3ria (Sl 16,15).<\/p>\n\n\n\n<p><em>No Antigo Testamento, instituiu-se a P\u00e1scoa, \u201cfesta memor\u00e1vel\u201d para celebrar a passagem do Deus libertador. Com a P\u00e1scoa crist\u00e3, caminhamos com Jesus para fora da escravid\u00e3o do pecado e suas consequ\u00eancias, como a fome, na esfera social, e o legalismo, no \u00e2mbito da religi\u00e3o.<\/em><\/p>\n\n\n\n<p>Primeira Leitura:&nbsp;<strong>\u00caxodo 11,10-12,14<\/strong><\/p>\n\n\n\n<p>Leitura do livro do \u00caxodo \u2013 Naqueles dias,&nbsp;<sup>10<\/sup>Mois\u00e9s e Aar\u00e3o realizaram muitos prod\u00edgios diante do fara\u00f3; mas o Senhor endureceu o cora\u00e7\u00e3o do fara\u00f3, e ele n\u00e3o deixou que os filhos de Israel sa\u00edssem da sua terra.&nbsp;<sup>12,1<\/sup>O Senhor disse a Mois\u00e9s e a Aar\u00e3o no Egito:&nbsp;<sup>2<\/sup>\u201cEste m\u00eas ser\u00e1 para v\u00f3s o come\u00e7o dos meses; ser\u00e1 o primeiro m\u00eas do ano.&nbsp;<sup>3<\/sup>Falai a toda a comunidade dos filhos de Israel, dizendo: No d\u00e9cimo dia deste m\u00eas, cada um tome um cordeiro por fam\u00edlia, um cordeiro por casa.&nbsp;<sup>4<\/sup>Se a fam\u00edlia n\u00e3o for bastante numerosa para comer um cordeiro, convidar\u00e1 tamb\u00e9m o vizinho mais pr\u00f3ximo, de acordo com o n\u00famero de pessoas. Deveis calcular o n\u00famero de comensais conforme o tamanho do cordeiro.&nbsp;<sup>5<\/sup>O cordeiro ser\u00e1 sem defeito, macho, de um ano. Podereis escolher tanto um cordeiro como um cabrito:&nbsp;<sup>6<\/sup>e devereis guard\u00e1-lo preso at\u00e9 o dia catorze deste m\u00eas. Ent\u00e3o toda a comunidade de Israel reunida o imolar\u00e1 ao cair da tarde.&nbsp;<sup>7<\/sup>Tomareis um pouco do seu sangue e untareis os marcos e a travessa da porta, nas casas em que o comerdes.&nbsp;<sup>8<\/sup>Comereis a carne nessa mesma noite, assada ao fogo, com p\u00e3es \u00e1zimos e ervas amargas.&nbsp;<sup>9<\/sup>N\u00e3o comereis dele nada cru ou cozido em \u00e1gua, mas assado ao fogo, inteiro, com cabe\u00e7a, pernas e v\u00edsceras.&nbsp;<sup>10<\/sup>N\u00e3o deixareis nada para o dia seguinte: o que sobrar, devereis queim\u00e1-lo ao fogo.&nbsp;<sup>11<\/sup>Assim devereis com\u00ea-lo: com os rins cingidos, sand\u00e1lias nos p\u00e9s e cajado na m\u00e3o. E comereis \u00e0s pressas, pois \u00e9 a P\u00e1scoa, isto \u00e9, a passagem do Senhor!&nbsp;<sup>12<\/sup>E naquela noite passarei pela terra do Egito e ferirei na terra do Egito todos os primog\u00eanitos, desde os homens at\u00e9 os animais; e infligirei castigos contra todos os deuses do Egito, eu, o Senhor.&nbsp;<sup>13<\/sup>O sangue servir\u00e1 de sinal nas casas onde estiverdes. Ao ver o sangue, passarei adiante, e n\u00e3o vos atingir\u00e1 a praga exterminadora quando eu ferir a terra do Egito.&nbsp;<sup>14<\/sup>Este dia ser\u00e1 para v\u00f3s uma festa memor\u00e1vel em honra do Senhor, que haveis de celebrar por todas as gera\u00e7\u00f5es\u201d. \u2013 Palavra do Senhor.<\/p>\n\n\n\n<p>Salmo Responsorial:&nbsp;<strong>115(116B)<\/strong><\/p>\n\n\n\n<p><em><strong>Elevo o c\u00e1lice da minha salva\u00e7\u00e3o,&nbsp;\/&nbsp;invocando o nome santo do Senhor.<\/strong><\/em><\/p>\n\n\n\n<p>1. Que poderei retribuir ao Senhor Deus&nbsp;\/&nbsp;por tudo aquilo que ele fez em meu favor?&nbsp;\/&nbsp;Elevo o c\u00e1lice da minha salva\u00e7\u00e3o,&nbsp;\/&nbsp;invocando o nome santo do Senhor.&nbsp;\u2013 R.<\/p>\n\n\n\n<p>2. \u00c9 sentida por demais pelo Senhor&nbsp;\/&nbsp;a morte de seus santos, seus amigos.&nbsp;\/&nbsp;Eis que sou o vosso servo, \u00f3 Senhor,&nbsp;\u2020&nbsp;vosso servo que nasceu de vossa serva;&nbsp;\/&nbsp;mas me quebrastes os grilh\u00f5es da escravid\u00e3o!&nbsp;\u2013 R.<\/p>\n\n\n\n<p>3. Por isso oferto um sacrif\u00edcio de louvor,&nbsp;\/&nbsp;invocando o nome santo do Senhor.&nbsp;\/&nbsp;Vou cumprir minhas promessas ao Senhor&nbsp;\/&nbsp;na presen\u00e7a de seu povo reunido.&nbsp;\u2013 R.<\/p>\n\n\n\n<p>Evangelho:&nbsp;<strong>Mateus 12,1-8<\/strong><\/p>\n\n\n\n<p><strong><em>Aleluia, aleluia, aleluia.<\/em><\/strong><\/p>\n\n\n\n<p><strong>Minhas ovelhas escutam minha voz,&nbsp;\/&nbsp;eu as conhe\u00e7o e elas me seguem (Jo 10,27).&nbsp;\u2013 R.<\/strong><\/p>\n\n\n\n<p>Proclama\u00e7\u00e3o do Evangelho de Jesus Cristo segundo Mateus \u2013&nbsp;<sup>1<\/sup>Naquele tempo, Jesus passou no meio de uma planta\u00e7\u00e3o num dia de s\u00e1bado. Seus disc\u00edpulos tinham fome e come\u00e7aram a apanhar espigas para comer.&nbsp;<sup>2<\/sup>Vendo isso, os fariseus disseram-lhe: \u201cOlha, os teus disc\u00edpulos est\u00e3o fazendo o que n\u00e3o \u00e9 permitido fazer em dia de s\u00e1bado!\u201d&nbsp;<sup>3<\/sup>Jesus respondeu-lhes: \u201cNunca lestes o que fez Davi quando ele e seus companheiros sentiram fome?&nbsp;<sup>4<\/sup>Como entrou na casa de Deus e todos comeram os p\u00e3es da oferenda, que nem a ele nem aos seus companheiros era permitido comer, mas unicamente aos sacerdotes?&nbsp;<sup>5<\/sup>Ou nunca lestes na Lei que, em dia de s\u00e1bado, no templo, os sacerdotes violam o s\u00e1bado sem contrair culpa alguma?&nbsp;<sup>6<\/sup>Ora, eu vos digo, aqui est\u00e1 quem \u00e9 maior do que o templo.&nbsp;<sup>7<\/sup>Se tiv\u00e9sseis compreendido o que significa: \u2018Quero a miseric\u00f3rdia e n\u00e3o o sacrif\u00edcio\u2019, n\u00e3o ter\u00edeis condenado os inocentes.&nbsp;<sup>8<\/sup>De fato, o Filho do Homem \u00e9 senhor do s\u00e1bado\u201d. \u2013 Palavra da salva\u00e7\u00e3o.<\/p>\n\n\n\n<p>Reflex\u00e3o:<\/p>\n\n\n\n<p><em>Na \u00e9poca de Jesus, o S\u00c1BADO era institui\u00e7\u00e3o religiosa v\u00e1lida, que o pr\u00f3prio Jesus sempre respeitou e praticou. A mesma atitude ele adotou em rela\u00e7\u00e3o a outras institui\u00e7\u00f5es da religi\u00e3o judaica. Mas \u00e0s vezes ele as colocava em quest\u00e3o. O que Jesus questionava n\u00e3o era a institui\u00e7\u00e3o religiosa em si, mas a escala de valores daqueles que tornavam absoluto o que era relativo e esqueciam o que era mais importante. Jesus argumenta que certas urg\u00eancias e necessidades do ser humano t\u00eam prefer\u00eancia sobre a Lei. O centro \u00e9 a pessoa. As leis foram criadas para favorec\u00ea-la e ajud\u00e1-la a viver dignamente. Se n\u00e3o cumpre tal objetivo, de que vale tal lei? O verdadeiro culto agrad\u00e1vel a Deus se expressa mediante obras de miseric\u00f3rdia: \u201cQuero miseric\u00f3rdia, e n\u00e3o sacrif\u00edcio\u201d. Dar de comer \u00e9 obra de miseric\u00f3rdia.<\/em><\/p>\n","protected":false},"excerpt":{"rendered":"<p>Contemplarei, justificado, a vossa face; e serei saciado quando se manifestar a vossa gl\u00f3ria (Sl 16,15). No Antigo Testamento, instituiu-se a P\u00e1scoa, \u201cfesta memor\u00e1vel\u201d para celebrar a passagem do Deus libertador. Com a&#8230;<\/p>\n","protected":false},"author":2,"featured_media":20589,"comment_status":"open","ping_status":"open","sticky":false,"template":"","format":"standard","meta":[],"categories":[7],"tags":[],"_links":{"self":[{"href":"https:\/\/www.salvatorianas.org.br\/blog\/wp-json\/wp\/v2\/posts\/20588"}],"collection":[{"href":"https:\/\/www.salvatorianas.org.br\/blog\/wp-json\/wp\/v2\/posts"}],"about":[{"href":"https:\/\/www.salvatorianas.org.br\/blog\/wp-json\/wp\/v2\/types\/post"}],"author":[{"embeddable":true,"href":"https:\/\/www.salvatorianas.org.br\/blog\/wp-json\/wp\/v2\/users\/2"}],"replies":[{"embeddable":true,"href":"https:\/\/www.salvatorianas.org.br\/blog\/wp-json\/wp\/v2\/comments?post=20588"}],"version-history":[{"count":1,"href":"https:\/\/www.salvatorianas.org.br\/blog\/wp-json\/wp\/v2\/posts\/20588\/revisions"}],"predecessor-version":[{"id":20590,"href":"https:\/\/www.salvatorianas.org.br\/blog\/wp-json\/wp\/v2\/posts\/20588\/revisions\/20590"}],"wp:featuredmedia":[{"embeddable":true,"href":"https:\/\/www.salvatorianas.org.br\/blog\/wp-json\/wp\/v2\/media\/20589"}],"wp:attachment":[{"href":"https:\/\/www.salvatorianas.org.br\/blog\/wp-json\/wp\/v2\/media?parent=20588"}],"wp:term":[{"taxonomy":"category","embeddable":true,"href":"https:\/\/www.salvatorianas.org.br\/blog\/wp-json\/wp\/v2\/categories?post=20588"},{"taxonomy":"post_tag","embeddable":true,"href":"https:\/\/www.salvatorianas.org.br\/blog\/wp-json\/wp\/v2\/tags?post=20588"}],"curies":[{"name":"wp","href":"https:\/\/api.w.org\/{rel}","templated":true}]}}