{"id":20582,"date":"2023-07-18T22:23:55","date_gmt":"2023-07-18T22:23:55","guid":{"rendered":"https:\/\/www.salvatorianas.org.br\/blog\/?p=20582"},"modified":"2023-07-18T22:23:56","modified_gmt":"2023-07-18T22:23:56","slug":"15o-intereclesial-das-cebs","status":"publish","type":"post","link":"https:\/\/www.salvatorianas.org.br\/blog\/15o-intereclesial-das-cebs\/","title":{"rendered":"15\u00ba Intereclesial das CEBs"},"content":{"rendered":"\n<figure class=\"wp-block-image size-full\"><img decoding=\"async\" loading=\"lazy\" width=\"595\" height=\"842\" src=\"https:\/\/www.salvatorianas.org.br\/blog\/wp-content\/uploads\/2023\/07\/CEBS@.jpg\" alt=\"\" class=\"wp-image-20583\" srcset=\"https:\/\/www.salvatorianas.org.br\/blog\/wp-content\/uploads\/2023\/07\/CEBS@.jpg 595w, https:\/\/www.salvatorianas.org.br\/blog\/wp-content\/uploads\/2023\/07\/CEBS@-212x300.jpg 212w\" sizes=\"(max-width: 595px) 100vw, 595px\" \/><\/figure>\n\n\n\n<p>O Intereclesial \u00e9 um encontro que re\u00fane os representantes das CEBs &#8211; Comunidades Eclesiais de Base de todo Brasil. A iniciativa de organizar um encontro Intereclesial surgiu na d\u00e9cada de 70, sendo realizado o primeiro em 1975, na cidade de Vit\u00f3ria, Esp\u00edrito Santo.<\/p>\n\n\n\n<p>A identidade visual apresenta elementos que nos ajudam a entender e rezar o 15\u00ba Intereclesial das Comunidades Eclesiais de Base.<\/p>\n\n\n\n<p>A arte foi pensada a partir da imagem da Santa Cruz (Catedral da Diocese de Rondon\u00f3polis-Guiratinga). A cruz, s\u00edmbolo dos povos crucificados e da Liberta\u00e7\u00e3o, permeada pelo manto vermelho (onde se l\u00ea o tema do encontro), fazendo mem\u00f3ria dos m\u00e1rtires da caminhada de ontem e de hoje.<\/p>\n\n\n\n<p>Nos rostos saindo da Igreja, as v\u00e1rias faces desse imenso Brasil, do campo e da cidade, as diferentes etnias: somos Igreja composta pela resist\u00eancia dos povos origin\u00e1rios, pela for\u00e7a do povo negro, esperan\u00e7osos como os caboclos, sertanejos, refugiados, migrantes e imigrantes. No meio dos rostos, o Papa Francisco, s\u00edmbolo dessa Igreja em Sa\u00edda, numa clara express\u00e3o da proposta de Jesus de Nazar\u00e9 de vida plena para todos e todas (Jo\u00e3o 10:10), com \u201cTerra, Teto e Trabalho\u201d.<\/p>\n\n\n\n<p>Cristo \u00e9 o Sol que ilumina a caminhada e a luta do seu povo por justi\u00e7a, direitos, igualdade, fraternidade, partilha, solidariedade e paz, (Mal 4,2 e Mt 4,16) o sonho do \u201cnovo c\u00e9u e da nova terra\u201d (lema do encontro).<\/p>\n\n\n\n<p>A Palavra de Deus, luz e l\u00e2mpada para o nosso caminho, a grande heran\u00e7a que recebemos com a leitura popular da b\u00edblia, que marca profundamente a identidade das Comunidades Eclesiais de Base.<\/p>\n\n\n\n<p>A mulher, for\u00e7a da humanidade, dan\u00e7ando o siriri (m\u00fasica e dan\u00e7a de origem ind\u00edgena, realizada, principalmente nas festas de santos das comunidades), puxando o cord\u00e3o (\u00caxodo 15,20), numa clara express\u00e3o da ciranda da vida; o mato-grossense tocando a viola de cocho (instrumento musical pr\u00f3prio da cultura local) e o bailarino da dan\u00e7a dos mascarados (uma das muitas tradi\u00e7\u00f5es do povo, uma miscigena\u00e7\u00e3o das tradi\u00e7\u00f5es ind\u00edgena, africana e europeia), num gesto de hospitalidade, convidam todos e todas para a grande festa das comunidades nas terras calorosas do Mato Grosso.<\/p>\n\n\n\n<p>No cuidado com a casa comum, a representa\u00e7\u00e3o do Rio Vermelho que banha a o Estado de Mato Grosso e o ip\u00ea amarelo, marco da hist\u00f3ria de Rondon\u00f3polis, s\u00edmbolos do Cerrado; o verde da vida dos povos e da biodiversidade do Pantanal e da Amaz\u00f4nia. \u201cTudo est\u00e1 interligado\u2026\u201d.<\/p>\n\n\n\n<p><blockquote class=\"wp-embedded-content\" data-secret=\"jykQcvP70X\"><a href=\"http:\/\/cebsdobrasil.com.br\/cartaz-do-15o-intereclesial-das-cebs\/\">Cartaz do 15\u00ba Intereclesial das CEBs<\/a><\/blockquote><iframe class=\"wp-embedded-content\" sandbox=\"allow-scripts\" security=\"restricted\" style=\"position: absolute; clip: rect(1px, 1px, 1px, 1px);\" title=\"&#8220;Cartaz do 15\u00ba Intereclesial das CEBs&#8221; &#8212; CEBs do Brasil\" src=\"http:\/\/cebsdobrasil.com.br\/cartaz-do-15o-intereclesial-das-cebs\/embed\/#?secret=jykQcvP70X\" data-secret=\"jykQcvP70X\" width=\"500\" height=\"282\" frameborder=\"0\" marginwidth=\"0\" marginheight=\"0\" scrolling=\"no\"><\/iframe><\/p>\n","protected":false},"excerpt":{"rendered":"<p>O Intereclesial \u00e9 um encontro que re\u00fane os representantes das CEBs &#8211; Comunidades Eclesiais de Base de todo Brasil. A iniciativa de organizar um encontro Intereclesial surgiu na d\u00e9cada de 70, sendo realizado&#8230;<\/p>\n","protected":false},"author":2,"featured_media":0,"comment_status":"open","ping_status":"open","sticky":false,"template":"","format":"standard","meta":[],"categories":[1],"tags":[],"_links":{"self":[{"href":"https:\/\/www.salvatorianas.org.br\/blog\/wp-json\/wp\/v2\/posts\/20582"}],"collection":[{"href":"https:\/\/www.salvatorianas.org.br\/blog\/wp-json\/wp\/v2\/posts"}],"about":[{"href":"https:\/\/www.salvatorianas.org.br\/blog\/wp-json\/wp\/v2\/types\/post"}],"author":[{"embeddable":true,"href":"https:\/\/www.salvatorianas.org.br\/blog\/wp-json\/wp\/v2\/users\/2"}],"replies":[{"embeddable":true,"href":"https:\/\/www.salvatorianas.org.br\/blog\/wp-json\/wp\/v2\/comments?post=20582"}],"version-history":[{"count":1,"href":"https:\/\/www.salvatorianas.org.br\/blog\/wp-json\/wp\/v2\/posts\/20582\/revisions"}],"predecessor-version":[{"id":20584,"href":"https:\/\/www.salvatorianas.org.br\/blog\/wp-json\/wp\/v2\/posts\/20582\/revisions\/20584"}],"wp:attachment":[{"href":"https:\/\/www.salvatorianas.org.br\/blog\/wp-json\/wp\/v2\/media?parent=20582"}],"wp:term":[{"taxonomy":"category","embeddable":true,"href":"https:\/\/www.salvatorianas.org.br\/blog\/wp-json\/wp\/v2\/categories?post=20582"},{"taxonomy":"post_tag","embeddable":true,"href":"https:\/\/www.salvatorianas.org.br\/blog\/wp-json\/wp\/v2\/tags?post=20582"}],"curies":[{"name":"wp","href":"https:\/\/api.w.org\/{rel}","templated":true}]}}