{"id":20578,"date":"2023-07-19T01:50:00","date_gmt":"2023-07-19T01:50:00","guid":{"rendered":"https:\/\/www.salvatorianas.org.br\/blog\/?p=20578"},"modified":"2023-07-17T19:52:36","modified_gmt":"2023-07-17T19:52:36","slug":"15a-semana-do-tempo-comum-ano-impar-i-2","status":"publish","type":"post","link":"https:\/\/www.salvatorianas.org.br\/blog\/15a-semana-do-tempo-comum-ano-impar-i-2\/","title":{"rendered":"15\u00aa Semana do Tempo Comum, Ano \u00cdmpar (I)"},"content":{"rendered":"\n<p>Contemplarei, justificado, a vossa face; e serei saciado quando se manifestar a vossa gl\u00f3ria (Sl 16,15).<\/p>\n\n\n\n<p><em>Solid\u00e1rio com seu povo, Deus ouve-lhe o clamor e lhe envia um libertador, assegurando-lhe sua assist\u00eancia: \u201cEu estarei contigo\u201d. Cultivemos, na liturgia e na caminhada di\u00e1ria, a certeza de que o Senhor nunca nos abandona, mas revela seu projeto amoroso aos humildes.<\/em><\/p>\n\n\n\n<p>Primeira Leitura:&nbsp;<strong>\u00caxodo 3,1-6.9-12<\/strong><\/p>\n\n\n\n<p>Leitura do livro do \u00caxodo \u2013 Naqueles dias,&nbsp;<sup>1<\/sup>Mois\u00e9s apascentava o rebanho de Jetro, seu sogro, sacerdote de Madi\u00e3. Levou, um dia, o rebanho deserto adentro e chegou ao monte de Deus, o Horeb.&nbsp;<sup>2<\/sup>Apareceu-lhe o anjo do Senhor numa chama de fogo, do meio de uma sar\u00e7a. Mois\u00e9s notou que a sar\u00e7a estava em chamas, mas n\u00e3o se consumia, e disse consigo:&nbsp;<sup>3<\/sup>\u201cVou aproximar-me desta vis\u00e3o extraordin\u00e1ria, para ver por que a sar\u00e7a n\u00e3o se consome\u201d.&nbsp;<sup>4<\/sup>O Senhor viu que Mois\u00e9s se aproximava para observar e chamou-o do meio da sar\u00e7a, dizendo: \u201cMois\u00e9s! Mois\u00e9s!\u201d Ele respondeu: \u201cAqui estou\u201d.&nbsp;<sup>5<\/sup>E Deus disse: \u201cN\u00e3o te aproximes! Tira as sand\u00e1lias dos p\u00e9s, porque o lugar onde est\u00e1s \u00e9 uma terra santa\u201d.&nbsp;<sup>6<\/sup>E acrescentou: \u201cEu sou o Deus de teus pais, o Deus de Abra\u00e3o, o Deus de Isaac e o Deus de Jac\u00f3\u201d. Mois\u00e9s cobriu o rosto, pois temia olhar para Deus.&nbsp;<sup>9<\/sup>\u201cE agora, o clamor dos filhos de Israel chegou at\u00e9 mim, e vi a opress\u00e3o que os eg\u00edpcios fazem pesar sobre eles.&nbsp;<sup>10<\/sup>Mas vai, eu te envio ao fara\u00f3, para que fa\u00e7as sair do Egito o meu povo, os filhos de Israel\u201d.&nbsp;<sup>11<\/sup>E Mois\u00e9s disse a Deus: \u201cQuem sou eu para ir ao fara\u00f3 e fazer sair os filhos de Israel do Egito?\u201d&nbsp;<sup>12<\/sup>Deus lhe disse: \u201cEu estarei contigo; e este ser\u00e1 o sinal de que fui eu que te enviei: quando tiveres tirado do Egito o povo, v\u00f3s servireis a Deus sobre esta montanha\u201d. \u2013 Palavra do Senhor.<\/p>\n\n\n\n<p>Salmo Responsorial:&nbsp;<strong>102(103)<\/strong><\/p>\n\n\n\n<p><em><strong>O Senhor \u00e9 indulgente, \u00e9 favor\u00e1vel.<\/strong><\/em><\/p>\n\n\n\n<p>1. Bendize, \u00f3 minha alma, ao Senhor,&nbsp;\/&nbsp;e todo o meu ser, seu santo nome!&nbsp;\/&nbsp;Bendize, \u00f3 minha alma, ao Senhor,&nbsp;\/&nbsp;n\u00e3o te esque\u00e7as de nenhum de seus favores!&nbsp;\u2013 R.<\/p>\n\n\n\n<p>2. Pois ele te perdoa toda culpa&nbsp;\/&nbsp;e cura toda a tua enfermidade;&nbsp;\/&nbsp;da sepultura ele salva a tua vida&nbsp;\/&nbsp;e te cerca de carinho e compaix\u00e3o.&nbsp;\u2013 R.<\/p>\n\n\n\n<p>3. O Senhor realiza obras de justi\u00e7a&nbsp;\/&nbsp;e garante o direito aos oprimidos;&nbsp;\/&nbsp;revelou os seus caminhos a Mois\u00e9s&nbsp;\/&nbsp;e, aos filhos de Israel, seus grandes feitos.&nbsp;\u2013 R.<\/p>\n\n\n\n<p>Evangelho:&nbsp;<strong>Mateus 11,25-27<\/strong><\/p>\n\n\n\n<p><strong><em>Aleluia, aleluia, aleluia.<\/em><\/strong><\/p>\n\n\n\n<p><strong>Gra\u00e7as te dou, \u00f3 Pai,&nbsp;\/&nbsp;Senhor do c\u00e9u e da terra,&nbsp;\/&nbsp;pois revelaste os mist\u00e9rios do teu Reino aos pequeninos,&nbsp;\/&nbsp;escondendo-os aos doutores! (Mt 11,25)&nbsp;\u2013 R.<\/strong><\/p>\n\n\n\n<p>Proclama\u00e7\u00e3o do Evangelho de Jesus Cristo segundo Mateus \u2013&nbsp;<sup>25<\/sup>Naquele tempo, Jesus p\u00f4s-se a dizer: \u201cEu te louvo, \u00f3 Pai, Senhor do c\u00e9u e da terra, porque escondeste estas coisas aos s\u00e1bios e entendidos e as revelaste aos pequeninos.&nbsp;<sup>26<\/sup>Sim, Pai, porque assim foi do teu agrado.&nbsp;<sup>27<\/sup>Tudo me foi entregue por meu Pai, e ningu\u00e9m conhece o Filho, sen\u00e3o o Pai, e ningu\u00e9m conhece o Pai, sen\u00e3o o Filho e aquele a quem o Filho o quiser revelar\u201d. \u2013 Palavra da salva\u00e7\u00e3o.<\/p>\n\n\n\n<p>Reflex\u00e3o:<\/p>\n\n\n\n<p><em>Uma expl\u00edcita ora\u00e7\u00e3o de louvor sai do cora\u00e7\u00e3o e dos l\u00e1bios do Mestre. Qual o motivo da alegria? \u00c9 o reconhecimento ao Pai pelo modo como conduz a hist\u00f3ria da salva\u00e7\u00e3o. Os intelectuais da \u00e9poca, entendidos em leis e conhecedores das Escrituras s\u00e3o, em geral, avessos aos ensinamentos de Jesus. Embora tenham condi\u00e7\u00f5es para interpretar a Lei e os Profetas, n\u00e3o aceitam Jesus como o Messias prometido. Pior: dificultam sua miss\u00e3o, opondo-lhe aberta resist\u00eancia, tachando-o com apelidos ofensivos e procurando fazer a cabe\u00e7a do povo simples para n\u00e3o segui-lo. Os pobres e marginalizados, ao inv\u00e9s, com mais facilidade acolhem Jesus e abrem espa\u00e7o para sua mensagem. S\u00e3o os \u201cpequeninos\u201d que v\u00e3o compor a comunidade de Jesus e, ao longo dos s\u00e9culos, ir\u00e3o difundir em toda a parte a sua mensagem de salva\u00e7\u00e3o.<\/em><\/p>\n","protected":false},"excerpt":{"rendered":"<p>Contemplarei, justificado, a vossa face; e serei saciado quando se manifestar a vossa gl\u00f3ria (Sl 16,15). Solid\u00e1rio com seu povo, Deus ouve-lhe o clamor e lhe envia um libertador, assegurando-lhe sua assist\u00eancia: \u201cEu&#8230;<\/p>\n","protected":false},"author":2,"featured_media":20579,"comment_status":"open","ping_status":"open","sticky":false,"template":"","format":"standard","meta":[],"categories":[7],"tags":[],"_links":{"self":[{"href":"https:\/\/www.salvatorianas.org.br\/blog\/wp-json\/wp\/v2\/posts\/20578"}],"collection":[{"href":"https:\/\/www.salvatorianas.org.br\/blog\/wp-json\/wp\/v2\/posts"}],"about":[{"href":"https:\/\/www.salvatorianas.org.br\/blog\/wp-json\/wp\/v2\/types\/post"}],"author":[{"embeddable":true,"href":"https:\/\/www.salvatorianas.org.br\/blog\/wp-json\/wp\/v2\/users\/2"}],"replies":[{"embeddable":true,"href":"https:\/\/www.salvatorianas.org.br\/blog\/wp-json\/wp\/v2\/comments?post=20578"}],"version-history":[{"count":1,"href":"https:\/\/www.salvatorianas.org.br\/blog\/wp-json\/wp\/v2\/posts\/20578\/revisions"}],"predecessor-version":[{"id":20580,"href":"https:\/\/www.salvatorianas.org.br\/blog\/wp-json\/wp\/v2\/posts\/20578\/revisions\/20580"}],"wp:featuredmedia":[{"embeddable":true,"href":"https:\/\/www.salvatorianas.org.br\/blog\/wp-json\/wp\/v2\/media\/20579"}],"wp:attachment":[{"href":"https:\/\/www.salvatorianas.org.br\/blog\/wp-json\/wp\/v2\/media?parent=20578"}],"wp:term":[{"taxonomy":"category","embeddable":true,"href":"https:\/\/www.salvatorianas.org.br\/blog\/wp-json\/wp\/v2\/categories?post=20578"},{"taxonomy":"post_tag","embeddable":true,"href":"https:\/\/www.salvatorianas.org.br\/blog\/wp-json\/wp\/v2\/tags?post=20578"}],"curies":[{"name":"wp","href":"https:\/\/api.w.org\/{rel}","templated":true}]}}