{"id":20573,"date":"2023-07-18T01:44:00","date_gmt":"2023-07-18T01:44:00","guid":{"rendered":"https:\/\/www.salvatorianas.org.br\/blog\/?p=20573"},"modified":"2023-07-17T19:47:03","modified_gmt":"2023-07-17T19:47:03","slug":"15a-semana-do-tempo-comum-ano-impar-i","status":"publish","type":"post","link":"https:\/\/www.salvatorianas.org.br\/blog\/15a-semana-do-tempo-comum-ano-impar-i\/","title":{"rendered":"15\u00aa Semana do Tempo Comum, Ano \u00cdmpar (I)"},"content":{"rendered":"\n<p>Contemplarei, justificado, a vossa face; e serei saciado quando se manifestar a vossa gl\u00f3ria (Sl 16,15).<\/p>\n\n\n\n<p><em>Deus se serve de pessoas e circunst\u00e2ncias inesperadas para tra\u00e7ar o roteiro de sua interven\u00e7\u00e3o salvadora. Nesta liturgia bendigamos ao Senhor por sua \u201csalva\u00e7\u00e3o que nunca falha\u201d e nos proponhamos procur\u00e1-lo dia ap\u00f3s dia, em esp\u00edrito de constante convers\u00e3o.<\/em><\/p>\n\n\n\n<p>Primeira Leitura:&nbsp;<strong>\u00caxodo 2,1-15<\/strong><\/p>\n\n\n\n<p>Leitura do livro do \u00caxodo \u2013 Naqueles dias,&nbsp;<sup>1<\/sup>um homem da fam\u00edlia de Levi casou-se com uma mulher da mesma tribo,&nbsp;<sup>2<\/sup>e ela concebeu e deu \u00e0 luz um filho. Ao ver que era um belo menino, manteve-o escondido durante tr\u00eas meses.&nbsp;<sup>3<\/sup>Mas n\u00e3o podendo escond\u00ea-lo por mais tempo, tomou uma cesta de junco, calafetou-a com betume e piche, p\u00f4s dentro dela a crian\u00e7a e deixou-a entre os cani\u00e7os na margem do rio Nilo.&nbsp;<sup>4<\/sup>A irm\u00e3 do menino ficou a certa dist\u00e2ncia para ver o que ia acontecer.&nbsp;<sup>5<\/sup>A filha do fara\u00f3 desceu para se banhar no rio, enquanto suas companheiras passeavam pela margem. Vendo, ent\u00e3o, a cesta no meio dos cani\u00e7os, mandou uma das servas apanh\u00e1-la.&nbsp;<sup>6<\/sup>Abrindo a cesta, viu a crian\u00e7a: era um menino, que chorava. Ela compadeceu-se dele e disse: \u201c\u00c9 um menino dos hebreus\u201d.&nbsp;<sup>7<\/sup>A irm\u00e3 do menino disse, ent\u00e3o, \u00e0 filha do fara\u00f3: \u201cQueres que te v\u00e1 chamar uma mulher hebreia que possa amamentar o menino?\u201d&nbsp;<sup>8<\/sup>A filha do fara\u00f3 respondeu: \u201cVai\u201d. E a menina foi e chamou a m\u00e3e do menino.&nbsp;<sup>9<\/sup>A filha do fara\u00f3 disse \u00e0 mulher: \u201cLeva este menino, amamenta-o para mim, e eu te pagarei o teu sal\u00e1rio\u201d. A mulher levou o menino e o amamentou.&nbsp;<sup>10<\/sup>Quando j\u00e1 estava crescido, ela levou-o \u00e0 filha do fara\u00f3, que o adotou como filho e lhe deu o nome de Mois\u00e9s, porque, disse ela, \u201ceu o tirei das \u00e1guas\u201d.&nbsp;<sup>11<\/sup>Um dia, quando j\u00e1 era adulto, Mois\u00e9s saiu para visitar seus irm\u00e3os hebreus; viu sua afli\u00e7\u00e3o e como um eg\u00edpcio maltratava um deles.&nbsp;<sup>12<\/sup>Olhou para os lados e, n\u00e3o vendo ningu\u00e9m, matou o eg\u00edpcio e escondeu-o na areia.&nbsp;<sup>13<\/sup>No dia seguinte, saiu de novo e viu dois hebreus brigando, e disse ao agressor: \u201cPor que bates no teu companheiro?\u201d&nbsp;<sup>14<\/sup>E este replicou: \u201cQuem te estabeleceu nosso chefe e nosso juiz? Acaso pretendes matar-me, como mataste o eg\u00edpcio?\u201d Mois\u00e9s ficou com medo e disse consigo: \u201cCom certeza, o fato se tornou conhecido\u201d.&nbsp;<sup>15<\/sup>O fara\u00f3 foi informado do que aconteceu e procurava matar Mois\u00e9s. Mas este, fugindo da sua vista, parou na terra de Madi\u00e3. \u2013 Palavra do Senhor.<\/p>\n\n\n\n<p>Salmo Responsorial:&nbsp;<strong>68(69)<\/strong><\/p>\n\n\n\n<p><em><strong>Humildes, procurai o Senhor Deus,&nbsp;\/&nbsp;e o vosso cora\u00e7\u00e3o reviver\u00e1.<\/strong><\/em><\/p>\n\n\n\n<p>1. Na lama do abismo eu me afundo&nbsp;\/&nbsp;e n\u00e3o encontro um apoio para os p\u00e9s.&nbsp;\/&nbsp;Nestas \u00e1guas muito fundas vim cair,&nbsp;\/&nbsp;e as ondas j\u00e1 come\u00e7am a cobrir-me!&nbsp;\u2013 R.<\/p>\n\n\n\n<p>2. Por isso elevo para v\u00f3s minha ora\u00e7\u00e3o,&nbsp;\/&nbsp;neste tempo favor\u00e1vel, Senhor Deus!&nbsp;\/&nbsp;Respondei-me pelo vosso imenso amor,&nbsp;\/&nbsp;pela vossa salva\u00e7\u00e3o que nunca falha!&nbsp;\u2013 R.<\/p>\n\n\n\n<p>3. Pobre de mim, sou infeliz e sofredor!&nbsp;\/&nbsp;Que vosso aux\u00edlio me levante, Senhor Deus!&nbsp;\/&nbsp;Cantando, eu louvarei o vosso nome&nbsp;\/&nbsp;e, agradecido, exultarei de alegria!&nbsp;\u2013 R.<\/p>\n\n\n\n<p>4. Humildes, vede isto e alegrai-vos:&nbsp;\u2020&nbsp;o vosso cora\u00e7\u00e3o reviver\u00e1&nbsp;\/&nbsp;se procurardes o Senhor continuamente!&nbsp;\/&nbsp;Pois nosso Deus atende \u00e0 prece dos seus pobres&nbsp;\/&nbsp;e n\u00e3o despreza o clamor de seus cativos.&nbsp;\u2013 R.<\/p>\n\n\n\n<p>Evangelho:&nbsp;<strong>Mateus 11,20-24<\/strong><\/p>\n\n\n\n<p><strong><em>Aleluia, aleluia, aleluia.<\/em><\/strong><\/p>\n\n\n\n<p><strong>Oxal\u00e1 ouv\u00edsseis hoje a sua voz.&nbsp;\/&nbsp;N\u00e3o fecheis os cora\u00e7\u00f5es como em Meriba! (Sl 94,8)&nbsp;\u2013 R.<\/strong><\/p>\n\n\n\n<p>Proclama\u00e7\u00e3o do Evangelho de Jesus Cristo segundo Mateus \u2013 Naquele tempo,&nbsp;<sup>20<\/sup>Jesus come\u00e7ou a censurar as cidades onde fora realizada a maior parte de seus milagres, porque n\u00e3o se tinham convertido.&nbsp;<sup>21<\/sup>\u201cAi de ti, Corazim! Ai de ti, Betsaida! Porque, se os milagres que se realizaram no meio de v\u00f3s tivessem sido feitos em Tiro e Sid\u00f4nia, h\u00e1 muito tempo elas teriam feito penit\u00eancia, vestindo-se de cil\u00edcio e cobrindo-se de cinza.&nbsp;<sup>22<\/sup>Pois bem! Eu vos digo, no dia do julgamento, Tiro e Sid\u00f4nia ser\u00e3o tratadas com menos dureza do que v\u00f3s.&nbsp;<sup>23<\/sup>E tu, Cafarnaum! Acaso ser\u00e1s erguida at\u00e9 o c\u00e9u? N\u00e3o! Ser\u00e1s jogada no inferno! Porque, se os milagres que foram realizados no meio de ti tivessem sido feitos em Sodoma, ela existiria at\u00e9 hoje!&nbsp;<sup>24<\/sup>Eu, por\u00e9m, vos digo: no dia do ju\u00edzo, Sodoma ser\u00e1 tratada com menos dureza do que v\u00f3s!\u201d \u2013 Palavra da salva\u00e7\u00e3o.<\/p>\n\n\n\n<p>Reflex\u00e3o:<\/p>\n\n\n\n<p><em>\u00c9 f\u00e1cil entender a desilus\u00e3o do mission\u00e1rio que n\u00e3o mede esfor\u00e7os para anunciar o Evangelho; desgasta-se em benef\u00edcio do povo e, por fim, nota que seu empenho parece in\u00fatil. Jesus parece ter provado esse mesmo sentimento (de decep\u00e7\u00e3o) em rela\u00e7\u00e3o a algumas cidades que receberam sua visita: seus habitantes permaneceram indiferentes e inertes; n\u00e3o acolheram a mensagem do Reino, n\u00e3o se converteram e n\u00e3o se tornaram disc\u00edpulos de Jesus. Da\u00ed seu desabafo: \u201cAi de voc\u00ea\u2026\u201d. Para esse povo de cora\u00e7\u00e3o duro, n\u00e3o faltou a presen\u00e7a de Deus, n\u00e3o faltaram as palavras de vida eterna. S\u00e3o Paulo, certa vez, inconformado com a inveja e as ofensas dos advers\u00e1rios, assim falou: \u201cComo voc\u00eas a rejeitam (Palavra de Deus) e n\u00e3o se julgam dignos da vida eterna, eis que vamos aos gentios\u201d (At 13,46).<\/em><\/p>\n","protected":false},"excerpt":{"rendered":"<p>Contemplarei, justificado, a vossa face; e serei saciado quando se manifestar a vossa gl\u00f3ria (Sl 16,15). Deus se serve de pessoas e circunst\u00e2ncias inesperadas para tra\u00e7ar o roteiro de sua interven\u00e7\u00e3o salvadora. Nesta&#8230;<\/p>\n","protected":false},"author":2,"featured_media":20574,"comment_status":"open","ping_status":"open","sticky":false,"template":"","format":"standard","meta":[],"categories":[7],"tags":[],"_links":{"self":[{"href":"https:\/\/www.salvatorianas.org.br\/blog\/wp-json\/wp\/v2\/posts\/20573"}],"collection":[{"href":"https:\/\/www.salvatorianas.org.br\/blog\/wp-json\/wp\/v2\/posts"}],"about":[{"href":"https:\/\/www.salvatorianas.org.br\/blog\/wp-json\/wp\/v2\/types\/post"}],"author":[{"embeddable":true,"href":"https:\/\/www.salvatorianas.org.br\/blog\/wp-json\/wp\/v2\/users\/2"}],"replies":[{"embeddable":true,"href":"https:\/\/www.salvatorianas.org.br\/blog\/wp-json\/wp\/v2\/comments?post=20573"}],"version-history":[{"count":1,"href":"https:\/\/www.salvatorianas.org.br\/blog\/wp-json\/wp\/v2\/posts\/20573\/revisions"}],"predecessor-version":[{"id":20575,"href":"https:\/\/www.salvatorianas.org.br\/blog\/wp-json\/wp\/v2\/posts\/20573\/revisions\/20575"}],"wp:featuredmedia":[{"embeddable":true,"href":"https:\/\/www.salvatorianas.org.br\/blog\/wp-json\/wp\/v2\/media\/20574"}],"wp:attachment":[{"href":"https:\/\/www.salvatorianas.org.br\/blog\/wp-json\/wp\/v2\/media?parent=20573"}],"wp:term":[{"taxonomy":"category","embeddable":true,"href":"https:\/\/www.salvatorianas.org.br\/blog\/wp-json\/wp\/v2\/categories?post=20573"},{"taxonomy":"post_tag","embeddable":true,"href":"https:\/\/www.salvatorianas.org.br\/blog\/wp-json\/wp\/v2\/tags?post=20573"}],"curies":[{"name":"wp","href":"https:\/\/api.w.org\/{rel}","templated":true}]}}