{"id":2057,"date":"2015-07-01T00:00:00","date_gmt":"2015-07-01T00:00:00","guid":{"rendered":"https:\/\/www.salvatorianas.org.br\/blog\/novicas-salvatorianas-seguem-para-novas-experiencias-apostolicas\/"},"modified":"2015-07-01T00:00:00","modified_gmt":"2015-07-01T00:00:00","slug":"novicas-salvatorianas-seguem-para-novas-experiencias-apostolicas","status":"publish","type":"post","link":"https:\/\/www.salvatorianas.org.br\/blog\/novicas-salvatorianas-seguem-para-novas-experiencias-apostolicas\/","title":{"rendered":"Novi\u00e7as Salvatorianas seguem para novas experi\u00eancias apost\u00f3licas"},"content":{"rendered":"<p style=\"text-align: justify;\">[imagem2]<\/p>\n<p style=\"text-align: justify;\">&nbsp;<\/p>\n<p style=\"text-align: justify;\">Neste ano de 2015, as Irm&atilde;s Salvatorianas (Prov&iacute;ncia Santa Catarina) recebem as novi&ccedil;as da Col&ocirc;mbia e da Prov&iacute;ncia de S&atilde;o Paulo para a experi&ecirc;ncia de est&aacute;gio apost&oacute;lico acompanhada nas comunidades, que teve&nbsp;in&iacute;cio em mar&ccedil;o, com o envio das novi&ccedil;as para as Comunidades Imaculada Concei&ccedil;&atilde;o, em Videira\/SC e S&atilde;o Miguel, em S&atilde;o Miguel do Oeste\/SC.<\/p>\n<p style=\"text-align: justify;\">Foram muitas e significativas as experi&ecirc;ncias realizadas no Col&eacute;gio Salvatoriano Imaculada Concei&ccedil;&atilde;o, ao Hospital Divino Salvador, nas diversas pastorais e movimentos sociais e com as comunidades onde o povo vive e celebra sua f&eacute;.<\/p>\n<p style=\"text-align: justify;\">J&aacute; se passaram quatro meses desta caminhada, e agora a experi&ecirc;ncia se realizar&aacute; nas comunidades M&atilde;e dos Oprimidos, em Xique &#8211; Xique\/BA e Sant&iacute;ssima Trindade, em Duque Bacelar\/MA. Nossa alegria &eacute; grande por voc&ecirc;s: Emirian O. Assun&ccedil;&atilde;o, J&eacute;ssica M. Louren&ccedil;o, Joana O. Janu&aacute;rio, Marby G. C. Rojas e Mayra A. Ceballos, que vivenciam com entusiasmo e alegria o seguimento de Jesus Salvador, integrando culturas e transmitindo &agrave;s pessoas a riqueza do carisma salvatoriano.<\/p>\n<p style=\"text-align: justify;\">Temos a certeza de que Deus as acompanha bem de perto! Desejamos muita luz na continuidade desta experi&ecirc;ncia e que voc&ecirc;s possam lan&ccedil;ar muitas sementes de vida e de esperan&ccedil;a pelos caminhos que passarem. &nbsp;<\/p>\n<p style=\"text-align: justify;\">&nbsp;<\/p>\n<p style=\"text-align: justify;\">&nbsp;<\/p>\n","protected":false},"excerpt":{"rendered":"<p>[imagem2] &nbsp; Neste ano de 2015, as Irm&atilde;s Salvatorianas (Prov&iacute;ncia Santa Catarina) recebem as novi&ccedil;as da Col&ocirc;mbia e da Prov&iacute;ncia de S&atilde;o Paulo para a experi&ecirc;ncia de est&aacute;gio apost&oacute;lico acompanhada nas comunidades, que&#8230;<\/p>\n","protected":false},"author":1,"featured_media":2295,"comment_status":"open","ping_status":"open","sticky":false,"template":"","format":"standard","meta":[],"categories":[1],"tags":[],"_links":{"self":[{"href":"https:\/\/www.salvatorianas.org.br\/blog\/wp-json\/wp\/v2\/posts\/2057"}],"collection":[{"href":"https:\/\/www.salvatorianas.org.br\/blog\/wp-json\/wp\/v2\/posts"}],"about":[{"href":"https:\/\/www.salvatorianas.org.br\/blog\/wp-json\/wp\/v2\/types\/post"}],"author":[{"embeddable":true,"href":"https:\/\/www.salvatorianas.org.br\/blog\/wp-json\/wp\/v2\/users\/1"}],"replies":[{"embeddable":true,"href":"https:\/\/www.salvatorianas.org.br\/blog\/wp-json\/wp\/v2\/comments?post=2057"}],"version-history":[{"count":0,"href":"https:\/\/www.salvatorianas.org.br\/blog\/wp-json\/wp\/v2\/posts\/2057\/revisions"}],"wp:featuredmedia":[{"embeddable":true,"href":"https:\/\/www.salvatorianas.org.br\/blog\/wp-json\/wp\/v2\/media\/2295"}],"wp:attachment":[{"href":"https:\/\/www.salvatorianas.org.br\/blog\/wp-json\/wp\/v2\/media?parent=2057"}],"wp:term":[{"taxonomy":"category","embeddable":true,"href":"https:\/\/www.salvatorianas.org.br\/blog\/wp-json\/wp\/v2\/categories?post=2057"},{"taxonomy":"post_tag","embeddable":true,"href":"https:\/\/www.salvatorianas.org.br\/blog\/wp-json\/wp\/v2\/tags?post=2057"}],"curies":[{"name":"wp","href":"https:\/\/api.w.org\/{rel}","templated":true}]}}