{"id":20569,"date":"2023-07-14T01:05:00","date_gmt":"2023-07-14T01:05:00","guid":{"rendered":"https:\/\/www.salvatorianas.org.br\/blog\/?p=20569"},"modified":"2023-07-12T20:17:39","modified_gmt":"2023-07-12T20:17:39","slug":"14a-semana-do-tempo-comum-ano-impar-i-3","status":"publish","type":"post","link":"https:\/\/www.salvatorianas.org.br\/blog\/14a-semana-do-tempo-comum-ano-impar-i-3\/","title":{"rendered":"14\u00aa Semana do Tempo Comum, Ano \u00cdmpar (I)"},"content":{"rendered":"\n<p>Recebemos, \u00f3 Deus, a vossa miseric\u00f3rdia no meio do vosso templo. Vosso louvor se estenda, como o vosso nome, at\u00e9 os confins da terra; toda justi\u00e7a se encontra em vossas m\u00e3os (Sl 47,10s).<\/p>\n\n\n\n<p><em>Felizes os que se deixam guiar por Deus, pois \u201cjamais ele abandona seus amigos\u201d. Ponhamos sempre nossa inteira confian\u00e7a no Senhor, que nos concede experimentar sua salva\u00e7\u00e3o mesmo em meio aos conflitos e desafios da vida e da miss\u00e3o.<\/em><\/p>\n\n\n\n<p>Primeira Leitura:&nbsp;<strong>G\u00eanesis 46,1-7.28-30<\/strong><\/p>\n\n\n\n<p>Leitura do livro do G\u00eanesis \u2013 Naqueles dias,&nbsp;<sup>1<\/sup>Israel partiu com tudo o que tinha. Ao chegar a Bersabeia, ofereceu sacrif\u00edcios ao Deus de seu pai, Isaac.&nbsp;<sup>2<\/sup>Deus falou a Israel em vis\u00e3o noturna, dizendo-lhe: \u201cJac\u00f3! Jac\u00f3!\u201d Ele respondeu: \u201cAqui estou!\u201d&nbsp;<sup>3<\/sup>E Deus lhe falou: \u201cEu sou Deus, o Deus de teu pai: n\u00e3o tenhas medo de descer ao Egito, pois l\u00e1 farei de ti uma grande na\u00e7\u00e3o.&nbsp;<sup>4<\/sup>Eu mesmo descerei contigo ao Egito e te reconduzirei de l\u00e1 quando voltares; e \u00e9 Jos\u00e9 que te fechar\u00e1 os olhos\u201d.&nbsp;<sup>5<\/sup>Jac\u00f3 levantou-se e deixou Bersabeia, e seus filhos o puseram, com as crian\u00e7as e as mulheres, sobre os carros que o fara\u00f3 enviara para os transportar.&nbsp;<sup>6<\/sup>Levaram, tamb\u00e9m, tudo o que possu\u00edam na terra de Cana\u00e3; e foram para o Egito Jac\u00f3 com toda a sua fam\u00edlia,&nbsp;<sup>7<\/sup>com seus filhos e netos, suas filhas e toda a sua descend\u00eancia.&nbsp;<sup>28<\/sup>Jac\u00f3 enviou Jud\u00e1 na frente para avisar Jos\u00e9 e faz\u00ea-lo vir ao seu encontro em Gessen. E chegaram \u00e0 terra de Gessen.&nbsp;<sup>29<\/sup>Jos\u00e9 mandou atrelar seu carro e subiu a Gessen ao encontro do pai. Logo que o viu, lan\u00e7ou-se ao seu pesco\u00e7o e, abra\u00e7ado a ele, chorou longamente.&nbsp;<sup>30<\/sup>Israel disse a Jos\u00e9: \u201cAgora morrerei contente, porque vi a tua face e te deixo com vida\u201d. \u2013 Palavra do Senhor.<\/p>\n\n\n\n<p>Salmo Responsorial:&nbsp;<strong>36(37)<\/strong><\/p>\n\n\n\n<p><em><strong>A salva\u00e7\u00e3o vem de Deus!<\/strong><\/em><\/p>\n\n\n\n<p>1. Confia no Senhor e faze o bem,&nbsp;\/&nbsp;e sobre a terra habitar\u00e1s em seguran\u00e7a.&nbsp;\/&nbsp;Coloca no Senhor tua alegria,&nbsp;\/&nbsp;e ele dar\u00e1 o que pedir teu cora\u00e7\u00e3o.&nbsp;\u2013 R.<\/p>\n\n\n\n<p>2. O Senhor cuida da vida dos honestos&nbsp;\/&nbsp;e sua heran\u00e7a permanece eternamente.&nbsp;\/&nbsp;N\u00e3o ser\u00e3o envergonhados nos maus dias,&nbsp;\/&nbsp;mas, nos tempos de pen\u00faria, saciados.&nbsp;\u2013 R.<\/p>\n\n\n\n<p>3. Afasta-te do mal e faze o bem,&nbsp;\/&nbsp;e ter\u00e1s tua morada para sempre.&nbsp;\/&nbsp;Porque o Senhor Deus ama a justi\u00e7a&nbsp;\/&nbsp;e jamais ele abandona os seus amigos.&nbsp;\/&nbsp;Os malfeitores h\u00e3o de ser exterminados,&nbsp;\/&nbsp;e a descend\u00eancia dos malvados destru\u00edda.&nbsp;\u2013 R.<\/p>\n\n\n\n<p>4. A salva\u00e7\u00e3o dos piedosos vem de Deus;&nbsp;\/&nbsp;ele os protege nos momentos de afli\u00e7\u00e3o.&nbsp;\/&nbsp;O Senhor lhes d\u00e1 ajuda e os liberta,&nbsp;\u2020&nbsp;defende-os e protege-os contra os \u00edmpios,&nbsp;\/&nbsp;e os guarda porque nele confiaram.&nbsp;\u2013 R.<\/p>\n\n\n\n<p>Evangelho:&nbsp;<strong>Mateus 10,16-23<\/strong><\/p>\n\n\n\n<p><strong><em>Aleluia, aleluia, aleluia.<\/em><\/strong><\/p>\n\n\n\n<p><strong>Quando o Par\u00e1clito vier, o Esp\u00edrito da verdade,&nbsp;\/&nbsp;ele vos conduzir\u00e1 a toda a verdade,&nbsp;\/&nbsp;lembrar-vos-\u00e1 de tudo o que eu tenho falado (Jo 16,13; 14,26).&nbsp;\u2013 R.<\/strong><\/p>\n\n\n\n<p>Proclama\u00e7\u00e3o do Evangelho de Jesus Cristo segundo Mateus \u2013 Naquele tempo, disse Jesus aos seus disc\u00edpulos:&nbsp;<sup>16<\/sup>\u201cEis que eu vos envio como ovelhas no meio de lobos. Sede, portanto, prudentes como as serpentes e simples como as pombas.&nbsp;<sup>17<\/sup>Cuidado com os homens, porque eles vos entregar\u00e3o aos tribunais e vos a\u00e7oitar\u00e3o nas suas sinagogas.&nbsp;<sup>18<\/sup>V\u00f3s sereis levados diante de governadores e reis por minha causa, para dar testemunho diante deles e das na\u00e7\u00f5es.&nbsp;<sup>19<\/sup>Quando vos entregarem, n\u00e3o fiqueis preocupados de como falar ou do que dizer. Ent\u00e3o naquele momento vos ser\u00e1 indicado o que deveis dizer.&nbsp;<sup>20<\/sup>Com efeito, n\u00e3o sereis v\u00f3s que havereis de falar, mas, sim, o Esp\u00edrito do vosso Pai \u00e9 que falar\u00e1 atrav\u00e9s de v\u00f3s.&nbsp;<sup>21<\/sup>O irm\u00e3o entregar\u00e1 \u00e0 morte o pr\u00f3prio irm\u00e3o; o pai entregar\u00e1 o filho; os filhos se levantar\u00e3o contra seus pais e os matar\u00e3o.&nbsp;<sup>22<\/sup>V\u00f3s sereis odiados por todos por causa do meu nome. Mas quem perseverar at\u00e9 o fim, esse ser\u00e1 salvo.&nbsp;<sup>23<\/sup>Quando vos perseguirem numa cidade, fugi para outra. Em verdade vos digo, v\u00f3s n\u00e3o acabareis de percorrer as cidades de Israel antes que venha o Filho do Homem\u201d. \u2013 Palavra da salva\u00e7\u00e3o.<\/p>\n\n\n\n<p>Reflex\u00e3o:<\/p>\n\n\n\n<p><em>Jesus d\u00e1 instru\u00e7\u00f5es para a futura miss\u00e3o, n\u00e3o s\u00f3 a seus ap\u00f3stolos, mas a todos os crist\u00e3os e crist\u00e3s. O panorama \u00e9 bastante sombrio, sem deixar de ser realista. Mostra que a chegada do Reino de Deus provoca uma reviravolta na sociedade. O motivo j\u00e1 \u00e9 conhecido: s\u00e3o muitos os que n\u00e3o querem abrir m\u00e3o de seus privil\u00e9gios e de sua vida ego\u00edsta. Batem de frente contra os seguidores de Jesus que prop\u00f5em despojamento, solidariedade, partilha e aut\u00eantica vida fraterna. Do choque entre as duas maneiras de pensar e agir, nascem as persegui\u00e7\u00f5es e tribula\u00e7\u00f5es de toda esp\u00e9cie. Uma coisa, por\u00e9m, \u00e9 certa: Jesus continua presente e atuante na vida dos crist\u00e3os, dando-lhes o Esp\u00edrito Santo, que garante a palavra justa no momento certo. E aos que se mantiverem fi\u00e9is a Deus, est\u00e1 reservada a salva\u00e7\u00e3o.<\/em><\/p>\n","protected":false},"excerpt":{"rendered":"<p>Recebemos, \u00f3 Deus, a vossa miseric\u00f3rdia no meio do vosso templo. Vosso louvor se estenda, como o vosso nome, at\u00e9 os confins da terra; toda justi\u00e7a se encontra em vossas m\u00e3os (Sl 47,10s)&#8230;.<\/p>\n","protected":false},"author":2,"featured_media":20570,"comment_status":"open","ping_status":"open","sticky":false,"template":"","format":"standard","meta":[],"categories":[7],"tags":[],"_links":{"self":[{"href":"https:\/\/www.salvatorianas.org.br\/blog\/wp-json\/wp\/v2\/posts\/20569"}],"collection":[{"href":"https:\/\/www.salvatorianas.org.br\/blog\/wp-json\/wp\/v2\/posts"}],"about":[{"href":"https:\/\/www.salvatorianas.org.br\/blog\/wp-json\/wp\/v2\/types\/post"}],"author":[{"embeddable":true,"href":"https:\/\/www.salvatorianas.org.br\/blog\/wp-json\/wp\/v2\/users\/2"}],"replies":[{"embeddable":true,"href":"https:\/\/www.salvatorianas.org.br\/blog\/wp-json\/wp\/v2\/comments?post=20569"}],"version-history":[{"count":1,"href":"https:\/\/www.salvatorianas.org.br\/blog\/wp-json\/wp\/v2\/posts\/20569\/revisions"}],"predecessor-version":[{"id":20571,"href":"https:\/\/www.salvatorianas.org.br\/blog\/wp-json\/wp\/v2\/posts\/20569\/revisions\/20571"}],"wp:featuredmedia":[{"embeddable":true,"href":"https:\/\/www.salvatorianas.org.br\/blog\/wp-json\/wp\/v2\/media\/20570"}],"wp:attachment":[{"href":"https:\/\/www.salvatorianas.org.br\/blog\/wp-json\/wp\/v2\/media?parent=20569"}],"wp:term":[{"taxonomy":"category","embeddable":true,"href":"https:\/\/www.salvatorianas.org.br\/blog\/wp-json\/wp\/v2\/categories?post=20569"},{"taxonomy":"post_tag","embeddable":true,"href":"https:\/\/www.salvatorianas.org.br\/blog\/wp-json\/wp\/v2\/tags?post=20569"}],"curies":[{"name":"wp","href":"https:\/\/api.w.org\/{rel}","templated":true}]}}