{"id":20566,"date":"2023-07-13T01:05:00","date_gmt":"2023-07-13T01:05:00","guid":{"rendered":"https:\/\/www.salvatorianas.org.br\/blog\/?p=20566"},"modified":"2023-07-12T20:16:36","modified_gmt":"2023-07-12T20:16:36","slug":"14a-semana-do-tempo-comum-ano-impar-i-2","status":"publish","type":"post","link":"https:\/\/www.salvatorianas.org.br\/blog\/14a-semana-do-tempo-comum-ano-impar-i-2\/","title":{"rendered":"14\u00aa Semana do Tempo Comum, Ano \u00cdmpar (I)"},"content":{"rendered":"\n<p>Recebemos, \u00f3 Deus, a vossa miseric\u00f3rdia no meio do vosso templo. Vosso louvor se estenda, como o vosso nome, at\u00e9 os confins da terra; toda justi\u00e7a se encontra em vossas m\u00e3os (Sl 47,10s).<\/p>\n\n\n\n<p><em>Deus conduz de tal modo a hist\u00f3ria, que \u00e9 capaz de reverter o mal em bem, transformar a maldade em benef\u00edcio para uma multid\u00e3o. Diante dos desafios da vida, proponhamo-nos lembrar sempre as maravilhas do Senhor e multiplic\u00e1-las em nossa miss\u00e3o crist\u00e3 cotidiana.<\/em><\/p>\n\n\n\n<p>Primeira Leitura:&nbsp;<strong>G\u00eanesis 44,18-21.23-29; 45,1-5<\/strong><\/p>\n\n\n\n<p>Leitura do livro do G\u00eanesis \u2013 Naqueles dias,&nbsp;<sup>18<\/sup>Jud\u00e1 aproximou-se de Jos\u00e9 e, cheio de \u00e2nimo, disse: \u201cPerd\u00e3o, meu senhor, permite ao teu servo falar com toda franqueza, sem que se acenda a tua c\u00f3lera contra mim. Afinal, tu \u00e9s como um fara\u00f3!&nbsp;<sup>19<\/sup>Foi meu senhor quem perguntou a seus servos: \u2018Ainda tendes pai ou algum outro irm\u00e3o?\u2019&nbsp;<sup>20<\/sup>E n\u00f3s respondemos ao meu senhor: \u2018Temos um pai j\u00e1 velho e um menino nascido em sua velhice, cujo irm\u00e3o morreu; \u00e9 o \u00fanico filho de sua m\u00e3e que resta, e seu pai o ama com muita ternura\u2019.&nbsp;<sup>21<\/sup>E tu disseste a teus servos: \u2018Trazei-o a mim, para que eu possa v\u00ea-lo.&nbsp;<sup>23<\/sup>Se n\u00e3o vier convosco o vosso irm\u00e3o mais novo, n\u00e3o vereis mais a minha face\u2019.&nbsp;<sup>24<\/sup>Quando, pois, voltamos para junto de teu servo, nosso pai, contamos tudo o que o meu senhor tinha dito.&nbsp;<sup>25<\/sup>Mais tarde, disse-nos nosso pai: \u2018Voltai e comprai para n\u00f3s algum trigo\u2019.&nbsp;<sup>26<\/sup>E n\u00f3s lhe respondemos: \u2018N\u00e3o podemos ir, a n\u00e3o ser que o nosso irm\u00e3o mais novo v\u00e1 conosco. De outra maneira, sem ele, n\u00e3o nos podemos apresentar \u00e0quele homem\u2019.&nbsp;<sup>27<\/sup>E o teu servo, nosso pai, respondeu: \u2018Bem sabeis que minha mulher me deu apenas dois filhos.&nbsp;<sup>28<\/sup>Um deles saiu de casa e eu disse: Um animal feroz o devorou! E at\u00e9 agora n\u00e3o apareceu.&nbsp;<sup>29<\/sup>Se me levardes tamb\u00e9m este e lhe acontecer alguma desgra\u00e7a no caminho, fareis descer de desgosto meus cabelos brancos \u00e0 morada dos mortos&#8217;\u201d.&nbsp;<sup>45,1<\/sup>Ent\u00e3o Jos\u00e9 n\u00e3o p\u00f4de mais conter-se diante de todos os que o rodeavam e gritou: \u201cMandai sair toda a gente!\u201d E, assim, n\u00e3o ficou mais ningu\u00e9m com ele, quando se deu a conhecer aos irm\u00e3os.&nbsp;<sup>2<\/sup>Jos\u00e9 rompeu num choro t\u00e3o forte, que os eg\u00edpcios ouviram e toda a casa do fara\u00f3.&nbsp;<sup>3<\/sup>E Jos\u00e9 disse a seus irm\u00e3os: \u201cEu sou Jos\u00e9! Meu pai ainda vive?\u201d Mas os irm\u00e3os n\u00e3o podiam responder-lhe nada, pois foram tomados de um enorme terror.&nbsp;<sup>4<\/sup>Ele, por\u00e9m, cheio de clem\u00eancia, lhes disse: \u201cAproximai-vos de mim\u201d. Tendo-se eles aproximado, disse: \u201cEu sou Jos\u00e9, vosso irm\u00e3o, a quem vendestes para o Egito.&nbsp;<sup>5<\/sup>Entretanto, n\u00e3o vos aflijais nem vos atormenteis por me terdes vendido a este pa\u00eds. Porque foi para a vossa salva\u00e7\u00e3o que Deus me mandou adiante de v\u00f3s, para o Egito\u201d. \u2013 Palavra do Senhor.<\/p>\n\n\n\n<p>Salmo Responsorial:&nbsp;<strong>104(105)<\/strong><\/p>\n\n\n\n<p><em><strong>Lembrai as maravilhas do Senhor!<\/strong><\/em><\/p>\n\n\n\n<p>1. Mandou vir, ent\u00e3o, a fome sobre a terra&nbsp;\/&nbsp;e os privou de todo p\u00e3o que os sustentava;&nbsp;\/&nbsp;um homem enviara \u00e0 sua frente,&nbsp;\/&nbsp;Jos\u00e9, que foi vendido como escravo.&nbsp;\u2013 R.<\/p>\n\n\n\n<p>2. Apertaram os seus p\u00e9s entre grilh\u00f5es&nbsp;\/&nbsp;e amarraram seu pesco\u00e7o com correntes,&nbsp;\/&nbsp;at\u00e9 que se cumprisse o que previra,&nbsp;\/&nbsp;e a palavra do Senhor lhe deu raz\u00e3o.&nbsp;\u2013 R.<\/p>\n\n\n\n<p>3. Ordenou, ent\u00e3o, o rei que o libertassem,&nbsp;\/&nbsp;o soberano das na\u00e7\u00f5es mandou solt\u00e1-lo;&nbsp;\/&nbsp;fez dele o senhor de sua casa,&nbsp;\/&nbsp;e de todos os seus bens o despenseiro.&nbsp;\u2013 R.<\/p>\n\n\n\n<p>Evangelho:&nbsp;<strong>Mateus 10,7-15<\/strong><\/p>\n\n\n\n<p><strong><em>Aleluia, aleluia, aleluia.<\/em><\/strong><\/p>\n\n\n\n<p><strong>Convertei-vos e crede no Evangelho,&nbsp;\/&nbsp;pois o Reino de Deus est\u00e1 chegando! (Mc 1,15)&nbsp;\u2013 R.<\/strong><\/p>\n\n\n\n<p>Proclama\u00e7\u00e3o do Evangelho de Jesus Cristo segundo Mateus \u2013 Naquele tempo, disse Jesus aos seus disc\u00edpulos:&nbsp;<sup>7<\/sup>\u201cEm vosso caminho, anunciai: \u2018O Reino dos C\u00e9us est\u00e1 pr\u00f3ximo\u2019.&nbsp;<sup>8<\/sup>Curai os doentes, ressuscitai os mortos, purificai os leprosos, expulsai os dem\u00f4nios. De gra\u00e7a recebestes, de gra\u00e7a deveis dar!&nbsp;<sup>9<\/sup>N\u00e3o leveis ouro, nem prata, nem dinheiro nos vossos cintos;&nbsp;<sup>10<\/sup>nem sacola para o caminho, nem duas t\u00fanicas, nem sand\u00e1lias, nem bast\u00e3o, porque o oper\u00e1rio tem direito ao seu sustento.&nbsp;<sup>11<\/sup>Em qualquer cidade ou povoado onde entrardes, informai-vos para saber quem ali seja digno. Hospedai-vos com ele at\u00e9 a vossa partida.&nbsp;<sup>12<\/sup>Ao entrardes numa casa, saudai-a.&nbsp;<sup>13<\/sup>Se a casa for digna, des\u00e7a sobre ela a vossa paz; se ela n\u00e3o for digna, volte para v\u00f3s a vossa paz.&nbsp;<sup>14<\/sup>Se algu\u00e9m n\u00e3o vos receber nem escutar vossa palavra, sa\u00ed daquela casa ou daquela cidade e sacudi a poeira dos vossos p\u00e9s.&nbsp;<sup>15<\/sup>Em verdade vos digo, as cidades de Sodoma e Gomorra ser\u00e3o tratadas com menos dureza do que aquela cidade, no dia do ju\u00edzo\u201d. \u2013 Palavra da salva\u00e7\u00e3o.<\/p>\n\n\n\n<p>Reflex\u00e3o:<\/p>\n\n\n\n<p><em>Ao orientar seus ap\u00f3stolos para a miss\u00e3o, Jesus destaca o que considera importante. N\u00e3o lhes apresenta uma lista de coisas para levar; antes, os convida a partirem despojados e livres: sem dinheiro, sem sacola e s\u00f3 com a roupa indispens\u00e1vel. O objetivo \u00e9 passar por toda parte anunciando que o Reino de Deus est\u00e1 pr\u00f3ximo, isto \u00e9, j\u00e1 est\u00e1 presente. Devem procurar hospedar-se em casa de pessoas confi\u00e1veis. Ser portadores da paz. Libertar as pessoas de tudo o que as oprime (dem\u00f4nios), ressuscitar os mortos e curar os enfermos. Jesus lhes d\u00e1 a entender que encontrar\u00e3o resist\u00eancia, pois nem todos est\u00e3o abertos ao projeto de Deus. N\u00e3o devem, por cobi\u00e7a, aproveitar-se do poder recebido, ao contr\u00e1rio, devem fazer tudo gratuitamente, pois tudo \u00e9 dom de Deus.<\/em><\/p>\n","protected":false},"excerpt":{"rendered":"<p>Recebemos, \u00f3 Deus, a vossa miseric\u00f3rdia no meio do vosso templo. Vosso louvor se estenda, como o vosso nome, at\u00e9 os confins da terra; toda justi\u00e7a se encontra em vossas m\u00e3os (Sl 47,10s)&#8230;.<\/p>\n","protected":false},"author":2,"featured_media":20567,"comment_status":"open","ping_status":"open","sticky":false,"template":"","format":"standard","meta":[],"categories":[7],"tags":[],"_links":{"self":[{"href":"https:\/\/www.salvatorianas.org.br\/blog\/wp-json\/wp\/v2\/posts\/20566"}],"collection":[{"href":"https:\/\/www.salvatorianas.org.br\/blog\/wp-json\/wp\/v2\/posts"}],"about":[{"href":"https:\/\/www.salvatorianas.org.br\/blog\/wp-json\/wp\/v2\/types\/post"}],"author":[{"embeddable":true,"href":"https:\/\/www.salvatorianas.org.br\/blog\/wp-json\/wp\/v2\/users\/2"}],"replies":[{"embeddable":true,"href":"https:\/\/www.salvatorianas.org.br\/blog\/wp-json\/wp\/v2\/comments?post=20566"}],"version-history":[{"count":1,"href":"https:\/\/www.salvatorianas.org.br\/blog\/wp-json\/wp\/v2\/posts\/20566\/revisions"}],"predecessor-version":[{"id":20568,"href":"https:\/\/www.salvatorianas.org.br\/blog\/wp-json\/wp\/v2\/posts\/20566\/revisions\/20568"}],"wp:featuredmedia":[{"embeddable":true,"href":"https:\/\/www.salvatorianas.org.br\/blog\/wp-json\/wp\/v2\/media\/20567"}],"wp:attachment":[{"href":"https:\/\/www.salvatorianas.org.br\/blog\/wp-json\/wp\/v2\/media?parent=20566"}],"wp:term":[{"taxonomy":"category","embeddable":true,"href":"https:\/\/www.salvatorianas.org.br\/blog\/wp-json\/wp\/v2\/categories?post=20566"},{"taxonomy":"post_tag","embeddable":true,"href":"https:\/\/www.salvatorianas.org.br\/blog\/wp-json\/wp\/v2\/tags?post=20566"}],"curies":[{"name":"wp","href":"https:\/\/api.w.org\/{rel}","templated":true}]}}