{"id":20559,"date":"2023-07-10T00:27:00","date_gmt":"2023-07-10T00:27:00","guid":{"rendered":"https:\/\/www.salvatorianas.org.br\/blog\/?p=20559"},"modified":"2023-07-07T20:28:38","modified_gmt":"2023-07-07T20:28:38","slug":"14a-semana-do-tempo-comum-ano-impar-i","status":"publish","type":"post","link":"https:\/\/www.salvatorianas.org.br\/blog\/14a-semana-do-tempo-comum-ano-impar-i\/","title":{"rendered":"14\u00aa Semana do Tempo Comum, Ano \u00cdmpar (I)"},"content":{"rendered":"\n<p>Recebemos, \u00f3 Deus, a vossa miseric\u00f3rdia no meio do vosso templo. Vosso louvor se estenda, como o vosso nome, at\u00e9 os confins da terra; toda justi\u00e7a se encontra em vossas m\u00e3os (Sl 47,10s).<\/p>\n\n\n\n<p><em>Por suas promessas, que passam de pai para filho, Deus vai alimentando de sonhos e esperan\u00e7as a caminhada do seu povo. Tocados, dia a dia, por seu amor, entoemos nesta liturgia: \u201cSois meu ref\u00fagio e prote\u00e7\u00e3o, sois o meu Deus, no qual confio inteiramente\u201d.<\/em><\/p>\n\n\n\n<p>Primeira Leitura:&nbsp;<strong>G\u00eanesis 28,10-22<\/strong><\/p>\n\n\n\n<p>Leitura do livro do G\u00eanesis \u2013 Naqueles dias,&nbsp;<sup>10<\/sup>Jac\u00f3 saiu de Bersabeia e dirigiu-se a Har\u00e3.&nbsp;<sup>11<\/sup>Chegando a certo lugar, quis passar ali a noite, pois o sol j\u00e1 se havia posto. Tomou uma das pedras do lugar, fez dela travesseiro e ali mesmo adormeceu.&nbsp;<sup>12<\/sup>E viu em sonho uma escada apoiada no ch\u00e3o, com a outra ponta tocando o c\u00e9u e os anjos de Deus subindo e descendo por ela.&nbsp;<sup>13<\/sup>No alto da escada estava o Senhor, que lhe dizia: \u201cEu sou o Senhor, Deus de Abra\u00e3o, teu pai, e Deus de Isaac; darei a ti e \u00e0 tua descend\u00eancia a terra em que dormes.&nbsp;<sup>14<\/sup>A tua descend\u00eancia ser\u00e1 como o p\u00f3 da terra, e te expandir\u00e1s para o ocidente e o oriente, para o norte e para o sul. Em ti e em tua descend\u00eancia ser\u00e3o aben\u00e7oadas todas as na\u00e7\u00f5es da terra.&nbsp;<sup>15<\/sup>Estou contigo e te guardarei aonde quer que v\u00e1s, e te reconduzirei a esta terra. Nunca te abandonarei, at\u00e9 cumprir o que te prometi\u201d.&nbsp;<sup>16<\/sup>Ao despertar, Jac\u00f3 disse: \u201cSem d\u00favida, o Senhor est\u00e1 neste lugar e eu n\u00e3o sabia\u201d.&nbsp;<sup>17<\/sup>Cheio de pavor, disse: \u201cComo \u00e9 terr\u00edvel este lugar! Isto aqui s\u00f3 pode ser a casa de Deus e a porta do c\u00e9u\u201d.&nbsp;<sup>18<\/sup>Jac\u00f3 levantou-se bem cedo, tomou a pedra de que tinha feito travesseiro e colocou-a de p\u00e9 para servir de coluna sagrada, derramando \u00f3leo sobre ela.&nbsp;<sup>19<\/sup>E deu ao lugar o nome de Betel. Antes, por\u00e9m, a cidade chamava-se Luza.&nbsp;<sup>20<\/sup>Jac\u00f3 fez um voto, dizendo: \u201cSe Deus estiver comigo e me proteger nesta viagem, dando-me p\u00e3o para comer e roupa para vestir,&nbsp;<sup>21<\/sup>e se eu voltar s\u00e3o e salvo para a casa de meu pai, ent\u00e3o o Senhor ser\u00e1 o meu Deus.&nbsp;<sup>22<\/sup>E esta pedra que ergui como coluna sagrada ser\u00e1 uma \u2018morada de Deus&#8217;\u201d. \u2013 Palavra do Senhor.<\/p>\n\n\n\n<p>Salmo Responsorial:&nbsp;<strong>90(91)<\/strong><\/p>\n\n\n\n<p><em><strong>V\u00f3s sois meu Deus, no qual confio inteiramente.<\/strong><\/em><\/p>\n\n\n\n<p>1. Quem habita ao abrigo do Alt\u00edssimo&nbsp;\/&nbsp;e vive \u00e0 sombra do Senhor onipotente,&nbsp;\/&nbsp;diz ao Senhor: \u201cSois meu ref\u00fagio e prote\u00e7\u00e3o,&nbsp;\/&nbsp;sois o meu Deus, no qual confio inteiramente\u201d.&nbsp;\u2013 R.<\/p>\n\n\n\n<p>2. Do ca\u00e7ador e do seu la\u00e7o ele te livra.&nbsp;\/&nbsp;Ele te salva da palavra que destr\u00f3i.&nbsp;\/&nbsp;Com suas asas haver\u00e1 de proteger-te,&nbsp;\/&nbsp;com seu escudo e suas armas, defender-te.&nbsp;\u2013 R.<\/p>\n\n\n\n<p>3. \u201cPorque a mim se confiou, hei de livr\u00e1-lo&nbsp;\/&nbsp;e proteg\u00ea-lo, pois meu nome ele conhece.&nbsp;\/&nbsp;Ao invocar-me, hei de ouvi-lo e atend\u00ea-lo,&nbsp;\/&nbsp;e a seu lado eu estarei em suas dores.\u201d&nbsp;\u2013 R.<\/p>\n\n\n\n<p>Evangelho:&nbsp;<strong>Mateus 9,18-26<\/strong><\/p>\n\n\n\n<p><strong><em>Aleluia, aleluia, aleluia.<\/em><\/strong><\/p>\n\n\n\n<p><strong>Jesus Cristo salvador destruiu o mal e a morte;&nbsp;\/&nbsp;fez brilhar, pelo Evangelho, a luz e a vida imperec\u00edveis (2Tm 1,10).&nbsp;\u2013 R.<\/strong><\/p>\n\n\n\n<p>Proclama\u00e7\u00e3o do Evangelho de Jesus Cristo segundo Mateus \u2013&nbsp;<sup>18<\/sup>Enquanto Jesus estava falando, um chefe aproximou-se, inclinou-se profundamente diante dele e disse: \u201cMinha filha acaba de morrer. Mas vem, imp\u00f5e tua m\u00e3o sobre ela, e ela viver\u00e1\u201d.&nbsp;<sup>19<\/sup>Jesus levantou-se e o seguiu, junto com os seus disc\u00edpulos.&nbsp;<sup>20<\/sup>Nisto, uma mulher que sofria de hemorragia h\u00e1 doze anos veio por tr\u00e1s dele e tocou a barra do seu manto.&nbsp;<sup>21<\/sup>Ela pensava consigo: \u201cSe eu conseguir ao menos tocar no manto dele, ficarei curada\u201d.&nbsp;<sup>22<\/sup>Jesus voltou-se e, ao v\u00ea-la, disse: \u201cCoragem, filha! A tua f\u00e9 te salvou\u201d. E a mulher ficou curada a partir daquele instante.&nbsp;<sup>23<\/sup>Chegando \u00e0 casa do chefe, Jesus viu os tocadores de flauta e a multid\u00e3o alvoro\u00e7ada&nbsp;<sup>24<\/sup>e disse: \u201cRetirai-vos, porque a menina n\u00e3o morreu, mas est\u00e1 dormindo\u201d. E come\u00e7aram a ca\u00e7oar dele.&nbsp;<sup>25<\/sup>Quando a multid\u00e3o foi afastada, Jesus entrou, tomou a menina pela m\u00e3o, e ela se levantou.&nbsp;<sup>26<\/sup>Essa not\u00edcia espalhou-se por toda aquela regi\u00e3o. \u2013 Palavra da salva\u00e7\u00e3o.<\/p>\n\n\n\n<p>Reflex\u00e3o:<\/p>\n\n\n\n<p><em>O relato de um milagre se encaixa no relato de outro. O primeiro, a cura de uma doen\u00e7a grave; o outro, a restitui\u00e7\u00e3o da vida a uma menina morta. Em ambos os casos, duas atitudes s\u00e3o decisivas: a f\u00e9 que pede e espera, e o toque f\u00edsico de Jesus. Como em outras ocasi\u00f5es, Jesus n\u00e3o se move com base em preconceitos: deixa-se tocar pela mulher considerada impura porque sofria de hemorragia. Depois toma a pequena defunta pela m\u00e3o e a faz levantar-se. Tocar em defunto tamb\u00e9m era a\u00e7\u00e3o proibida pelas tradi\u00e7\u00f5es antigas. Aquele que \u00e9 a Vida e devolve a vida n\u00e3o pode contaminar-se tocando um cad\u00e1ver. Onde Jesus est\u00e1 presente, podem-se dispensar \u201cos flautistas e a multid\u00e3o em alvoro\u00e7o\u201d, que celebram a morte: \u201cEu sou a ressurrei\u00e7\u00e3o. Quem acredita em mim, ainda que morra, viver\u00e1\u201d (Jo 11,25).<\/em><\/p>\n","protected":false},"excerpt":{"rendered":"<p>Recebemos, \u00f3 Deus, a vossa miseric\u00f3rdia no meio do vosso templo. Vosso louvor se estenda, como o vosso nome, at\u00e9 os confins da terra; toda justi\u00e7a se encontra em vossas m\u00e3os (Sl 47,10s)&#8230;.<\/p>\n","protected":false},"author":2,"featured_media":20561,"comment_status":"open","ping_status":"open","sticky":false,"template":"","format":"standard","meta":[],"categories":[7],"tags":[],"_links":{"self":[{"href":"https:\/\/www.salvatorianas.org.br\/blog\/wp-json\/wp\/v2\/posts\/20559"}],"collection":[{"href":"https:\/\/www.salvatorianas.org.br\/blog\/wp-json\/wp\/v2\/posts"}],"about":[{"href":"https:\/\/www.salvatorianas.org.br\/blog\/wp-json\/wp\/v2\/types\/post"}],"author":[{"embeddable":true,"href":"https:\/\/www.salvatorianas.org.br\/blog\/wp-json\/wp\/v2\/users\/2"}],"replies":[{"embeddable":true,"href":"https:\/\/www.salvatorianas.org.br\/blog\/wp-json\/wp\/v2\/comments?post=20559"}],"version-history":[{"count":1,"href":"https:\/\/www.salvatorianas.org.br\/blog\/wp-json\/wp\/v2\/posts\/20559\/revisions"}],"predecessor-version":[{"id":20560,"href":"https:\/\/www.salvatorianas.org.br\/blog\/wp-json\/wp\/v2\/posts\/20559\/revisions\/20560"}],"wp:featuredmedia":[{"embeddable":true,"href":"https:\/\/www.salvatorianas.org.br\/blog\/wp-json\/wp\/v2\/media\/20561"}],"wp:attachment":[{"href":"https:\/\/www.salvatorianas.org.br\/blog\/wp-json\/wp\/v2\/media?parent=20559"}],"wp:term":[{"taxonomy":"category","embeddable":true,"href":"https:\/\/www.salvatorianas.org.br\/blog\/wp-json\/wp\/v2\/categories?post=20559"},{"taxonomy":"post_tag","embeddable":true,"href":"https:\/\/www.salvatorianas.org.br\/blog\/wp-json\/wp\/v2\/tags?post=20559"}],"curies":[{"name":"wp","href":"https:\/\/api.w.org\/{rel}","templated":true}]}}