{"id":20553,"date":"2023-07-09T01:00:00","date_gmt":"2023-07-09T01:00:00","guid":{"rendered":"https:\/\/www.salvatorianas.org.br\/blog\/?p=20553"},"modified":"2023-07-07T20:26:26","modified_gmt":"2023-07-07T20:26:26","slug":"14o-domingo-do-tempo-comum-ano-a","status":"publish","type":"post","link":"https:\/\/www.salvatorianas.org.br\/blog\/14o-domingo-do-tempo-comum-ano-a\/","title":{"rendered":"14\u00ba Domingo do Tempo Comum, Ano A"},"content":{"rendered":"\n<p>Recebemos, \u00f3 Deus, a vossa miseric\u00f3rdia no meio do vosso templo. Vosso louvor se estenda, como o vosso nome, at\u00e9 os confins da terra; toda justi\u00e7a se encontra em vossas m\u00e3os (Sl 47,10s).<\/p>\n\n\n\n<p><em>Como povo pertencente a Cristo, elevemos a Deus nosso louvor e gratid\u00e3o por conceder aos pobres e humildes a sabedoria do Reino. Nesta liturgia, somos convidados a bendizer o nome de Jesus, manso e humilde de cora\u00e7\u00e3o, caminhar ao seu lado e aprender dele como tornar leve o peso de nossos fardos, bem como os de nossos irm\u00e3os e irm\u00e3s.<\/em><\/p>\n\n\n\n<p>Primeira Leitura:&nbsp;<strong>Zacarias 9,9-10<\/strong><\/p>\n\n\n\n<p>Leitura da profecia de Zacarias \u2013 Assim diz o Senhor:&nbsp;<sup>9<\/sup>\u201cExulta, cidade de Si\u00e3o! Rejubila, cidade de Jerusal\u00e9m. Eis que vem teu rei ao teu encontro; ele \u00e9 justo, ele salva; \u00e9 humilde e vem montado num jumento, um potro, cria de jumenta.&nbsp;<sup>10<\/sup>Eliminar\u00e1 os carros de Efraim, os cavalos de Jerusal\u00e9m; ele quebrar\u00e1 o arco de guerreiro, anunciar\u00e1 a paz \u00e0s na\u00e7\u00f5es. Seu dom\u00ednio se estender\u00e1 de um mar a outro mar e desde o rio at\u00e9 os confins da terra\u201d. \u2013 Palavra do Senhor.<\/p>\n\n\n\n<p>Salmo Responsorial:&nbsp;<strong>144(145)<\/strong><\/p>\n\n\n\n<p><em><strong>Bendirei, eternamente, vosso nome, \u00f3 Senhor!<\/strong><\/em><\/p>\n\n\n\n<p>1. \u00d3 meu Deus, quero exaltar-vos, \u00f3 meu rei,&nbsp;\/&nbsp;e bendizer o vosso nome pelos s\u00e9culos.&nbsp;\/&nbsp;Todos os dias haverei de bendizer-vos,&nbsp;\/&nbsp;hei de louvar o vosso nome para sempre.&nbsp;\u2013 R.<\/p>\n\n\n\n<p>2. Miseric\u00f3rdia e piedade \u00e9 o Senhor,&nbsp;\/&nbsp;ele \u00e9 amor, \u00e9 paci\u00eancia, \u00e9 compaix\u00e3o.&nbsp;\/&nbsp;O Senhor \u00e9 muito bom para com todos,&nbsp;\/&nbsp;sua ternura abra\u00e7a toda criatura.&nbsp;\u2013 R.<\/p>\n\n\n\n<p>3. Que vossas obras, \u00f3 Senhor, vos glorifiquem,&nbsp;\/&nbsp;e os vossos santos com louvores vos bendigam!&nbsp;\/&nbsp;Narrem a gl\u00f3ria e o esplendor do vosso reino&nbsp;\/&nbsp;e saibam proclamar vosso poder!&nbsp;\u2013 R.<\/p>\n\n\n\n<p>4. O Senhor \u00e9 amor fiel em sua palavra,&nbsp;\/&nbsp;\u00e9 santidade em toda obra que ele faz.&nbsp;\/&nbsp;Ele sustenta todo aquele que vacila&nbsp;\/&nbsp;e levanta todo aquele que tombou.&nbsp;\u2013 R.<\/p>\n\n\n\n<p>Segunda Leitura:&nbsp;<strong>Romanos 8,9.11-13<\/strong><\/p>\n\n\n\n<p>Leitura da carta de S\u00e3o Paulo aos Romanos \u2013 Irm\u00e3os,&nbsp;<sup>9<\/sup>v\u00f3s n\u00e3o viveis segundo a carne, mas segundo o esp\u00edrito, se realmente o Esp\u00edrito de Deus mora em v\u00f3s. Se algu\u00e9m n\u00e3o tem o Esp\u00edrito de Cristo, n\u00e3o pertence a Cristo.&nbsp;<sup>11<\/sup>E, se o Esp\u00edrito daquele que ressuscitou Jesus dentre os mortos mora em v\u00f3s, ent\u00e3o aquele que ressuscitou Jesus Cristo dentre os mortos vivificar\u00e1 tamb\u00e9m vossos corpos mortais por meio do seu Esp\u00edrito, que mora em v\u00f3s.&nbsp;<sup>12<\/sup>Portanto, irm\u00e3os, temos uma d\u00edvida, mas n\u00e3o para com a carne, para vivermos segundo a carne.&nbsp;<sup>13<\/sup>Pois, se viverdes segundo a carne, morrereis, mas se, pelo esp\u00edrito, matardes o procedimento carnal, ent\u00e3o vivereis. \u2013 Palavra do Senhor.<\/p>\n\n\n\n<p>Evangelho:&nbsp;<strong>Mateus 11,25-30<\/strong><\/p>\n\n\n\n<p><strong><em>Aleluia, aleluia, aleluia.<\/em><\/strong><\/p>\n\n\n\n<p><strong>Eu te louvo, \u00f3 Pai santo,&nbsp;\/&nbsp;Deus do c\u00e9u, Senhor da terra;&nbsp;\/&nbsp;os mist\u00e9rios do teu Reino&nbsp;\/&nbsp;aos pequenos, Pai, revelas! (Mt 11,25)&nbsp;\u2013 R.<\/strong><\/p>\n\n\n\n<p>Proclama\u00e7\u00e3o do Evangelho de Jesus Cristo segundo Mateus \u2013 Naquele tempo, Jesus p\u00f4s-se a dizer:&nbsp;<sup>25<\/sup>\u201cEu te louvo, \u00f3 Pai, Senhor do c\u00e9u e da terra, porque escondeste estas coisas aos s\u00e1bios e entendidos e as revelaste aos pequeninos.&nbsp;<sup>26<\/sup>Sim, Pai, porque assim foi do teu agrado.&nbsp;<sup>27<\/sup>Tudo me foi entregue por meu Pai, e ningu\u00e9m conhece o Filho, sen\u00e3o o Pai, e ningu\u00e9m conhece o Pai, sen\u00e3o o Filho e aquele a quem o Filho o quiser revelar.<sup>&nbsp;28<\/sup>Vinde a mim todos v\u00f3s que estais cansados e fatigados sob o peso dos vossos fardos, e eu vos darei descanso.&nbsp;<sup>29<\/sup>Tomai sobre v\u00f3s o meu jugo e aprendei de mim, porque sou manso e humilde de cora\u00e7\u00e3o, e v\u00f3s encontrareis descanso.&nbsp;<sup>30<\/sup>Pois o meu jugo \u00e9 suave e o meu fardo \u00e9 leve\u201d. \u2013 Palavra da salva\u00e7\u00e3o.<\/p>\n\n\n\n<p>Reflex\u00e3o:<\/p>\n\n\n\n<p><em>Jesus havia experimentado a resist\u00eancia dos doutores da Lei e dos fariseus. Uns e outros eram especialistas em leis, mas julgavam-se justos e superiores aos demais. Teoricamente. eles teriam melhores condi\u00e7\u00f5es para compreender as Escrituras e seguirem os ensinamentos de Jesus. A realidade, por\u00e9m, era outra. Eles se uniam e se empenhavam em silenciar a voz de Jesus e tir\u00e1-lo de circula\u00e7\u00e3o. A esse grupo se acrescentam outros l\u00edderes e dirigentes do povo. S\u00e3o os \u201cs\u00e1bios e entendidos\u201d, que se recusam a reconhecer os caminhos de Deus. N\u00e3o pretendem certamente tornar-se disc\u00edpulos de Jesus. Em contrapartida, no meio do povo simples e pobre, Jesus encontra mais f\u00e9 e maior abertura de cora\u00e7\u00e3o \u00e0 sua mensagem. \u00c9 com esses \u201cpequeninos\u201d que Jesus vai construir uma nova sociedade, o Reino de Deus.<\/em><\/p>\n","protected":false},"excerpt":{"rendered":"<p>Recebemos, \u00f3 Deus, a vossa miseric\u00f3rdia no meio do vosso templo. Vosso louvor se estenda, como o vosso nome, at\u00e9 os confins da terra; toda justi\u00e7a se encontra em vossas m\u00e3os (Sl 47,10s)&#8230;.<\/p>\n","protected":false},"author":2,"featured_media":20554,"comment_status":"open","ping_status":"open","sticky":false,"template":"","format":"standard","meta":[],"categories":[7],"tags":[],"_links":{"self":[{"href":"https:\/\/www.salvatorianas.org.br\/blog\/wp-json\/wp\/v2\/posts\/20553"}],"collection":[{"href":"https:\/\/www.salvatorianas.org.br\/blog\/wp-json\/wp\/v2\/posts"}],"about":[{"href":"https:\/\/www.salvatorianas.org.br\/blog\/wp-json\/wp\/v2\/types\/post"}],"author":[{"embeddable":true,"href":"https:\/\/www.salvatorianas.org.br\/blog\/wp-json\/wp\/v2\/users\/2"}],"replies":[{"embeddable":true,"href":"https:\/\/www.salvatorianas.org.br\/blog\/wp-json\/wp\/v2\/comments?post=20553"}],"version-history":[{"count":1,"href":"https:\/\/www.salvatorianas.org.br\/blog\/wp-json\/wp\/v2\/posts\/20553\/revisions"}],"predecessor-version":[{"id":20555,"href":"https:\/\/www.salvatorianas.org.br\/blog\/wp-json\/wp\/v2\/posts\/20553\/revisions\/20555"}],"wp:featuredmedia":[{"embeddable":true,"href":"https:\/\/www.salvatorianas.org.br\/blog\/wp-json\/wp\/v2\/media\/20554"}],"wp:attachment":[{"href":"https:\/\/www.salvatorianas.org.br\/blog\/wp-json\/wp\/v2\/media?parent=20553"}],"wp:term":[{"taxonomy":"category","embeddable":true,"href":"https:\/\/www.salvatorianas.org.br\/blog\/wp-json\/wp\/v2\/categories?post=20553"},{"taxonomy":"post_tag","embeddable":true,"href":"https:\/\/www.salvatorianas.org.br\/blog\/wp-json\/wp\/v2\/tags?post=20553"}],"curies":[{"name":"wp","href":"https:\/\/api.w.org\/{rel}","templated":true}]}}