{"id":20549,"date":"2023-07-08T01:05:00","date_gmt":"2023-07-08T01:05:00","guid":{"rendered":"https:\/\/www.salvatorianas.org.br\/blog\/?p=20549"},"modified":"2023-07-07T20:25:15","modified_gmt":"2023-07-07T20:25:15","slug":"13a-semana-do-tempo-comum-ano-impar-i","status":"publish","type":"post","link":"https:\/\/www.salvatorianas.org.br\/blog\/13a-semana-do-tempo-comum-ano-impar-i\/","title":{"rendered":"13\u00aa Semana do Tempo Comum, Ano \u00cdmpar (I)"},"content":{"rendered":"\n<p>Povos todos, aplaudi e aclamai a Deus com brados de alegria (Sl 46,2).<\/p>\n\n\n\n<p><em>Deus se serve at\u00e9 mesmo das reprov\u00e1veis artimanhas humanas para levar a bom termo sua obra salvadora. A liturgia nos convida a deixar de lado as velhas mentalidades a fim de renovarmos nossa ades\u00e3o a Jesus, esposo da Igreja, como d\u00f3ceis ovelhas de seu rebanho.<\/em><\/p>\n\n\n\n<p>Primeira Leitura:&nbsp;<strong>G\u00eanesis 27,1-5.15-29<\/strong><\/p>\n\n\n\n<p>Leitura do livro do G\u00eanesis \u2013&nbsp;<sup>1<\/sup>Quando Isaac ficou velho, seus olhos enfraqueceram e j\u00e1 n\u00e3o podia ver. Chamou, ent\u00e3o, o filho mais velho, Esa\u00fa, e lhe disse: \u201cMeu filho!\u201d Este respondeu: \u201cAqui estou!\u201d&nbsp;<sup>2<\/sup>Disse-lhe o pai: \u201cComo v\u00eas, j\u00e1 estou velho e n\u00e3o sei qual ser\u00e1 o dia da minha morte.&nbsp;<sup>3<\/sup>Toma as tuas armas, as flechas e o arco, e sai para o campo. Se apanhares alguma ca\u00e7a, prepara-me um assado saboroso,&nbsp;<sup>4<\/sup>como sabes que eu gosto, e traze-o para que o coma e assim te dar a b\u00ean\u00e7\u00e3o antes de morrer\u201d.&nbsp;<sup>5<\/sup>Rebeca escutava o que Isaac dizia a seu filho Esa\u00fa. Esa\u00fa saiu para o campo \u00e0 procura de ca\u00e7a para o pai.&nbsp;<sup>15<\/sup>Rebeca tomou, ent\u00e3o, as melhores roupas que o filho mais velho tinha em casa e vestiu com elas o filho mais novo, Jac\u00f3.&nbsp;<sup>16<\/sup>Cobriu-lhe as m\u00e3os e a parte lisa do pesco\u00e7o com peles de cabrito.&nbsp;<sup>17<\/sup>P\u00f4s nas m\u00e3os do filho Jac\u00f3 o assado e o p\u00e3o que havia preparado.&nbsp;<sup>18<\/sup>Este levou-os ao pai, dizendo: \u201cMeu pai!\u201d \u201cEstou ouvindo\u201d, respondeu Isaac. \u201cQuem \u00e9s tu, meu filho?\u201d&nbsp;<sup>19<\/sup>E disse Jac\u00f3 a seu pai: \u201cEu sou Esa\u00fa, teu filho primog\u00eanito; fiz como me ordenaste. Levanta-te, senta-te e come da minha ca\u00e7a, para me aben\u00e7oares\u201d.&nbsp;<sup>20<\/sup>Isaac replicou-lhe: \u201cComo conseguiste achar assim depressa, meu filho?\u201d Ele respondeu: \u201c\u00c9 o Senhor teu Deus que fez que isso acontecesse\u201d.&nbsp;<sup>21<\/sup>Isaac disse a Jac\u00f3: \u201cVem c\u00e1, meu filho, para que eu te apalpe e veja se \u00e9s ou n\u00e3o meu filho Esa\u00fa\u201d.&nbsp;<sup>22<\/sup>Jac\u00f3 achegou-se a seu pai, Isaac, que o apalpou e disse: \u201cA voz \u00e9 a voz de Jac\u00f3, mas as m\u00e3os s\u00e3o as m\u00e3os de Esa\u00fa\u201d.&nbsp;<sup>23<\/sup>E n\u00e3o o reconheceu, pois suas m\u00e3os estavam peludas como as do seu filho Esa\u00fa. Ent\u00e3o, decidiu aben\u00e7o\u00e1-lo.&nbsp;<sup>24<\/sup>Perguntou-lhe ainda: \u201cTu \u00e9s, de fato, meu filho Esa\u00fa?\u201d Ele respondeu: \u201cSou\u201d.&nbsp;<sup>25<\/sup>Isaac continuou: \u201cMeu filho, serve-me da tua ca\u00e7a para eu comer e te aben\u00e7oar\u201d. Jac\u00f3 serviu-o e ele comeu; trouxe-lhe depois vinho e ele bebeu.&nbsp;<sup>26<\/sup>Disse-lhe ent\u00e3o seu pai, Isaac: \u201cAproxima-te, meu filho, e beija-me\u201d.&nbsp;<sup>27<\/sup>Jac\u00f3 aproximou-se e o beijou. Quando Isaac sentiu o cheiro das suas roupas, aben\u00e7oou-o, dizendo: \u201cEste \u00e9 o cheiro do meu filho: \u00e9 como o aroma de um campo f\u00e9rtil que o Senhor aben\u00e7oou!&nbsp;<sup>28<\/sup>Que Deus te conceda o orvalho do c\u00e9u e a fertilidade da terra, a abund\u00e2ncia de trigo e de vinho.&nbsp;<sup>29<\/sup>Que os povos te sirvam e se prostrem as na\u00e7\u00f5es em tua presen\u00e7a. S\u00ea o senhor de teus irm\u00e3os, e diante de ti se inclinem os filhos de tua m\u00e3e. Maldito seja quem te amaldi\u00e7oar, e quem te aben\u00e7oar seja bendito!\u201d \u2013 Palavra do Senhor.<\/p>\n\n\n\n<p>Salmo Responsorial:&nbsp;<strong>134(135)<\/strong><\/p>\n\n\n\n<p><em><strong>Louvai o Senhor, porque \u00e9 bom!<\/strong><\/em><\/p>\n\n\n\n<p>1. Louvai o Senhor, bendizei-o;&nbsp;\/&nbsp;louvai o Senhor, servos seus,&nbsp;\/&nbsp;que celebrais o louvor em seu templo&nbsp;\/&nbsp;e habitais junto aos \u00e1trios de Deus!&nbsp;\u2013 R.<\/p>\n\n\n\n<p>2. Louvai o Senhor, porque \u00e9 bom;&nbsp;\/&nbsp;cantai ao seu nome suave!&nbsp;\/&nbsp;Escolheu para si a Jac\u00f3,&nbsp;\/&nbsp;preferiu Israel por heran\u00e7a.&nbsp;\u2013 R.<\/p>\n\n\n\n<p>3. Eu bem sei que o Senhor \u00e9 t\u00e3o grande,&nbsp;\/&nbsp;que \u00e9 maior do que todos os deuses.&nbsp;\/&nbsp;Ele faz tudo quanto lhe agrada,&nbsp;\u2020&nbsp;nas alturas dos c\u00e9us e na terra,&nbsp;\/&nbsp;no oceano e nos fundos abismos.&nbsp;\u2013 R.<\/p>\n\n\n\n<p>Evangelho:&nbsp;<strong>Mateus 9,14-17<\/strong><\/p>\n\n\n\n<p><strong><em>Aleluia, aleluia, aleluia.<\/em><\/strong><\/p>\n\n\n\n<p><strong>Minhas ovelhas escutam minha voz,&nbsp;\/&nbsp;eu as conhe\u00e7o e elas me seguem (Jo 10,27).&nbsp;\u2013 R.<\/strong><\/p>\n\n\n\n<p>Proclama\u00e7\u00e3o do Evangelho de Jesus Cristo segundo Mateus \u2013 Naquele tempo,&nbsp;<sup>14<\/sup>os disc\u00edpulos de Jo\u00e3o aproximaram-se de Jesus e perguntaram: \u201cPor que raz\u00e3o n\u00f3s e os fariseus praticamos jejuns, mas os teus disc\u00edpulos n\u00e3o?\u201d&nbsp;<sup>15<\/sup>Disse-lhes Jesus: \u201cPor acaso, os amigos do noivo podem estar de luto enquanto o noivo est\u00e1 com eles? Dias vir\u00e3o em que o noivo ser\u00e1 tirado do meio deles. Ent\u00e3o, sim, eles jejuar\u00e3o.&nbsp;<sup>16<\/sup>Ningu\u00e9m coloca remendo de pano novo em roupa velha, porque o remendo repuxa a roupa e o rasg\u00e3o fica maior ainda.&nbsp;<sup>17<\/sup>Tamb\u00e9m n\u00e3o se coloca vinho novo em odres velhos, sen\u00e3o os odres se arrebentam, o vinho se derrama e os odres se perdem. Mas vinho novo se coloca em odres novos, e assim os dois se conservam\u201d. \u2013 Palavra da salva\u00e7\u00e3o.<\/p>\n\n\n\n<p>Reflex\u00e3o:<\/p>\n\n\n\n<p><em>Os disc\u00edpulos de Jo\u00e3o Batista v\u00e3o at\u00e9 Jesus para p\u00f4r na balan\u00e7a dois comportamentos. Eles e os fariseus jejuam, ao passo que os disc\u00edpulos de Jesus n\u00e3o jejuam. Por que n\u00e3o? Nos ouvidos dos fariseus, soavam ainda as palavras de Oseias, retomadas por Jesus: \u201cV\u00e3o e aprendam o que significa: \u2018Quero miseric\u00f3rdia e n\u00e3o sacrif\u00edcio&#8217;\u201d (Os 6,6). Agora v\u00e3o aprender uma li\u00e7\u00e3o sobre a pr\u00e1tica do jejum. Jejuar em vista de qu\u00ea? S\u00f3 para aumentar e exibir a cole\u00e7\u00e3o de boas obras como trunfo para ganhar a aprova\u00e7\u00e3o de Deus e conquistar o c\u00e9u? Mas Deus aprova antes de tudo os que ouvem o \u201cNoivo\u201d da nova comunidade (Jesus) e p\u00f5em em pr\u00e1tica suas palavras. \u00c9 o esfor\u00e7o que fazem \u201cos amigos do noivo\u201d. \u00c9 o tempo da liberta\u00e7\u00e3o para uma vida nova. Mas, na cabe\u00e7a dos fariseus, essa novidade transformadora n\u00e3o entra.<\/em><\/p>\n","protected":false},"excerpt":{"rendered":"<p>Povos todos, aplaudi e aclamai a Deus com brados de alegria (Sl 46,2). Deus se serve at\u00e9 mesmo das reprov\u00e1veis artimanhas humanas para levar a bom termo sua obra salvadora. A liturgia nos&#8230;<\/p>\n","protected":false},"author":2,"featured_media":20550,"comment_status":"open","ping_status":"open","sticky":false,"template":"","format":"standard","meta":[],"categories":[7],"tags":[],"_links":{"self":[{"href":"https:\/\/www.salvatorianas.org.br\/blog\/wp-json\/wp\/v2\/posts\/20549"}],"collection":[{"href":"https:\/\/www.salvatorianas.org.br\/blog\/wp-json\/wp\/v2\/posts"}],"about":[{"href":"https:\/\/www.salvatorianas.org.br\/blog\/wp-json\/wp\/v2\/types\/post"}],"author":[{"embeddable":true,"href":"https:\/\/www.salvatorianas.org.br\/blog\/wp-json\/wp\/v2\/users\/2"}],"replies":[{"embeddable":true,"href":"https:\/\/www.salvatorianas.org.br\/blog\/wp-json\/wp\/v2\/comments?post=20549"}],"version-history":[{"count":1,"href":"https:\/\/www.salvatorianas.org.br\/blog\/wp-json\/wp\/v2\/posts\/20549\/revisions"}],"predecessor-version":[{"id":20551,"href":"https:\/\/www.salvatorianas.org.br\/blog\/wp-json\/wp\/v2\/posts\/20549\/revisions\/20551"}],"wp:featuredmedia":[{"embeddable":true,"href":"https:\/\/www.salvatorianas.org.br\/blog\/wp-json\/wp\/v2\/media\/20550"}],"wp:attachment":[{"href":"https:\/\/www.salvatorianas.org.br\/blog\/wp-json\/wp\/v2\/media?parent=20549"}],"wp:term":[{"taxonomy":"category","embeddable":true,"href":"https:\/\/www.salvatorianas.org.br\/blog\/wp-json\/wp\/v2\/categories?post=20549"},{"taxonomy":"post_tag","embeddable":true,"href":"https:\/\/www.salvatorianas.org.br\/blog\/wp-json\/wp\/v2\/tags?post=20549"}],"curies":[{"name":"wp","href":"https:\/\/api.w.org\/{rel}","templated":true}]}}