{"id":20545,"date":"2023-07-07T01:05:00","date_gmt":"2023-07-07T01:05:00","guid":{"rendered":"https:\/\/www.salvatorianas.org.br\/blog\/?p=20545"},"modified":"2023-07-06T20:20:49","modified_gmt":"2023-07-06T20:20:49","slug":"13a-semana-do-tempo-comum-sexta-feira","status":"publish","type":"post","link":"https:\/\/www.salvatorianas.org.br\/blog\/13a-semana-do-tempo-comum-sexta-feira\/","title":{"rendered":"13\u00aa Semana do Tempo Comum | Sexta-feira"},"content":{"rendered":"\n<p>Povos todos, aplaudi e aclamai a Deus com brados de alegria (Sl 46,2).<\/p>\n\n\n\n<p><em>Crer em Deus implica duas atitudes nossas: confiar em suas promessas, mas tamb\u00e9m fazer nossa parte, colaborando com a realiza\u00e7\u00e3o das promessas divinas. A liturgia nos convida a nos reconhecermos como pecadores e nos dispormos ao seguimento fiel do Senhor.<\/em><\/p>\n\n\n\n<p>Salmo Responsorial:&nbsp;<strong>105(106)<\/strong><\/p>\n\n\n\n<p><em><strong>Dai gra\u00e7as ao Senhor, porque ele \u00e9 bom.<\/strong><\/em><\/p>\n\n\n\n<p>1. Dai gra\u00e7as ao Senhor, porque ele \u00e9 bom,&nbsp;\/&nbsp;porque eterna \u00e9 a sua miseric\u00f3rdia!&nbsp;\/&nbsp;Quem contar\u00e1 os grandes feitos do Senhor?&nbsp;\/&nbsp;Quem cantar\u00e1 todo o louvor que ele merece?&nbsp;\u2013 R.<\/p>\n\n\n\n<p>2. Felizes os que guardam seus preceitos&nbsp;\/&nbsp;e praticam a justi\u00e7a em todo o tempo!&nbsp;\/&nbsp;Lembrai-vos, \u00f3 Senhor, de mim, lembrai-vos&nbsp;\/&nbsp;pelo amor que demonstrais ao vosso povo!&nbsp;\u2013 R.<\/p>\n\n\n\n<p>3. Visitai-me com a vossa salva\u00e7\u00e3o,&nbsp;\/&nbsp;para que eu veja o bem-estar do vosso povo,&nbsp;\/&nbsp;e exulte na alegria dos eleitos,&nbsp;\/&nbsp;e me glorie com os que s\u00e3o vossa heran\u00e7a.&nbsp;\u2013 R.<\/p>\n\n\n\n<p>Segunda Leitura:&nbsp;<strong>G\u00eanesis 23,1-4.19; 24,1-8.62-67<\/strong><\/p>\n\n\n\n<p>Leitura do livro do G\u00eanesis \u2013&nbsp;<sup>1<\/sup>Sara viveu cento e vinte e sete anos&nbsp;<sup>2<\/sup>e morreu em Cariat Arbe, que \u00e9 Hebron, em Cana\u00e3. Abra\u00e3o veio fazer luto por Sara e chor\u00e1-la.&nbsp;<sup>3<\/sup>Depois, levantou-se de junto da morta e falou aos hititas:&nbsp;<sup>4<\/sup>\u201cSou um estrangeiro e h\u00f3spede no vosso meio. Cedei-me como propriedade entre v\u00f3s um lugar de sepultura, onde possa sepultar minha esposa que morreu\u201d.&nbsp;<sup>19<\/sup>Assim, Abra\u00e3o sepultou Sara, sua mulher, na caverna do campo de Macpela, em frente de Mambr\u00e9, que \u00e9 Hebron, na terra de Cana\u00e3.&nbsp;<sup>24,1<\/sup>Abra\u00e3o j\u00e1 era velho, de idade avan\u00e7ada, e o Senhor o havia aben\u00e7oado em tudo.&nbsp;<sup>2<\/sup>Abra\u00e3o disse ao servo mais antigo da sua casa, administrador de todos os seus bens: \u201cP\u00f5e a m\u00e3o debaixo da minha coxa&nbsp;<sup>3<\/sup>e jura-me pelo Senhor, Deus do c\u00e9u e da terra, que n\u00e3o escolher\u00e1s para meu filho uma mulher entre as filhas dos cananeus, no meio dos quais eu moro;&nbsp;<sup>4<\/sup>mas tu ir\u00e1s \u00e0 minha terra natal, buscar entre os meus parentes uma mulher para o meu filho Isaac\u201d.&nbsp;<sup>5<\/sup>E o servo respondeu: \u201cE se a mulher n\u00e3o quiser vir comigo para esta terra, deverei levar teu filho para a terra de onde sa\u00edste?\u201d&nbsp;<sup>6<\/sup>Abra\u00e3o respondeu: \u201cGuarda-te de levar meu filho de volta para l\u00e1.&nbsp;<sup>7<\/sup>O Senhor, Deus do c\u00e9u, que me tirou da casa do meu pai e da minha terra natal e que me falou e jurou, dizendo: \u2018\u00c0 tua descend\u00eancia darei esta terra\u2019, ele mesmo enviar\u00e1 seu anjo diante de ti e trar\u00e1s de l\u00e1 uma mulher para meu filho.&nbsp;<sup>8<\/sup>Por\u00e9m, se a mulher n\u00e3o quiser vir contigo, ficar\u00e1s livre deste juramento; mas de maneira alguma levar\u00e1s meu filho de volta para l\u00e1\u201d.&nbsp;<sup>62<\/sup>Isaac tinha voltado da regi\u00e3o do po\u00e7o de Laai-R\u00f3i e morava na terra do Negueb.&nbsp;<sup>63<\/sup>Ao cair da tarde, Isaac saiu para o campo a passear. Levantando os olhos, viu camelos que chegavam.&nbsp;<sup>64<\/sup>Rebeca tamb\u00e9m, erguendo os olhos, viu Isaac. Desceu do camelo&nbsp;<sup>65<\/sup>e perguntou ao servo: \u201cQuem \u00e9 aquele homem que vem pelo campo ao nosso encontro?\u201d O servo respondeu: \u201c\u00c9 o meu senhor\u201d. Ela puxou o v\u00e9u e cobriu o rosto.&nbsp;<sup>66<\/sup>Ent\u00e3o o servo contou a Isaac tudo o que tinha feito.&nbsp;<sup>67<\/sup>Ele introduziu Rebeca na tenda de Sara, sua m\u00e3e, e recebeu-a por esposa. Isaac amou-a, consolando-se assim da morte da m\u00e3e. \u2013 Palavra do Senhor.<\/p>\n\n\n\n<p>Evangelho:&nbsp;<strong>Mateus 9,9-13<\/strong><\/p>\n\n\n\n<p><strong><em>Aleluia, aleluia, aleluia.<\/em><\/strong><\/p>\n\n\n\n<p><strong>Vinde a mim, todos v\u00f3s que estais cansados,&nbsp;\/&nbsp;e descanso eu vos darei, diz o Senhor (Mt 11,28).&nbsp;\u2013 R.<\/strong><\/p>\n\n\n\n<p>Proclama\u00e7\u00e3o do Evangelho de Jesus Cristo segundo Mateus \u2013 Naquele tempo,&nbsp;<sup>9<\/sup>Jesus viu um homem, chamado Mateus, sentado na coletoria de impostos e disse-lhe: \u201cSegue-me!\u201d Ele se levantou e seguiu a Jesus.&nbsp;<sup>10<\/sup>Enquanto Jesus estava \u00e0 mesa, em casa de Mateus, vieram muitos cobradores de impostos e pecadores e sentaram-se \u00e0 mesa com Jesus e seus disc\u00edpulos.&nbsp;<sup>11<\/sup>Alguns fariseus viram isso e perguntaram aos disc\u00edpulos: \u201cPor que vosso mestre come com os cobradores de impostos e pecadores?\u201d&nbsp;<sup>12<\/sup>Jesus ouviu a pergunta e respondeu: \u201cAqueles que t\u00eam sa\u00fade n\u00e3o precisam de m\u00e9dico, mas, sim, os doentes.&nbsp;<sup>13<\/sup>Aprendei, pois, o que significa: \u2018Quero miseric\u00f3rdia e n\u00e3o sacrif\u00edcio\u2019. De fato, eu n\u00e3o vim para chamar os justos, mas os pecadores\u201d. \u2013 Palavra da salva\u00e7\u00e3o.<\/p>\n\n\n\n<p>Reflex\u00e3o:<\/p>\n\n\n\n<p><em>Por prestar servi\u00e7o aos ocupantes romanos, os cobradores de impostos eram malvistos ou mesmo desprezados pelos judeus. Jesus, que veio para oferecer a salva\u00e7\u00e3o a todos, n\u00e3o se deixa levar por esses preconceitos. Por isso chama justamente um cobrador de impostos para ser seu disc\u00edpulo. Esse modo de pensar e agir de Jesus ganha evid\u00eancia quando se disp\u00f5e a participar de uma refei\u00e7\u00e3o a que comparecem tamb\u00e9m cobradores de impostos e pecadores. Um prato cheio para os fariseus (o que faziam a\u00ed?) que censuram a atitude do Mestre por se misturar com essa gente! Jesus argumenta: os doentes \u00e9 que precisam de m\u00e9dico! \u00c0 for\u00e7a de observ\u00e2ncias, os fariseus se consideram s\u00e3os e justos: permanecem fechados \u00e0 miseric\u00f3rdia do Senhor, da qual Mateus se torna verdadeira testemunha.<\/em><\/p>\n","protected":false},"excerpt":{"rendered":"<p>Povos todos, aplaudi e aclamai a Deus com brados de alegria (Sl 46,2). Crer em Deus implica duas atitudes nossas: confiar em suas promessas, mas tamb\u00e9m fazer nossa parte, colaborando com a realiza\u00e7\u00e3o&#8230;<\/p>\n","protected":false},"author":2,"featured_media":20546,"comment_status":"open","ping_status":"open","sticky":false,"template":"","format":"standard","meta":[],"categories":[7],"tags":[],"_links":{"self":[{"href":"https:\/\/www.salvatorianas.org.br\/blog\/wp-json\/wp\/v2\/posts\/20545"}],"collection":[{"href":"https:\/\/www.salvatorianas.org.br\/blog\/wp-json\/wp\/v2\/posts"}],"about":[{"href":"https:\/\/www.salvatorianas.org.br\/blog\/wp-json\/wp\/v2\/types\/post"}],"author":[{"embeddable":true,"href":"https:\/\/www.salvatorianas.org.br\/blog\/wp-json\/wp\/v2\/users\/2"}],"replies":[{"embeddable":true,"href":"https:\/\/www.salvatorianas.org.br\/blog\/wp-json\/wp\/v2\/comments?post=20545"}],"version-history":[{"count":1,"href":"https:\/\/www.salvatorianas.org.br\/blog\/wp-json\/wp\/v2\/posts\/20545\/revisions"}],"predecessor-version":[{"id":20547,"href":"https:\/\/www.salvatorianas.org.br\/blog\/wp-json\/wp\/v2\/posts\/20545\/revisions\/20547"}],"wp:featuredmedia":[{"embeddable":true,"href":"https:\/\/www.salvatorianas.org.br\/blog\/wp-json\/wp\/v2\/media\/20546"}],"wp:attachment":[{"href":"https:\/\/www.salvatorianas.org.br\/blog\/wp-json\/wp\/v2\/media?parent=20545"}],"wp:term":[{"taxonomy":"category","embeddable":true,"href":"https:\/\/www.salvatorianas.org.br\/blog\/wp-json\/wp\/v2\/categories?post=20545"},{"taxonomy":"post_tag","embeddable":true,"href":"https:\/\/www.salvatorianas.org.br\/blog\/wp-json\/wp\/v2\/tags?post=20545"}],"curies":[{"name":"wp","href":"https:\/\/api.w.org\/{rel}","templated":true}]}}