{"id":20542,"date":"2023-07-05T01:05:52","date_gmt":"2023-07-05T01:05:52","guid":{"rendered":"https:\/\/www.salvatorianas.org.br\/blog\/?p=20542"},"modified":"2023-07-03T18:07:45","modified_gmt":"2023-07-03T18:07:45","slug":"13a-semana-do-tempo-comum-quarta-feira","status":"publish","type":"post","link":"https:\/\/www.salvatorianas.org.br\/blog\/13a-semana-do-tempo-comum-quarta-feira\/","title":{"rendered":"13\u00aa Semana do Tempo Comum | Quarta-feira"},"content":{"rendered":"\n<p>Povos todos, aplaudi e aclamai a Deus com brados de alegria (Sl 46,2).<\/p>\n\n\n\n<p><em>Deus nunca abandona seus filhos e filhas; ao contr\u00e1rio, torna as inconsequ\u00eancias humanas em caminhos para tecer projetos de vida para todos. Celebremos, pois, aquele que nos liberta de todo mal, convencidos de que \u201caos que buscam o Senhor n\u00e3o falta nada\u201d.<\/em><\/p>\n\n\n\n<p>Primeira Leitura:&nbsp;<strong>G\u00eanesis 21,5.8-20<\/strong><\/p>\n\n\n\n<p>Leitura do livro do G\u00eanesis \u2013&nbsp;<sup>5<\/sup>Abra\u00e3o tinha cem anos quando lhe nasceu o filho Isaac.&nbsp;<sup>8<\/sup>Entretanto, o menino cresceu e foi desmamado; e, no dia em que o menino foi desmamado, Abra\u00e3o deu um grande banquete.&nbsp;<sup>9<\/sup>Sara, por\u00e9m, viu o filho que a eg\u00edpcia Agar dera a Abra\u00e3o brincando com Isaac.&nbsp;<sup>10<\/sup>E disse a Abra\u00e3o: \u201cManda embora essa escrava e seu filho, pois o filho de uma escrava n\u00e3o pode ser herdeiro com o meu filho Isaac\u201d.&nbsp;<sup>11<\/sup>Abra\u00e3o ficou muito desgostoso com isso, por se tratar de um filho seu.&nbsp;<sup>12<\/sup>Mas Deus lhe disse: \u201cN\u00e3o te aflijas por causa do menino e da tua escrava. Atende a tudo o que Sara te pedir, pois \u00e9 por Isaac que uma descend\u00eancia levar\u00e1 o teu nome.&nbsp;<sup>13<\/sup>Mas do filho da escrava farei tamb\u00e9m um grande povo, por ele ser da tua ra\u00e7a\u201d.&nbsp;<sup>14<\/sup>Abra\u00e3o levantou-se de manh\u00e3, tomou p\u00e3o e um odre de \u00e1gua e os deu a Agar, colocando-os nos ombros dela; depois, entregou-lhe o menino e despediu-a. Ela foi-se embora e andou vagueando pelo deserto de Bersabeia.&nbsp;<sup>15<\/sup>Tendo acabado a \u00e1gua do odre, largou o menino debaixo de um arbusto&nbsp;<sup>16<\/sup>e foi sentar-se em frente dele, \u00e0 dist\u00e2ncia de um tiro de arco. Pois dizia consigo: \u201cN\u00e3o quero ver o menino morrer\u201d. Assim, ficou sentada defronte ao menino e p\u00f4s-se a gritar e a chorar.&nbsp;<sup>17<\/sup>Deus ouviu o grito do menino e o anjo de Deus chamou do c\u00e9u a Agar, dizendo: \u201cQue tens, Agar? N\u00e3o tenhas medo, pois Deus ouviu a voz do menino do lugar em que est\u00e1.&nbsp;<sup>18<\/sup>Levanta-te, toma o menino e segura-o bem pela m\u00e3o, porque farei dele um grande povo\u201d.&nbsp;<sup>19<\/sup>Deus abriu-lhe os olhos e ela viu um po\u00e7o de \u00e1gua. Foi ent\u00e3o encher o odre e deu de beber ao menino.&nbsp;<sup>20<\/sup>Deus estava com o menino, que cresceu e habitou no deserto, tornando-se um jovem arqueiro. \u2013 Palavra do Senhor.<\/p>\n\n\n\n<p>Salmo Responsorial:&nbsp;<strong>33(34)<\/strong><\/p>\n\n\n\n<p><em><strong>Este infeliz gritou a Deus e foi ouvido.<\/strong><\/em><\/p>\n\n\n\n<p>1. Este infeliz gritou a Deus e foi ouvido,&nbsp;\/&nbsp;e o Senhor o libertou de toda ang\u00fastia.&nbsp;\/&nbsp;O anjo do Senhor vem acampar&nbsp;\/&nbsp;ao redor dos que o temem e os salva.&nbsp;\u2013 R.<\/p>\n\n\n\n<p>2. Respeitai o Senhor Deus, seus santos todos,&nbsp;\/&nbsp;porque nada faltar\u00e1 aos que o temem.&nbsp;\/&nbsp;Os ricos empobrecem, passam fome,&nbsp;\/&nbsp;mas aos que buscam o Senhor n\u00e3o falta nada.&nbsp;\u2013 R.<\/p>\n\n\n\n<p>3. Meus filhos, vinde agora e escutai-me:&nbsp;\/&nbsp;vou ensinar-vos o temor do Senhor Deus.&nbsp;\/&nbsp;Qual o homem que n\u00e3o ama sua vida,&nbsp;\/&nbsp;procurando ser feliz todos os dias?&nbsp;\u2013 R.<\/p>\n\n\n\n<p>Evangelho:&nbsp;<strong>Mateus 8,28-34<\/strong><\/p>\n\n\n\n<p><strong><em>Aleluia, aleluia, aleluia.<\/em><\/strong><\/p>\n\n\n\n<p><strong>Deus nos gerou pela Palavra da verdade&nbsp;\/&nbsp;como as prim\u00edcias de suas criaturas (Tg 1,18).&nbsp;\u2013 R.<\/strong><\/p>\n\n\n\n<p>Proclama\u00e7\u00e3o do Evangelho de Jesus Cristo segundo Mateus \u2013 Naquele tempo,&nbsp;<sup>28<\/sup>quando Jesus chegou \u00e0 outra margem do lago, na regi\u00e3o dos gadarenos, vieram ao seu encontro dois homens possu\u00eddos pelo dem\u00f4nio, saindo dos t\u00famulos. Eram t\u00e3o violentos, que ningu\u00e9m podia passar por aquele caminho.&nbsp;<sup>29<\/sup>Eles ent\u00e3o gritaram: \u201cO que tens a ver conosco, Filho de Deus? Tu vieste aqui para nos atormentar antes do tempo?\u201d&nbsp;<sup>30<\/sup>Ora, a certa dist\u00e2ncia deles estava pastando uma grande manada de porcos.&nbsp;<sup>31<\/sup>Os dem\u00f4nios suplicavam-lhe: \u201cSe nos expulsas, manda-nos para a manada de porcos\u201d.&nbsp;<sup>32<\/sup>Jesus disse: \u201cIde\u201d. Os dem\u00f4nios sa\u00edram e foram para os porcos. E logo toda a manada atirou-se monte abaixo para dentro do mar, afogando-se nas \u00e1guas.&nbsp;<sup>33<\/sup>Os homens que guardavam os porcos fugiram e, indo at\u00e9 a cidade, contaram tudo, inclusive o caso dos possu\u00eddos pelo dem\u00f4nio.&nbsp;<sup>34<\/sup>Ent\u00e3o a cidade toda saiu ao encontro de Jesus. Quando o viram, pediram-lhe que se retirasse da regi\u00e3o deles. \u2013 Palavra da salva\u00e7\u00e3o.<\/p>\n\n\n\n<p>Reflex\u00e3o:<\/p>\n\n\n\n<p><em>Entrar em territ\u00f3rio pag\u00e3o \u00e9 sempre um desafio; n\u00e3o se sabe o que se vai enfrentar. Jesus encontra um mundo dominado por escravid\u00e3o e viol\u00eancia. A presen\u00e7a de Jesus \u00e9 s\u00e9ria amea\u00e7a contra essa deplor\u00e1vel situa\u00e7\u00e3o: \u201cVieste aqui para nos atormentar?\u201d. Entre o mal (dem\u00f4nio) e o bem (Jesus), n\u00e3o pode haver acordo. Ao dizer: \u201cse nos expulsas\u201d, os possessos sabem que Jesus tem poder sobre as for\u00e7as malignas. De fato, Jesus reverte esse quadro, derrotando os poderes do mal que agem no meio dos pag\u00e3os. Ao perder seus rebanhos, os gadarenos ficam zangados com Jesus e o afastam como indesej\u00e1vel. \u00c9 o engano de quem valoriza mais os bens materiais do que a vida humana. Outra aplica\u00e7\u00e3o: nosso interior \u00e9 um espa\u00e7o ainda desconhecido, povoado de \u201cdem\u00f4nios\u201d que precisam ser expulsos para sermos salvos plenamente.<\/em><\/p>\n","protected":false},"excerpt":{"rendered":"<p>Povos todos, aplaudi e aclamai a Deus com brados de alegria (Sl 46,2). Deus nunca abandona seus filhos e filhas; ao contr\u00e1rio, torna as inconsequ\u00eancias humanas em caminhos para tecer projetos de vida&#8230;<\/p>\n","protected":false},"author":2,"featured_media":20543,"comment_status":"open","ping_status":"open","sticky":false,"template":"","format":"standard","meta":[],"categories":[7],"tags":[],"_links":{"self":[{"href":"https:\/\/www.salvatorianas.org.br\/blog\/wp-json\/wp\/v2\/posts\/20542"}],"collection":[{"href":"https:\/\/www.salvatorianas.org.br\/blog\/wp-json\/wp\/v2\/posts"}],"about":[{"href":"https:\/\/www.salvatorianas.org.br\/blog\/wp-json\/wp\/v2\/types\/post"}],"author":[{"embeddable":true,"href":"https:\/\/www.salvatorianas.org.br\/blog\/wp-json\/wp\/v2\/users\/2"}],"replies":[{"embeddable":true,"href":"https:\/\/www.salvatorianas.org.br\/blog\/wp-json\/wp\/v2\/comments?post=20542"}],"version-history":[{"count":1,"href":"https:\/\/www.salvatorianas.org.br\/blog\/wp-json\/wp\/v2\/posts\/20542\/revisions"}],"predecessor-version":[{"id":20544,"href":"https:\/\/www.salvatorianas.org.br\/blog\/wp-json\/wp\/v2\/posts\/20542\/revisions\/20544"}],"wp:featuredmedia":[{"embeddable":true,"href":"https:\/\/www.salvatorianas.org.br\/blog\/wp-json\/wp\/v2\/media\/20543"}],"wp:attachment":[{"href":"https:\/\/www.salvatorianas.org.br\/blog\/wp-json\/wp\/v2\/media?parent=20542"}],"wp:term":[{"taxonomy":"category","embeddable":true,"href":"https:\/\/www.salvatorianas.org.br\/blog\/wp-json\/wp\/v2\/categories?post=20542"},{"taxonomy":"post_tag","embeddable":true,"href":"https:\/\/www.salvatorianas.org.br\/blog\/wp-json\/wp\/v2\/tags?post=20542"}],"curies":[{"name":"wp","href":"https:\/\/api.w.org\/{rel}","templated":true}]}}