{"id":20539,"date":"2023-07-06T01:05:00","date_gmt":"2023-07-06T01:05:00","guid":{"rendered":"https:\/\/www.salvatorianas.org.br\/blog\/?p=20539"},"modified":"2023-07-03T18:04:42","modified_gmt":"2023-07-03T18:04:42","slug":"13a-semana-do-tempo-comum-quinta-feira","status":"publish","type":"post","link":"https:\/\/www.salvatorianas.org.br\/blog\/13a-semana-do-tempo-comum-quinta-feira\/","title":{"rendered":"13\u00aa Semana do Tempo Comum | Quinta-feira"},"content":{"rendered":"\n<p>Povos todos, aplaudi e aclamai a Deus com brados de alegria (Sl 46,2).<\/p>\n\n\n\n<p><em>O Senhor olha o \u00edntimo das pessoas, suas boas inten\u00e7\u00f5es e atitudes, e vem em seu socorro na hora certa. Renovemos nosso firme prop\u00f3sito de evitar todo imobilismo na caminhada da f\u00e9 e andar sempre \u201cna presen\u00e7a de Deus\u201d.<\/em><\/p>\n\n\n\n<p>Primeira Leitura:&nbsp;<strong>G\u00eanesis 22,1-19<\/strong><\/p>\n\n\n\n<p>Leitura do livro do G\u00eanesis \u2013 Naqueles dias,&nbsp;<sup>1<\/sup>Deus p\u00f4s Abra\u00e3o \u00e0 prova. Chamando-o, disse: \u201cAbra\u00e3o!\u201d E ele respondeu: \u201cAqui estou\u201d.&nbsp;<sup>2<\/sup>E Deus disse: \u201cToma teu filho \u00fanico, Isaac, a quem tanto amas, dirige-te \u00e0 terra de Mori\u00e1 e oferece-o ali em holocausto sobre um monte que eu te indicar\u201d.&nbsp;<sup>3<\/sup>Abra\u00e3o levantou-se bem cedo, selou o jumento, tomou consigo dois dos seus servos e seu filho Isaac. Depois de ter rachado lenha para o holocausto, p\u00f4s-se a caminho, para o lugar que Deus lhe havia ordenado.&nbsp;<sup>4<\/sup>No terceiro dia, Abra\u00e3o, levantando os olhos, viu de longe o lugar.&nbsp;<sup>5<\/sup>Disse, ent\u00e3o, aos seus servos: \u201cEsperai aqui com o jumento, enquanto eu e o menino vamos at\u00e9 l\u00e1. Depois de adorarmos a Deus, voltaremos a v\u00f3s\u201d.&nbsp;<sup>6<\/sup>Abra\u00e3o tomou a lenha para o holocausto e a p\u00f4s \u00e0s costas do seu filho Isaac, enquanto ele levava o fogo e a faca. E os dois continuaram caminhando juntos.&nbsp;<sup>7<\/sup>Isaac disse a Abra\u00e3o: \u201cMeu pai\u201d. \u201cQue queres, meu filho?\u201d, respondeu ele. E o menino disse: \u201cTemos o fogo e a lenha, mas onde est\u00e1 a v\u00edtima para o holocausto?\u201d&nbsp;<sup>8<\/sup>Abra\u00e3o respondeu: \u201cDeus providenciar\u00e1 a v\u00edtima para o holocausto, meu filho\u201d. E os dois continuaram caminhando juntos.&nbsp;<sup>9<\/sup>Chegados ao lugar indicado por Deus, Abra\u00e3o ergueu um altar, colocou a lenha em cima, amarrou o filho e o p\u00f4s sobre a lenha em cima do altar.&nbsp;<sup>10<\/sup>Depois, estendeu a m\u00e3o, empunhando a faca para sacrificar o filho.&nbsp;<sup>11<\/sup>E eis que o anjo do Senhor gritou do c\u00e9u, dizendo: \u201cAbra\u00e3o! Abra\u00e3o!\u201d Ele respondeu: \u201cAqui estou!\u201d&nbsp;<sup>12<\/sup>E o anjo lhe disse: \u201cN\u00e3o estendas a m\u00e3o contra teu filho e n\u00e3o lhe fa\u00e7as nenhum mal! Agora sei que temes a Deus, pois n\u00e3o me recusaste teu filho \u00fanico\u201d.&nbsp;<sup>13<\/sup>Abra\u00e3o, erguendo os olhos, viu um carneiro preso num espinheiro pelos chifres; foi busc\u00e1-lo e ofereceu-o em holocausto no lugar do seu filho.&nbsp;<sup>14<\/sup>Abra\u00e3o passou a chamar aquele lugar: \u201cO Senhor providenciar\u00e1\u201d. Donde at\u00e9 hoje se diz: \u201cO monte onde o Senhor providenciar\u00e1\u201d.&nbsp;<sup>15<\/sup>O anjo do Senhor chamou Abra\u00e3o, pela segunda vez, do c\u00e9u&nbsp;<sup>16<\/sup>e lhe disse: \u201cJuro por mim mesmo \u2013 or\u00e1culo do Senhor -, uma vez que agiste deste modo e n\u00e3o me recusaste teu filho \u00fanico,&nbsp;<sup>17<\/sup>eu te aben\u00e7oarei e tornarei t\u00e3o numerosa tua descend\u00eancia como as estrelas do c\u00e9u e como as areias da praia do mar. Teus descendentes conquistar\u00e3o as cidades dos inimigos.&nbsp;<sup>18<\/sup>Por tua descend\u00eancia ser\u00e3o aben\u00e7oadas todas as na\u00e7\u00f5es da terra, porque me obedeceste\u201d.&nbsp;<sup>19<\/sup>Abra\u00e3o tornou para junto dos seus servos, e, juntos, puseram-se a caminho de Bersabeia, onde Abra\u00e3o passou a morar. \u2013 Palavra do Senhor.<\/p>\n\n\n\n<p>Salmo Responsorial:&nbsp;<strong>114(115)<\/strong><\/p>\n\n\n\n<p><em><strong>Andarei na presen\u00e7a de Deus,&nbsp;\/&nbsp;junto a ele na terra dos vivos.<\/strong><\/em><\/p>\n\n\n\n<p>1. Eu amo o Senhor, porque ouve&nbsp;\/&nbsp;o grito da minha ora\u00e7\u00e3o.&nbsp;\/&nbsp;Inclinou para mim seu ouvido&nbsp;\/&nbsp;no dia em que eu o invoquei.&nbsp;\u2013 R.<\/p>\n\n\n\n<p>2. Prendiam-me as cordas da morte,&nbsp;\u2020&nbsp;apertavam-me os la\u00e7os do abismo;&nbsp;\/&nbsp;invadiam-me ang\u00fastia e tristeza,&nbsp;\/&nbsp;eu ent\u00e3o invoquei o Senhor:&nbsp;\/&nbsp;\u201cSalvai, \u00f3 Senhor, minha vida!\u201d&nbsp;\u2013 R.<\/p>\n\n\n\n<p>3. O Senhor \u00e9 justi\u00e7a e bondade,&nbsp;\/&nbsp;nosso Deus \u00e9 amor-compaix\u00e3o.&nbsp;\/&nbsp;\u00c9 o Senhor quem defende os humildes:&nbsp;\/&nbsp;eu estava oprimido, e salvou-me.&nbsp;\u2013 R.<\/p>\n\n\n\n<p>4. Libertou minha vida da morte,&nbsp;\u2020&nbsp;enxugou de meus olhos o pranto&nbsp;\/&nbsp;e livrou os meus p\u00e9s do trope\u00e7o.&nbsp;\/&nbsp;Andarei na presen\u00e7a de Deus,&nbsp;\/&nbsp;junto a ele na terra dos vivos.&nbsp;\u2013 R.<\/p>\n\n\n\n<p>Evangelho:&nbsp;<strong>Mateus 9,1-8<\/strong><\/p>\n\n\n\n<p><strong><em>Aleluia, aleluia, aleluia.<\/em><\/strong><\/p>\n\n\n\n<p><strong>Em Cristo, Deus reconciliou consigo mesmo a humanidade;&nbsp;\/&nbsp;e a n\u00f3s ele entregou essa reconcilia\u00e7\u00e3o (2Cor 5,19).&nbsp;\u2013 R.<\/strong><\/p>\n\n\n\n<p>Proclama\u00e7\u00e3o do Evangelho de Jesus Cristo segundo Mateus \u2013 Naquele tempo,&nbsp;<sup>1<\/sup>entrando em um barco, Jesus atravessou para a outra margem do lago e foi para a sua cidade.&nbsp;<sup>2<\/sup>Apresentaram-lhe, ent\u00e3o, um paral\u00edtico deitado numa cama. Vendo a f\u00e9 que eles tinham, Jesus disse ao paral\u00edtico: \u201cCoragem, filho, os teus pecados est\u00e3o perdoados!\u201d&nbsp;<sup>3<\/sup>Ent\u00e3o alguns mestres da Lei pensaram: \u201cEsse homem est\u00e1 blasfemando!\u201d&nbsp;<sup>4<\/sup>Mas Jesus, conhecendo os pensamentos deles, disse: \u201cPor que tendes esses maus pensamentos em vossos cora\u00e7\u00f5es?&nbsp;<sup>5<\/sup>O que \u00e9 mais f\u00e1cil, dizer: \u2018Os teus pecados est\u00e3o perdoados\u2019, ou dizer: \u2018Levanta-te e anda\u2019?&nbsp;<sup>6<\/sup>Pois bem, para que saibais que o Filho do Homem tem na terra poder para perdoar pecados\u201d \u2013 disse, ent\u00e3o, ao paral\u00edtico -, \u201clevanta-te, pega a tua cama e vai para a tua casa\u201d.&nbsp;<sup>7<\/sup>O paral\u00edtico ent\u00e3o se levantou e foi para a sua casa.&nbsp;<sup>8<\/sup>Vendo isso, a multid\u00e3o ficou com medo e glorificou a Deus, por ter dado tal poder aos homens. \u2013 Palavra da salva\u00e7\u00e3o.<\/p>\n\n\n\n<p>Reflex\u00e3o:<\/p>\n\n\n\n<p><em>Jesus se v\u00ea diante de um paral\u00edtico trazido por m\u00e3os solid\u00e1rias. Ao ver isso, valoriza-lhes a f\u00e9, mola propulsora que nos faz sair de n\u00f3s mesmos e buscar a cura, a vida, a salva\u00e7\u00e3o. Jesus nada pergunta ao paral\u00edtico; com poucas palavras, o liberta dos pecados. Desse modo, Jesus mostra claramente a natureza espiritual da sua obra no mundo onde o mal fundamental \u00e9 o pecado. Agitam-se alguns doutores da Lei, que cochicham a respeito de Jesus: \u201cEle blasfema\u201d. Jesus esclarece o equ\u00edvoco: \u201cO Filho do Homem tem na terra autoridade para perdoar pecados\u201d. E dirigindo-se ao paral\u00edtico, ordena: \u201cLevante-se\u201d. Se tem poder para perdoar pecados, tamb\u00e9m pode libertar dos males f\u00edsicos. Os doutores da Lei ficam desconcertados e mudos. As multid\u00f5es, ao inv\u00e9s, glorificam a Deus.<\/em><\/p>\n","protected":false},"excerpt":{"rendered":"<p>Povos todos, aplaudi e aclamai a Deus com brados de alegria (Sl 46,2). O Senhor olha o \u00edntimo das pessoas, suas boas inten\u00e7\u00f5es e atitudes, e vem em seu socorro na hora certa&#8230;.<\/p>\n","protected":false},"author":2,"featured_media":20540,"comment_status":"open","ping_status":"open","sticky":false,"template":"","format":"standard","meta":[],"categories":[7],"tags":[],"_links":{"self":[{"href":"https:\/\/www.salvatorianas.org.br\/blog\/wp-json\/wp\/v2\/posts\/20539"}],"collection":[{"href":"https:\/\/www.salvatorianas.org.br\/blog\/wp-json\/wp\/v2\/posts"}],"about":[{"href":"https:\/\/www.salvatorianas.org.br\/blog\/wp-json\/wp\/v2\/types\/post"}],"author":[{"embeddable":true,"href":"https:\/\/www.salvatorianas.org.br\/blog\/wp-json\/wp\/v2\/users\/2"}],"replies":[{"embeddable":true,"href":"https:\/\/www.salvatorianas.org.br\/blog\/wp-json\/wp\/v2\/comments?post=20539"}],"version-history":[{"count":1,"href":"https:\/\/www.salvatorianas.org.br\/blog\/wp-json\/wp\/v2\/posts\/20539\/revisions"}],"predecessor-version":[{"id":20541,"href":"https:\/\/www.salvatorianas.org.br\/blog\/wp-json\/wp\/v2\/posts\/20539\/revisions\/20541"}],"wp:featuredmedia":[{"embeddable":true,"href":"https:\/\/www.salvatorianas.org.br\/blog\/wp-json\/wp\/v2\/media\/20540"}],"wp:attachment":[{"href":"https:\/\/www.salvatorianas.org.br\/blog\/wp-json\/wp\/v2\/media?parent=20539"}],"wp:term":[{"taxonomy":"category","embeddable":true,"href":"https:\/\/www.salvatorianas.org.br\/blog\/wp-json\/wp\/v2\/categories?post=20539"},{"taxonomy":"post_tag","embeddable":true,"href":"https:\/\/www.salvatorianas.org.br\/blog\/wp-json\/wp\/v2\/tags?post=20539"}],"curies":[{"name":"wp","href":"https:\/\/api.w.org\/{rel}","templated":true}]}}